{"id":28756,"date":"2026-04-21T16:39:57","date_gmt":"2026-04-21T13:39:57","guid":{"rendered":"https:\/\/iletim.istanbul.edu.tr\/?p=28756"},"modified":"2026-04-21T16:42:38","modified_gmt":"2026-04-21T13:42:38","slug":"turing-yuzyillik-markalar-muzesi-gezisi-yapildi","status":"publish","type":"post","link":"https:\/\/iletim.istanbul.edu.tr\/index.php\/2026\/04\/21\/turing-yuzyillik-markalar-muzesi-gezisi-yapildi\/","title":{"rendered":"Turing Y\u00fczy\u0131ll\u0131k Markalar M\u00fczesi Gezisi Yap\u0131ld\u0131"},"content":{"rendered":"\n<p><strong>Haber: Melek \u00d6zt\u00fcrk<\/strong><\/p>\n\n\n\n<p><strong>Foto\u011fraf: Melek \u00d6zt\u00fcrk<\/strong><\/p>\n\n\n\n<p><strong>\u0130stanbul, (\u0130\u00dc Haber Merkezi) &#8211; <\/strong><strong>Turing ev sahipli\u011finde hayat bulan ve k\u00f6kl\u00fc markalar\u0131n bulundu\u011fu \u201cTuring Y\u00fczy\u0131ll\u0131k Markalar M\u00fczesi\u201d \u0130stanbul \u00dcniversitesi \u0130leti\u015fim Fak\u00fcltesi \u00f6\u011frencileri taraf\u0131ndan ziyaret edildi.<\/strong><\/p>\n\n\n\n<p>Y\u00fcz y\u0131l\u0131 a\u015fk\u0131n s\u00fcredir varl\u0131\u011f\u0131n\u0131 s\u00fcrd\u00fcren markalar\u0131n, bug\u00fcne ta\u015f\u0131d\u0131klar\u0131 marka miras\u0131n\u0131n sunuldu\u011fu Turing Y\u00fczy\u0131ll\u0131k Markalar M\u00fczesi gezisi 21 Nisan Sal\u0131 g\u00fcn\u00fc d\u00fczenlendi.<\/p>\n\n\n<div class=\"wp-block-image\">\n<figure class=\"aligncenter size-large is-resized\"><img decoding=\"async\" width=\"1024\" height=\"768\" src=\"https:\/\/iletim.istanbul.edu.tr\/wp-content\/uploads\/img-20260421-wa0012-1024x768.jpg\" alt=\"\" class=\"wp-image-28762\" style=\"width:780px;height:auto\" srcset=\"https:\/\/iletim.istanbul.edu.tr\/wp-content\/uploads\/img-20260421-wa0012-1024x768.jpg 1024w, https:\/\/iletim.istanbul.edu.tr\/wp-content\/uploads\/img-20260421-wa0012-300x225.jpg 300w, https:\/\/iletim.istanbul.edu.tr\/wp-content\/uploads\/img-20260421-wa0012-768x576.jpg 768w, https:\/\/iletim.istanbul.edu.tr\/wp-content\/uploads\/img-20260421-wa0012-1536x1152.jpg 1536w, https:\/\/iletim.istanbul.edu.tr\/wp-content\/uploads\/img-20260421-wa0012-750x563.jpg 750w, https:\/\/iletim.istanbul.edu.tr\/wp-content\/uploads\/img-20260421-wa0012-1140x855.jpg 1140w, https:\/\/iletim.istanbul.edu.tr\/wp-content\/uploads\/img-20260421-wa0012.jpg 1600w\" sizes=\"(max-width: 1024px) 100vw, 1024px\" \/><\/figure><\/div>\n\n\n<p><strong>Y\u00fczy\u0131ll\u0131k markalar ayn\u0131 \u00e7at\u0131 alt\u0131nda<\/strong><\/p>\n\n\n\n<p>Turing Y\u00fczy\u0131ll\u0131k Markalar M\u00fczesi\u2019nin T\u00fcrkiye\u2019deki y\u00fcz y\u0131ll\u0131k markalar\u0131n biriktirdikleri soyut ve somut k\u00fclt\u00fcrel miras de\u011feri ta\u015f\u0131yan eserleri, hikayeleri, deneyimleri, objeleri, belgeleri ve foto\u011fraflar\u0131 ziyaret\u00e7ilere sundu\u011fu belirtildi.&nbsp;<\/p>\n\n\n\n<figure class=\"wp-block-gallery has-nested-images columns-default is-cropped wp-block-gallery-1 is-layout-flex wp-block-gallery-is-layout-flex\">\n<figure class=\"wp-block-image size-large is-resized\"><img decoding=\"async\" width=\"768\" height=\"1024\" data-id=\"28763\" src=\"https:\/\/iletim.istanbul.edu.tr\/wp-content\/uploads\/img-20260421-wa0007-768x1024.jpg\" alt=\"\" class=\"wp-image-28763\" style=\"width:558px;height:auto\" srcset=\"https:\/\/iletim.istanbul.edu.tr\/wp-content\/uploads\/img-20260421-wa0007-768x1024.jpg 768w, https:\/\/iletim.istanbul.edu.tr\/wp-content\/uploads\/img-20260421-wa0007-225x300.jpg 225w, https:\/\/iletim.istanbul.edu.tr\/wp-content\/uploads\/img-20260421-wa0007-1152x1536.jpg 1152w, https:\/\/iletim.istanbul.edu.tr\/wp-content\/uploads\/img-20260421-wa0007-750x1000.jpg 750w, https:\/\/iletim.istanbul.edu.tr\/wp-content\/uploads\/img-20260421-wa0007-1140x1520.jpg 1140w, https:\/\/iletim.istanbul.edu.tr\/wp-content\/uploads\/img-20260421-wa0007.jpg 1200w\" sizes=\"(max-width: 768px) 100vw, 768px\" \/><\/figure>\n\n\n\n<figure class=\"wp-block-image size-large\"><img decoding=\"async\" width=\"767\" height=\"1024\" data-id=\"28758\" src=\"https:\/\/iletim.istanbul.edu.tr\/wp-content\/uploads\/img-20260421-wa0008-767x1024.jpg\" alt=\"\" class=\"wp-image-28758\" srcset=\"https:\/\/iletim.istanbul.edu.tr\/wp-content\/uploads\/img-20260421-wa0008-767x1024.jpg 767w, https:\/\/iletim.istanbul.edu.tr\/wp-content\/uploads\/img-20260421-wa0008-225x300.jpg 225w, https:\/\/iletim.istanbul.edu.tr\/wp-content\/uploads\/img-20260421-wa0008-768x1025.jpg 768w, https:\/\/iletim.istanbul.edu.tr\/wp-content\/uploads\/img-20260421-wa0008-1151x1536.jpg 1151w, https:\/\/iletim.istanbul.edu.tr\/wp-content\/uploads\/img-20260421-wa0008-750x1001.jpg 750w, https:\/\/iletim.istanbul.edu.tr\/wp-content\/uploads\/img-20260421-wa0008-1140x1521.jpg 1140w, https:\/\/iletim.istanbul.edu.tr\/wp-content\/uploads\/img-20260421-wa0008.jpg 1199w\" sizes=\"(max-width: 767px) 100vw, 767px\" \/><\/figure>\n<\/figure>\n\n\n\n<p>Y\u00fczy\u0131ll\u0131k markalar\u0131n bir arada bulundu\u011fu ilk m\u00fcze olarak a\u00e7\u0131lan Turing Y\u00fczy\u0131ll\u0131k Markalar M\u00fczesi\u2019nin; marka kavram\u0131n\u0131n devaml\u0131l\u0131k, itibar ve \u00e7e\u015fitlilik ile olan ili\u015fkisine dikkat \u00e7ekmeyi ve k\u00fclt\u00fcrel miras\u0131 gelecek nesillere markalar ba\u011flam\u0131nda aktarmay\u0131 ama\u00e7lad\u0131\u011f\u0131 ifade edildi.<\/p>\n\n\n\n<p><strong>Tarihi konak m\u00fczeye d\u00f6n\u00fc\u015ft\u00fcr\u00fcld\u00fc<\/strong><\/p>\n\n\n\n<p>Osmanl\u0131 mimarisinde yayg\u0131n olan arka bah\u00e7eli ah\u015fap konaklardan biri olarak bilinen Turing Y\u00fczy\u0131ll\u0131k Markalar M\u00fczesi\u2019ne ev sahipli\u011fi yapan Ye\u015fil Ev\u2019in, Osmanl\u0131 Reji Naz\u0131r\u0131 \u015e\u00fckr\u00fc Bey\u2019e ait oldu\u011fu aktar\u0131ld\u0131. Kona\u011f\u0131n 19. y\u00fczy\u0131l\u0131n ikinci yar\u0131s\u0131nda devlet b\u00fcy\u00fcklerinin Dolmabah\u00e7e Saray\u0131\u2019na ta\u015f\u0131nmas\u0131yla birlikte&nbsp; bo\u015f kald\u0131\u011f\u0131 ve 1977 y\u0131l\u0131nda \u00c7elik G\u00fclersoy\u2019un giri\u015fimiyle T\u00fcrkiye Turing ve Otomobil Kurumu taraf\u0131ndan m\u00fcze binas\u0131 olmas\u0131 i\u00e7in restore edildi\u011fi belirtildi. Ayasofya Hamam\u0131\u2019n\u0131n arkas\u0131nda, Topkap\u0131 Saray\u0131 ile Sultanahmet Camii aras\u0131nda yer alan 2 katl\u0131 konak formundaki yap\u0131n\u0131n, g\u00fcn\u00fcm\u00fczde Turing Y\u00fczy\u0131ll\u0131k Markalar M\u00fczesi\u2019ne ev sahipli\u011fi yapt\u0131\u011f\u0131 s\u00f6ylendi.<\/p>\n\n\n\n<p>M\u00fcze pazar ve pazartesi hari\u00e7 10.00 &#8211; 18.00 saatleri aras\u0131nda di\u011fer g\u00fcnler ziyaret edilebilir.<\/p>\n\n\n\n<p><\/p>\n\n\n<div class=\"wp-block-image\">\n<figure class=\"aligncenter size-large\"><img decoding=\"async\" width=\"1024\" height=\"688\" src=\"https:\/\/iletim.istanbul.edu.tr\/wp-content\/uploads\/img-20260421-wa0010-1024x688.jpg\" alt=\"\" class=\"wp-image-28760\" srcset=\"https:\/\/iletim.istanbul.edu.tr\/wp-content\/uploads\/img-20260421-wa0010-1024x688.jpg 1024w, https:\/\/iletim.istanbul.edu.tr\/wp-content\/uploads\/img-20260421-wa0010-300x201.jpg 300w, https:\/\/iletim.istanbul.edu.tr\/wp-content\/uploads\/img-20260421-wa0010-768x516.jpg 768w, https:\/\/iletim.istanbul.edu.tr\/wp-content\/uploads\/img-20260421-wa0010-1536x1031.jpg 1536w, https:\/\/iletim.istanbul.edu.tr\/wp-content\/uploads\/img-20260421-wa0010-750x504.jpg 750w, https:\/\/iletim.istanbul.edu.tr\/wp-content\/uploads\/img-20260421-wa0010-1140x766.jpg 1140w, https:\/\/iletim.istanbul.edu.tr\/wp-content\/uploads\/img-20260421-wa0010.jpg 1589w\" sizes=\"(max-width: 1024px) 100vw, 1024px\" \/><\/figure><\/div>\n\n<div class=\"wp-block-image\">\n<figure class=\"aligncenter size-large\"><img decoding=\"async\" width=\"1024\" height=\"768\" src=\"https:\/\/iletim.istanbul.edu.tr\/wp-content\/uploads\/img-20260421-wa0009-1024x768.jpg\" alt=\"\" class=\"wp-image-28757\" srcset=\"https:\/\/iletim.istanbul.edu.tr\/wp-content\/uploads\/img-20260421-wa0009-1024x768.jpg 1024w, https:\/\/iletim.istanbul.edu.tr\/wp-content\/uploads\/img-20260421-wa0009-300x225.jpg 300w, https:\/\/iletim.istanbul.edu.tr\/wp-content\/uploads\/img-20260421-wa0009-768x576.jpg 768w, https:\/\/iletim.istanbul.edu.tr\/wp-content\/uploads\/img-20260421-wa0009-1536x1152.jpg 1536w, https:\/\/iletim.istanbul.edu.tr\/wp-content\/uploads\/img-20260421-wa0009-750x563.jpg 750w, https:\/\/iletim.istanbul.edu.tr\/wp-content\/uploads\/img-20260421-wa0009-1140x855.jpg 1140w, https:\/\/iletim.istanbul.edu.tr\/wp-content\/uploads\/img-20260421-wa0009.jpg 1600w\" sizes=\"(max-width: 1024px) 100vw, 1024px\" \/><\/figure><\/div>\n\n<div class=\"wp-block-image\">\n<figure class=\"aligncenter size-large\"><img decoding=\"async\" width=\"1024\" height=\"683\" src=\"https:\/\/iletim.istanbul.edu.tr\/wp-content\/uploads\/img-20260421-wa0011-1024x683.jpg\" alt=\"\" class=\"wp-image-28761\" srcset=\"https:\/\/iletim.istanbul.edu.tr\/wp-content\/uploads\/img-20260421-wa0011-1024x683.jpg 1024w, https:\/\/iletim.istanbul.edu.tr\/wp-content\/uploads\/img-20260421-wa0011-300x200.jpg 300w, https:\/\/iletim.istanbul.edu.tr\/wp-content\/uploads\/img-20260421-wa0011-768x512.jpg 768w, https:\/\/iletim.istanbul.edu.tr\/wp-content\/uploads\/img-20260421-wa0011-1536x1024.jpg 1536w, https:\/\/iletim.istanbul.edu.tr\/wp-content\/uploads\/img-20260421-wa0011-750x500.jpg 750w, https:\/\/iletim.istanbul.edu.tr\/wp-content\/uploads\/img-20260421-wa0011-1140x760.jpg 1140w, https:\/\/iletim.istanbul.edu.tr\/wp-content\/uploads\/img-20260421-wa0011.jpg 1588w\" sizes=\"(max-width: 1024px) 100vw, 1024px\" \/><\/figure><\/div>","protected":false},"excerpt":{"rendered":"<p>Haber: Melek \u00d6zt\u00fcrk Foto\u011fraf: Melek \u00d6zt\u00fcrk \u0130stanbul, (\u0130\u00dc Haber Merkezi) &#8211; Turing ev sahipli\u011finde hayat bulan ve k\u00f6kl\u00fc markalar\u0131n bulundu\u011fu \u201cTuring Y\u00fczy\u0131ll\u0131k Markalar M\u00fczesi\u201d \u0130stanbul \u00dcniversitesi \u0130leti\u015fim Fak\u00fcltesi \u00f6\u011frencileri taraf\u0131ndan ziyaret edildi. Y\u00fcz y\u0131l\u0131 a\u015fk\u0131n s\u00fcredir varl\u0131\u011f\u0131n\u0131 s\u00fcrd\u00fcren markalar\u0131n, bug\u00fcne ta\u015f\u0131d\u0131klar\u0131 marka miras\u0131n\u0131n sunuldu\u011fu Turing Y\u00fczy\u0131ll\u0131k Markalar M\u00fczesi gezisi 21 Nisan Sal\u0131 g\u00fcn\u00fc d\u00fczenlendi. Y\u00fczy\u0131ll\u0131k [&hellip;]<\/p>\n","protected":false},"author":14,"featured_media":28759,"comment_status":"closed","ping_status":"open","sticky":false,"template":"","format":"standard","meta":{"jnews-multi-image_gallery":[],"jnews_single_post":{"format":"standard"},"jnews_primary_category":[],"jnews_social_meta":[],"jnews_override_counter":[],"footnotes":""},"categories":[1,30,2085,2348],"tags":[40,43,52,3349,1139,4082],"class_list":["post-28756","post","type-post","status-publish","format-standard","has-post-thumbnail","hentry","category-genel","category-kultur-sanat","category-manset-haber","category-manset-yani","tag-iletisim-fakultesi","tag-istanbul-universitesi","tag-iu-iletisim-fakultesi","tag-melek-ozturk","tag-muze","tag-turing-yuzyillik-markalar"],"_links":{"self":[{"href":"https:\/\/iletim.istanbul.edu.tr\/index.php\/wp-json\/wp\/v2\/posts\/28756","targetHints":{"allow":["GET"]}}],"collection":[{"href":"https:\/\/iletim.istanbul.edu.tr\/index.php\/wp-json\/wp\/v2\/posts"}],"about":[{"href":"https:\/\/iletim.istanbul.edu.tr\/index.php\/wp-json\/wp\/v2\/types\/post"}],"author":[{"embeddable":true,"href":"https:\/\/iletim.istanbul.edu.tr\/index.php\/wp-json\/wp\/v2\/users\/14"}],"replies":[{"embeddable":true,"href":"https:\/\/iletim.istanbul.edu.tr\/index.php\/wp-json\/wp\/v2\/comments?post=28756"}],"version-history":[{"count":2,"href":"https:\/\/iletim.istanbul.edu.tr\/index.php\/wp-json\/wp\/v2\/posts\/28756\/revisions"}],"predecessor-version":[{"id":28765,"href":"https:\/\/iletim.istanbul.edu.tr\/index.php\/wp-json\/wp\/v2\/posts\/28756\/revisions\/28765"}],"wp:featuredmedia":[{"embeddable":true,"href":"https:\/\/iletim.istanbul.edu.tr\/index.php\/wp-json\/wp\/v2\/media\/28759"}],"wp:attachment":[{"href":"https:\/\/iletim.istanbul.edu.tr\/index.php\/wp-json\/wp\/v2\/media?parent=28756"}],"wp:term":[{"taxonomy":"category","embeddable":true,"href":"https:\/\/iletim.istanbul.edu.tr\/index.php\/wp-json\/wp\/v2\/categories?post=28756"},{"taxonomy":"post_tag","embeddable":true,"href":"https:\/\/iletim.istanbul.edu.tr\/index.php\/wp-json\/wp\/v2\/tags?post=28756"}],"curies":[{"name":"wp","href":"https:\/\/api.w.org\/{rel}","templated":true}]}}