{"id":28790,"date":"2026-04-24T12:52:11","date_gmt":"2026-04-24T09:52:11","guid":{"rendered":"https:\/\/iletim.istanbul.edu.tr\/?p=28790"},"modified":"2026-04-24T12:52:12","modified_gmt":"2026-04-24T09:52:12","slug":"istanbul-universitesinde-hakimiyet-i-milliye-ve-cocuk-paneli","status":"publish","type":"post","link":"https:\/\/iletim.istanbul.edu.tr\/index.php\/2026\/04\/24\/istanbul-universitesinde-hakimiyet-i-milliye-ve-cocuk-paneli\/","title":{"rendered":"\u0130stanbul \u00dcniversitesinde H\u00e2kimiyet-i Milliye ve \u00c7ocuk Paneli"},"content":{"rendered":"\n<p><strong>Haber: Murat B\u0131\u00e7ak\u00e7\u0131<\/strong><\/p>\n\n\n\n<p><strong>Foto\u011fraf: Muhammed Akt\u0131<\/strong><\/p>\n\n\n\n<p><strong>Edit\u00f6r: Sena Sand\u0131k\u00e7\u0131&nbsp;<\/strong><\/p>\n\n\n\n<p><strong>\u0130stanbul, (\u0130\u00dc Haber Merkezi) \u2013 \u0130stanbul \u00dcniversitesi Atat\u00fcrk \u0130lkeleri ve \u0130nk\u0131lap Tarihi Enstit\u00fcs\u00fc taraf\u0131ndan H\u00e2kimiyet-i Milliye ve \u00c7ocuk paneli \u0130stanbul \u00dcniversitesi Merkez K\u00fct\u00fcphanesinde 22 Nisan \u00c7ar\u015famba g\u00fcn\u00fc Ar\u015f. G\u00f6r. Umut Dere\u2019nin moderat\u00f6rl\u00fc\u011f\u00fc ile konu\u015fmac\u0131lar Prof. Dr. Cezmi Eraslan, Prof. Dr. Serkan Tuna ve Prof. Dr. Ali \u015e\u00fckr\u00fc \u00c7oruk\u2019un kat\u0131l\u0131m\u0131yla ger\u00e7ekle\u015fti.<\/strong><\/p>\n\n\n<div class=\"wp-block-image\">\n<figure class=\"alignright size-large is-resized\"><img decoding=\"async\" width=\"768\" height=\"1024\" src=\"https:\/\/iletim.istanbul.edu.tr\/wp-content\/uploads\/img-2665-1-1-768x1024.png\" alt=\"\" class=\"wp-image-28795\" style=\"width:466px;height:auto\" srcset=\"https:\/\/iletim.istanbul.edu.tr\/wp-content\/uploads\/img-2665-1-1-768x1024.png 768w, https:\/\/iletim.istanbul.edu.tr\/wp-content\/uploads\/img-2665-1-1-225x300.png 225w, https:\/\/iletim.istanbul.edu.tr\/wp-content\/uploads\/img-2665-1-1-1152x1536.png 1152w, https:\/\/iletim.istanbul.edu.tr\/wp-content\/uploads\/img-2665-1-1-1536x2048.png 1536w, https:\/\/iletim.istanbul.edu.tr\/wp-content\/uploads\/img-2665-1-1-750x1000.png 750w, https:\/\/iletim.istanbul.edu.tr\/wp-content\/uploads\/img-2665-1-1-1140x1520.png 1140w, https:\/\/iletim.istanbul.edu.tr\/wp-content\/uploads\/img-2665-1-1-scaled.png 1920w\" sizes=\"(max-width: 768px) 100vw, 768px\" \/><\/figure><\/div>\n\n\n<p>H\u00e2kimiyet-i Milliye ve \u00c7ocuk paneli \u0130stanbul \u00dcniversitesi Merkez K\u00fct\u00fcphanesi B\u00fcy\u00fck Salonda ger\u00e7ekle\u015fti. Ar\u015f. G\u00f6r. Umut Dere\u2019nin a\u00e7\u0131l\u0131\u015f konu\u015fmas\u0131yla ba\u015flad\u0131. Prof. Dr. Cezmi Eraslan \u201cT\u00fcrkiye\u2019de Milli Hakimiyet D\u00fc\u015f\u00fcncesi ve Atat\u00fcrk\u201d, Prof. Dr. Serkan Tuna \u201c23 Nisan\u2019\u0131n Milli Bayram Olarak Kabul Edilmesi\u201d ve Prof. Dr. Ali \u015e\u00fckr\u00fc \u00c7orak \u201cCumhuriyetin \u0130lk Y\u0131llar\u0131nda Anne ve \u00c7ocu\u011fa Y\u00f6nelik Bir Uygulama \u00d6rne\u011fi: S\u00fct Damlas\u0131\u201d konular\u0131ndan bahsetti.<\/p>\n\n\n\n<p><strong>\u201cAli Suavi\u2019nin demokrasi tan\u0131m\u0131n\u0131 ger\u00e7ekle\u015ftirmi\u015f de\u011filiz.\u201d<\/strong><\/p>\n\n\n\n<p>Prof. Dr. Cezmi Eraslan Osmanl\u0131 Devleti zaman\u0131ndan s\u00fcregelen milli hakimiyet d\u00fc\u015f\u00fcncesini ana hatlar\u0131yla anlatt\u0131. Eraslan, 1820\u2019li y\u0131llarda ba\u015flayan bu d\u00fc\u015f\u00fcncenin Tanzimat Meclisi ve 1. Me\u015frutiyetle geli\u015fip 2. Me\u015frutiyetle beraber cumhuriyeti and\u0131ran bir yap\u0131ya ge\u00e7ildi\u011fini aktard\u0131. Mustafa Kemal Atat\u00fcrk\u2019\u00fcn meclisin a\u00e7\u0131lma konusundaki hassasiyetini s\u0131k\u00e7a belirtirken bu hassasiyetin sebebinin yap\u0131lan i\u015flerin me\u015fru kalmas\u0131 i\u00e7in oldu\u011funu a\u00e7\u0131klad\u0131.<\/p>\n\n\n\n<p><strong>\u201c23 Nisan\u2019\u0131n milli bayram olmas\u0131 bir g\u00fcnde de\u011fil bir s\u00fcre\u00e7 sonucu olu\u015ftu.\u201d<\/strong><\/p>\n\n\n\n<p>Prof. Dr. Serkan Tuna, 23 Nisan\u2019\u0131n milli bayram olarak kabul edilme s\u00fcrecinden bahsetti. Tuna 1920 de 23 Nisan\u2019da meclis ilk a\u00e7\u0131ld\u0131\u011f\u0131nda isminin B\u00fcy\u00fck Millet Meclisi oldu\u011funu fakat 1921 de 23 Nisan&#8217;a geldi\u011fimizde ismini T\u00fcrkiye B\u00fcy\u00fck Millet Meclisi oldu\u011funu s\u00f6yledi. Tuna, bu d\u00f6nemlerdeki meclis i\u00e7i tart\u0131\u015fmalarla birlikte 23 Nisan\u2019da milli bayram oldu\u011funu ve o d\u00f6nemdeki isminin 23 Nisan Bayram\u0131 olarak ge\u00e7ti\u011fini a\u00e7\u0131klad\u0131. Tuna 1920\u2019nin ilerleyen y\u0131llar\u0131nda cumhuriyetin ak\u0131\u015f\u0131na uygun bir \u015fekilde \u00f6nce \u00e7ocuk g\u00fcn\u00fc sonra da \u00e7ocuk bayram\u0131 olma s\u00fcre\u00e7leriyle birlikte g\u00fcn\u00fcm\u00fczde resmi bayram olarak Ulusal Egemenlik ve \u00c7ocuk Bayram\u0131 ismini almas\u0131n\u0131n 27 May\u0131s 1981\u2019de oldu\u011funu dinleyicilere aktard\u0131.<\/p>\n\n\n\n<p><strong>\u201c\u0130stanbul\u2019un i\u015fgalinde en \u00e7ok zarar g\u00f6renler kad\u0131nlar ve \u00e7ocuklard\u0131.\u201d<\/strong><\/p>\n\n\n\n<p>Prof. Dr. Ali \u015e\u00fckr\u00fc \u00c7oruk cumhuriyetin ilk y\u0131llar\u0131nda anne ve \u00e7ocu\u011fa y\u00f6nelik bir uygulama olan S\u00fct Damlas\u0131 hareketini g\u00f6rselleriyle birlikte a\u00e7\u0131klad\u0131. \u00c7oruk, bu uygulamay\u0131 ba\u015flatan Safiye Ali Han\u0131m&#8217;dan s\u0131k\u00e7a s\u00f6z etti ve \u201cSafiye Ali Han\u0131m t\u0131p e\u011fitimini Almanya\u2019da tamamlam\u0131\u015f ve vatan\u0131na hizmet etmek i\u00e7in yurduna d\u00f6nm\u00fc\u015ft\u00fcr.\u201d s\u00f6zleriyle Safiye Ali Han\u0131m\u2019\u0131n vatanseverli\u011fine dikkat \u00e7ekti. \u00c7oruk \u201cS\u00fct Damlas\u0131 hareketi ilk olarak Fransa\u2019da K\u0131z\u0131l Ha\u00e7 \u00f6rg\u00fct\u00fc ile ba\u015flad\u0131. Bu hareket \u00f6zellikle annelere ve \u00e7ocuklara yard\u0131mc\u0131 olmak ve i\u015fgal b\u00f6lgelerinde sempati kazanmak i\u00e7in ba\u015flad\u0131. Bu uygulama \u00fclkemizde Himaye-i Etfal taraf\u0131ndan hayata ge\u00e7irilerek halka yard\u0131mc\u0131 olundu\u201d s\u00f6zlerini kulland\u0131.<\/p>\n\n\n\n<p>Panel konu\u015fmac\u0131lar\u0131n sorular\u0131 cevaplamas\u0131yla birlikte verilen te\u015fekk\u00fcr belgelerinden sonra toplu foto\u011fraf \u00e7ekimiyle sona erdi.<\/p>\n","protected":false},"excerpt":{"rendered":"<p>Haber: Murat B\u0131\u00e7ak\u00e7\u0131 Foto\u011fraf: Muhammed Akt\u0131 Edit\u00f6r: Sena Sand\u0131k\u00e7\u0131&nbsp; \u0130stanbul, (\u0130\u00dc Haber Merkezi) \u2013 \u0130stanbul \u00dcniversitesi Atat\u00fcrk \u0130lkeleri ve \u0130nk\u0131lap Tarihi Enstit\u00fcs\u00fc taraf\u0131ndan H\u00e2kimiyet-i Milliye ve \u00c7ocuk paneli \u0130stanbul \u00dcniversitesi Merkez K\u00fct\u00fcphanesinde 22 Nisan \u00c7ar\u015famba g\u00fcn\u00fc Ar\u015f. G\u00f6r. Umut Dere\u2019nin moderat\u00f6rl\u00fc\u011f\u00fc ile konu\u015fmac\u0131lar Prof. Dr. Cezmi Eraslan, Prof. Dr. Serkan Tuna ve Prof. Dr. Ali [&hellip;]<\/p>\n","protected":false},"author":14,"featured_media":28793,"comment_status":"closed","ping_status":"open","sticky":false,"template":"","format":"standard","meta":{"jnews-multi-image_gallery":[],"jnews_single_post":{"format":"standard"},"jnews_primary_category":[],"jnews_social_meta":[],"jnews_override_counter":[],"footnotes":""},"categories":[25,1,159,28,34,2085,2348],"tags":[880,43,4087,3864,3959,417,3463],"class_list":["post-28790","post","type-post","status-publish","format-standard","has-post-thumbnail","hentry","category-egitim","category-genel","category-sag-manset","category-istanbul","category-universite","category-manset-haber","category-manset-yani","tag-23-nisan","tag-istanbul-universitesi","tag-iu-merkez-kutuphane","tag-muhammed-akti","tag-murat-bicakci","tag-panel","tag-sena-sandikci"],"_links":{"self":[{"href":"https:\/\/iletim.istanbul.edu.tr\/index.php\/wp-json\/wp\/v2\/posts\/28790","targetHints":{"allow":["GET"]}}],"collection":[{"href":"https:\/\/iletim.istanbul.edu.tr\/index.php\/wp-json\/wp\/v2\/posts"}],"about":[{"href":"https:\/\/iletim.istanbul.edu.tr\/index.php\/wp-json\/wp\/v2\/types\/post"}],"author":[{"embeddable":true,"href":"https:\/\/iletim.istanbul.edu.tr\/index.php\/wp-json\/wp\/v2\/users\/14"}],"replies":[{"embeddable":true,"href":"https:\/\/iletim.istanbul.edu.tr\/index.php\/wp-json\/wp\/v2\/comments?post=28790"}],"version-history":[{"count":2,"href":"https:\/\/iletim.istanbul.edu.tr\/index.php\/wp-json\/wp\/v2\/posts\/28790\/revisions"}],"predecessor-version":[{"id":28796,"href":"https:\/\/iletim.istanbul.edu.tr\/index.php\/wp-json\/wp\/v2\/posts\/28790\/revisions\/28796"}],"wp:featuredmedia":[{"embeddable":true,"href":"https:\/\/iletim.istanbul.edu.tr\/index.php\/wp-json\/wp\/v2\/media\/28793"}],"wp:attachment":[{"href":"https:\/\/iletim.istanbul.edu.tr\/index.php\/wp-json\/wp\/v2\/media?parent=28790"}],"wp:term":[{"taxonomy":"category","embeddable":true,"href":"https:\/\/iletim.istanbul.edu.tr\/index.php\/wp-json\/wp\/v2\/categories?post=28790"},{"taxonomy":"post_tag","embeddable":true,"href":"https:\/\/iletim.istanbul.edu.tr\/index.php\/wp-json\/wp\/v2\/tags?post=28790"}],"curies":[{"name":"wp","href":"https:\/\/api.w.org\/{rel}","templated":true}]}}