{"id":28798,"date":"2026-04-27T16:15:29","date_gmt":"2026-04-27T13:15:29","guid":{"rendered":"https:\/\/iletim.istanbul.edu.tr\/?p=28798"},"modified":"2026-04-27T16:59:44","modified_gmt":"2026-04-27T13:59:44","slug":"iletim-gazetesi-nisan-2026-sayisi-yayinda","status":"publish","type":"post","link":"https:\/\/iletim.istanbul.edu.tr\/index.php\/2026\/04\/27\/iletim-gazetesi-nisan-2026-sayisi-yayinda\/","title":{"rendered":"\u0130LET\u0130M GAZETES\u0130 N\u0130SAN 2026 SAYISI YAYINDA!"},"content":{"rendered":"\n<p><strong>\u0130stanbul, (\u0130\u00dc Haber Merkezi) \u2013 \u0130letim Gazetesi Nisan 2026 say\u0131s\u0131 birbirinden dolu i\u00e7erikleriyle yay\u0131nda!<\/strong><\/p>\n\n\n\n<p>\u0130stanbul \u00dcniversitesi \u0130leti\u015fim Fak\u00fcltesi uygulama birimlerinden biri olan \u0130letim Gazetesi, 39. y\u0131l\u0131nda yeni say\u0131s\u0131 Nisan 2025 say\u0131s\u0131n\u0131 okuyucuyla bulu\u015fturman\u0131n mutlulu\u011funu ya\u015f\u0131yor.<\/p>\n\n\n\n<p>\u0130letim Gazetesi\u2019nin Nisan 2026 say\u0131s\u0131n\u0131 okumak i\u00e7in:<\/p>\n\n\n\n<figure class=\"wp-block-embed is-type-wp-embed is-provider-fliphtml-5 wp-block-embed-fliphtml-5\"><div class=\"wp-block-embed__wrapper\">\n<iframe loading=\"lazy\" class=\"wp-embedded-content\" sandbox=\"allow-scripts\" security=\"restricted\" title=\"\u0130letim Gazetesi Nisan 2026 Say\u0131s\u0131\" width=\"640\" height=\"360\" src=\"https:\/\/online.fliphtml5.com\/iletimgazetesi\/vdrv\/#?secret=h2RzhQJHCm\" data-secret=\"h2RzhQJHCm\" scrolling=\"no\" frameborder=\"0\"><\/iframe>\n<\/div><\/figure>\n\n\n\n<p><strong>Fak\u00fclteden<br><\/strong><a href=\"https:\/\/iletim.istanbul.edu.tr\/index.php\/2026\/02\/23\/metin-erksan-cep-sinemasi-acildi\/\" data-type=\"post\" data-id=\"27967\">Metin Erksan Cep Sinemas\u0131 A\u00e7\u0131ld\u0131<\/a> &#8211; \u00d6zg\u00fcr Recep Kocao\u011flu<br><a href=\"https:\/\/iletim.istanbul.edu.tr\/index.php\/2025\/12\/11\/akbank-21-kisa-film-festivali-seckisi-iu-iletisim-fakultesinde-ogrencilerle-bulustu\/\" data-type=\"post\" data-id=\"27287\">Akbank 21. K\u0131sa Film Festivali Se\u00e7kisi \u0130\u00dc \u0130leti\u015fim Fak\u00fcltesi\u2019nde \u00d6\u011frencilerle Bulu\u015ftu<\/a> &#8211; \u00d6zg\u00fcr Recep Kocao\u011flu<br><a href=\"https:\/\/iletim.istanbul.edu.tr\/index.php\/2025\/12\/22\/sinemada-yapimcilik-ve-hikaye-anlatimi\/\" data-type=\"post\" data-id=\"27572\">Sinemada Yap\u0131mc\u0131l\u0131k ve Hik\u00e2ye Anlat\u0131m\u0131<\/a> &#8211; Ebrar S\u00fceda \u00dcnalan<br><a href=\"https:\/\/iletim.istanbul.edu.tr\/index.php\/2026\/02\/17\/igadan-iletisim-fakultesi-ogrencilerine-egitim-programi\/\" data-type=\"post\" data-id=\"27898\">\u0130GA\u2019dan \u0130leti\u015fim Fak\u00fcltesi \u00d6\u011frencilerine E\u011fitim Program\u0131<\/a> &#8211; Nazl\u0131 Aygen &amp; K\u00fcbra M\u0131s\u0131ro\u011flu<br><a href=\"https:\/\/iletim.istanbul.edu.tr\/index.php\/2026\/01\/27\/istanbul-universitesi-cocuk-universitesi-kis-okulu-tamamlandi\/\" data-type=\"post\" data-id=\"27810\">\u0130stanbul \u00dcniversitesi \u00c7ocuk \u00dcniversitesi K\u0131\u015f Okulu Tamamland\u0131<\/a> &#8211; Haber Merkezi<br><a href=\"https:\/\/iletim.istanbul.edu.tr\/index.php\/2025\/12\/29\/akademide-yeni-bir-anlatim-bicimi-video-essay\/\" data-type=\"post\" data-id=\"27682\">Akademide Yeni Bir Anlat\u0131m Bi\u00e7imi: Video Essay<\/a> &#8211; G\u00f6knur Avci<br><a href=\"https:\/\/iletim.istanbul.edu.tr\/index.php\/2025\/12\/05\/turkiye-halkla-iliskiler-derneginden-istanbul-universitesine-odul\/\" data-type=\"post\" data-id=\"27215\">T\u00fcrkiye Halkla \u0130li\u015fkiler Derne\u011fi\u2019nden \u0130stanbul \u00dcniversitesi\u2019ne \u00d6d\u00fcl <\/a>&#8211; \u00d6zg\u00fcr Recep Kocao\u011flu<br><a href=\"https:\/\/iletim.istanbul.edu.tr\/index.php\/2025\/12\/18\/iletisim-egitiminde-yapay-zeka-odakli-yeni-mufredatlar-tartisildi\/\" data-type=\"post\" data-id=\"27534\">\u0130leti\u015fim E\u011fitiminde Yapay Zek\u00e2 Tart\u0131\u015f\u0131ld\u0131<\/a> &#8211; \u00d6zg\u00fcr Recep Kocao\u011flu<br><a href=\"https:\/\/iletim.istanbul.edu.tr\/index.php\/2026\/01\/16\/bilim-ve-iletisim-marmara-denizi-icin-bulustu\/\" data-type=\"post\" data-id=\"27725\">Bilim ve \u0130leti\u015fim Marmara Denizi \u0130\u00e7in Bulu\u015ftu<\/a> &#8211; \u00d6zg\u00fcr Recep Kocao\u011flu<br><a href=\"https:\/\/iletim.istanbul.edu.tr\/index.php\/2025\/12\/24\/gazze-soykirimi-ve-medyanin-rolu-istanbul-universitesinde-ele-alindi\/\" data-type=\"post\" data-id=\"27642\">Gazze Soyk\u0131r\u0131m\u0131 ve Medyan\u0131n Rol\u00fc \u0130stanbul \u00dcniversitesi\u2019nde Ele Al\u0131nd\u0131<\/a> &#8211; Merve Arkan<br><a href=\"https:\/\/iletim.istanbul.edu.tr\/index.php\/2026\/03\/03\/kamu-diplomasisi-perspektifinden-abd-iran-gerilimi\/\" data-type=\"post\" data-id=\"28145\">ABD-\u0130ran Gerilimi Tart\u0131\u015f\u0131ld\u0131 <\/a>&#8211; Ebrar S\u00fceda \u00dcnalan<\/p>\n\n\n\n<p><strong>\u00dcniversiteden<br><\/strong><a href=\"https:\/\/iletim.istanbul.edu.tr\/index.php\/2026\/03\/23\/istanbul-universitesinin-gelecek-vizyonu-egitimden-mimariye-buyuk-donusum\/\" data-type=\"post\" data-id=\"28441\">\u0130stanbul \u00dcniversitesi\u2019nin Gelecek Vizyonu: E\u011fitimden Mimariye B\u00fcy\u00fck D\u00f6n\u00fc\u015f\u00fcm<\/a> &#8211; \u00d6zg\u00fcr Recep Kocao\u011flu<br><a href=\"https:\/\/iletim.istanbul.edu.tr\/index.php\/2026\/03\/06\/istanbul-universitesinde-8-mart-dunya-kadinlar-gunu-programi-duzenlendi\/\" data-type=\"post\" data-id=\"28223\">\u0130stanbul \u00dcniversitesi\u2019nde D\u00fcnya Kad\u0131nlar G\u00fcn\u00fc<\/a> &#8211; Melek \u00d6zt\u00fcrk<br><a href=\"https:\/\/iletim.istanbul.edu.tr\/index.php\/2025\/12\/26\/perspektif-2053-kapsaminda-osmanli-donemi-turk-muzigi-tarihi-anlatildi\/\" data-type=\"post\" data-id=\"27672\">T\u00fcrk M\u00fczi\u011finin Bin Y\u0131ll\u0131k Ser\u00fcveni Konu\u015fuldu<\/a> &#8211; \u00d6mer \u0130\u011frek<br><a href=\"https:\/\/iletim.istanbul.edu.tr\/index.php\/2025\/12\/25\/istanbul-universitesinde-seb-i-yelda-coskusu\/\" data-type=\"post\" data-id=\"27665\">\u0130stanbul \u00dcniversitesi\u2019nde \u015eeb-i Yelda Co\u015fkusu<\/a> &#8211; Asil Beray Ep\u00e7eli<br><a href=\"https:\/\/iletim.istanbul.edu.tr\/index.php\/2026\/02\/27\/u-fest-istanbul-universitesinde-ogrencilerle-bulustu\/\" data-type=\"post\" data-id=\"28093\">\u0130stanbul \u00dcniversitesi\u2019nde Ula\u015f\u0131m\u0131n Gelece\u011fi Ele Al\u0131nd\u0131<\/a> &#8211; Bulut T\u00fcmerdem<br><a href=\"https:\/\/iletim.istanbul.edu.tr\/index.php\/2026\/02\/27\/ilham-veren-soylesilerin-besincisi-gerceklesti\/\" data-type=\"post\" data-id=\"28084\">\u0130lham Veren S\u00f6yle\u015filer Be\u015finci Kez Ger\u00e7ekle\u015fti <\/a>&#8211; Melek \u00d6zt\u00fcrk<br><a href=\"https:\/\/iletim.istanbul.edu.tr\/index.php\/2026\/02\/17\/aziz-sancar-deneysel-tip-arastirma-enstitusune-iceriden-bir-bakis\/\" data-type=\"post\" data-id=\"27883\">Deneysel T\u0131bb\u0131n Kalbi: Aziz Sancar Deneysel T\u0131p Ara\u015ft\u0131rma Enstit\u00fcs\u00fc<\/a> &#8211; Zeynep Yolhan \u015eeflek<br><a href=\"https:\/\/iletim.istanbul.edu.tr\/index.php\/2025\/12\/16\/iklim-kanunundaki-guncel-gelismeler-istanbul-universitesinde-ele-alindi\/\" data-type=\"post\" data-id=\"27411\">\u0130klim De\u011fi\u015fikli\u011fi Hukuku Masaya Yat\u0131r\u0131ld\u0131<\/a> &#8211; Asil Beray Ep\u00e7eli<br><a href=\"https:\/\/iletim.istanbul.edu.tr\/index.php\/2025\/12\/16\/lisansustu-arastirmalar-ceviribilimin-gelecegine-isik-tutuyor\/\" data-type=\"post\" data-id=\"27421\">\u00c7eviribilim Alan\u0131nda Lisans\u00fcst\u00fc Bulu\u015fma<\/a> &#8211; \u00d6zg\u00fcr Recep Kocao\u011flu<br><a href=\"https:\/\/iletim.istanbul.edu.tr\/index.php\/2026\/02\/26\/ramazan-kimligi-ve-kulturu-programi-gerceklesti\/\" data-type=\"post\" data-id=\"28036\">Ramazan Kimli\u011fi ve K\u00fclt\u00fcr\u00fc Program\u0131 Ger\u00e7ekle\u015fti<\/a> &#8211; Nazl\u0131 Aygen<br><a href=\"https:\/\/iletim.istanbul.edu.tr\/index.php\/2025\/12\/19\/star-projesi-ile-avrupada-surdurulebilirlik-raporlamasi-deneyimleri-paylasildi\/\" data-type=\"post\" data-id=\"27562\">STAR Projesi Saha Deneyimleri Anlat\u0131ld\u0131<\/a> &#8211; Merve Arkan<\/p>\n\n\n\n<p><strong>Ya\u015fam<br><\/strong><a href=\"https:\/\/iletim.istanbul.edu.tr\/index.php\/2025\/12\/22\/kasetten-dijitale-radyonun-yolculugunu-fatih-uslu-anlatti\/\" data-type=\"post\" data-id=\"27586\">Kasetten Dijitale Radyonun Yolculu\u011fu<\/a> &#8211; G\u00f6knur Avci<br><a href=\"https:\/\/iletim.istanbul.edu.tr\/index.php\/2026\/02\/25\/dijital-itibarin-anahtari-netiket\/\" data-type=\"post\" data-id=\"28003\">Dijital \u0130tibar\u0131n Anahtar\u0131: Netiket<\/a> &#8211; \u00d6zg\u00fcr Recep Kocao\u011flu<br><a href=\"https:\/\/iletim.istanbul.edu.tr\/index.php\/2026\/03\/02\/minguzzi-haberinin-perde-arkasi-erdogan-yapik-dijital-cagda-gazeteciligi-anlatti\/\" data-type=\"post\" data-id=\"28127\">Minguzzi Haberinin Perde Arkas\u0131<\/a> &#8211; Merve Kutan<br><a href=\"https:\/\/iletim.istanbul.edu.tr\/index.php\/2026\/03\/07\/kadin-haklari-ve-siddetle-mucadelede-hukuki-ve-sosyal-yaklasimlar\/\" data-type=\"post\" data-id=\"28235\">Kad\u0131n Haklar\u0131 ve \u015eiddetle M\u00fccadele <\/a>&#8211; Melek \u00d6zt\u00fcrk<br><a href=\"https:\/\/iletim.istanbul.edu.tr\/index.php\/2026\/03\/12\/binlerce-kilometre-uzakta-turkiye\/\" data-type=\"post\" data-id=\"28336\">Binlerce Kilometre Uzakta T\u00fcrkiye <\/a>&#8211; Sena Sand\u0131k\u00e7\u0131<br><a href=\"https:\/\/iletim.istanbul.edu.tr\/index.php\/2026\/02\/27\/onlar-farkli-degil-ozel\/\" data-type=\"post\" data-id=\"28041\">\u00d6zel Gereksinimli \u00c7ocuklarda Fark\u0131ndal\u0131k ve E\u011fitim<\/a> &#8211; Melek \u00d6zt\u00fcrk<br><a href=\"https:\/\/iletim.istanbul.edu.tr\/index.php\/2025\/12\/19\/yeni-dunyanin-sorunu-iklim-krizi\/\" data-type=\"post\" data-id=\"27550\">\u0130klim Krizinde Yeni A\u015fama: Gezegenin Do\u011fal Dengesi Tehdit Alt\u0131nda<\/a> &#8211; Merve Kutan<br><a href=\"https:\/\/iletim.istanbul.edu.tr\/index.php\/2026\/03\/12\/muzikte-ruhun-izini-suren-sanatci-sedat-anar\/\" data-type=\"post\" data-id=\"28322\">M\u00fczikte Ruhun \u0130zini S\u00fcren Sanat\u00e7\u0131: Sedat Anar<\/a> &#8211; Melek \u00d6zt\u00fcrk<br>Sesinizin H\u0131rs\u0131z\u0131 Yapay Zek\u00e2 &#8211; \u00d6zg\u00fcr Recep Kocao\u011flu<br><a href=\"https:\/\/iletim.istanbul.edu.tr\/index.php\/2026\/03\/13\/hali-kulturunde-donusum-el-dokumasindan-modern-dekorasyona\/\" data-type=\"post\" data-id=\"28382\">Hal\u0131 K\u00fclt\u00fcr\u00fcnde D\u00f6n\u00fc\u015f\u00fcm: El Dokumas\u0131ndan Modern Dekorasyona<\/a> &#8211; \u00d6mer \u0130\u011frek<br><a href=\"https:\/\/iletim.istanbul.edu.tr\/index.php\/2025\/12\/10\/toplu-tasimanin-icinden-sektorun-48-yillik-tanigi-konusuyor\/\" data-type=\"post\" data-id=\"27270\">Toplu Ta\u015f\u0131man\u0131n Re\u00e7etesi<\/a> &#8211; Ebrar S\u00fceda \u00dcnalan<\/p>\n\n\n\n<p><strong>K\u00fclt\u00fcr Sanat<br><\/strong><a href=\"https:\/\/iletim.istanbul.edu.tr\/index.php\/2025\/12\/22\/unesco-somut-olmayan-kulturel-miras-listesine-giren-ilk-kultur-icecegi\/\" data-type=\"post\" data-id=\"27597\">Yeni Nesil Kahvelere \u0130nat 500 Y\u0131ld\u0131r Ayakta<\/a> &#8211; Merve Arkan<br><a href=\"https:\/\/iletim.istanbul.edu.tr\/index.php\/2026\/02\/27\/mahyanin-son-ustasi-iki-minare-arasina-bir-kolye-asmistik\/\" data-type=\"post\" data-id=\"28065\">Mahyan\u0131n Son Ustas\u0131: \u201c\u0130ki Minare Aras\u0131na Bir Kolye Asm\u0131\u015ft\u0131k\u201d<\/a>&#8211; Merve Arkan<br><a href=\"https:\/\/iletim.istanbul.edu.tr\/index.php\/2026\/03\/02\/yuzyillardir-suren-bir-sanat-husn-i-hat-sanati\/\" data-type=\"post\" data-id=\"28107\">Y\u00fczy\u0131llard\u0131r S\u00fcren Bir Sanat: H\u00fcsn-i Hat Sanat\u0131<\/a> &#8211; Sena Sand\u0131k\u00e7\u0131<\/p>\n\n\n\n<p><strong>Sa\u011fl\u0131k<br><\/strong><a href=\"https:\/\/iletim.istanbul.edu.tr\/index.php\/2026\/02\/23\/turkiye-saglik-sisteminin-2025-karnesi\/\" data-type=\"post\" data-id=\"27933\">T\u00fcrkiye Sa\u011fl\u0131k Sisteminin 2025 Karnesi <\/a>&#8211; K\u00fcbra M\u0131s\u0131ro\u011flu<br><a href=\"https:\/\/iletim.istanbul.edu.tr\/index.php\/2026\/02\/23\/modern-cagin-sorunu-uykusuzluk\/\" data-type=\"post\" data-id=\"27958\">Uykusuzlu\u011funuzun Bir Sebebi Olabilir<\/a> &#8211; Ebrar S\u00fceda \u00dcnalan<br>G\u00fcnl\u00fck Bak\u0131m Asl\u0131nda G\u00fcnl\u00fck Risk Mi? &#8211; Ece \u00d6zdemir<br><a href=\"https:\/\/iletim.istanbul.edu.tr\/index.php\/2026\/03\/13\/zihni-ve-bedeni-esneten-spor\/\" data-type=\"post\" data-id=\"28355\">Strese \u00c7are Pilates<\/a> &#8211; Merve Arkan<br><\/p>\n\n\n\n<p><strong>Spor<br><\/strong><a href=\"https:\/\/iletim.istanbul.edu.tr\/index.php\/2025\/12\/23\/gokdelenlerin-golgesinde-yasayan-tarih-ferikoy-spor-kulubu\/\" data-type=\"post\" data-id=\"27617\">G\u00f6kdelenlerin G\u00f6lgesinde Ya\u015fayan Tarih: Ferik\u00f6y Spor Kul\u00fcb\u00fc<\/a> &#8211; Asil Beray Ep\u00e7eli<br><a href=\"https:\/\/iletim.istanbul.edu.tr\/index.php\/tag\/beyoglu-yenicarsi\/\" data-type=\"post_tag\" data-id=\"3980\">Bir Semtin Futbol Haf\u0131zas\u0131: Beyo\u011flu Yeni\u00e7ar\u015f\u0131<\/a> &#8211; Bulut T\u00fcmerdem<br><a href=\"https:\/\/iletim.istanbul.edu.tr\/index.php\/2025\/12\/16\/ertugrul-firkateyni-ruhu-kendoda-yasiyor-japon-ustalardan-anlamli-ziyaret\/\" data-type=\"post\" data-id=\"27382\">Japon Kendo Ustalardan Anlaml\u0131 Ziyaret<\/a> &#8211; S\u00fcmeyye Sude G\u00fclsoy<br><a href=\"https:\/\/iletim.istanbul.edu.tr\/index.php\/2025\/12\/03\/sariyerin-unutulmaz-ruhu-bogazin-mavi-beyazlilari-sariyer-spor\/\" data-type=\"post\" data-id=\"27178\">Sar\u0131yer\u2019in Unutulmaz Ruhu<\/a> &#8211; Asil Beray Ep\u00e7eli<\/p>\n\n\n\n<p><\/p>\n\n\n\n<p><strong>SAH\u0130B\u0130<\/strong><br>\u0130stanbul \u00dcniversitesi Rekt\u00f6rl\u00fc\u011f\u00fc ad\u0131na<br>Prof. Dr. Osman B\u00fclent Z\u00dcLF\u0130KAR<\/p>\n\n\n\n<p><strong>GENEL YAYIN Y\u00d6NETMEN\u0130<\/strong><br>Prof. Dr. Hatun BOZTEPE TA\u015eKIRAN<\/p>\n\n\n\n<p><strong>YAZI \u0130\u015eLER\u0130 SORUMLUSU<\/strong><br>Dr. \u00d6\u011fr. \u00dcyesi Mesut \u0130R\u0130S<\/p>\n\n\n\n<p><strong>G\u00d6RSEL Y\u00d6NETMEN<\/strong><br>Ar\u015f. G\u00f6r. Dr. Ahmet Kadri KUR\u015eUN<\/p>\n\n\n\n<p><strong>SAYFA SEKRETER\u0130<\/strong><br>\u00d6mer \u0130\u011eREK<\/p>\n\n\n\n<p><strong>FOTO\u011eRAF ED\u0130T\u00d6R\u00dc<\/strong><br>Berk BALCI<\/p>\n\n\n\n<p><strong>HABER ED\u0130T\u00d6RLER\u0130<\/strong><br>Nazl\u0131 AYGEN<br>\u00d6zg\u00fcr Recep KOCAO\u011eLU<br>Ece \u00d6ZDEM\u0130R<br>Melek \u00d6ZT\u00dcRK<br>Sena SANDIK\u00c7I<\/p>\n\n\n\n<p><strong>SAYFA TASARIMI<\/strong><br>Nazl\u0131 AYGEN<br>\u00d6zg\u00fcr Recep KOCAO\u011eLU<br>Sena SANDIK\u00c7I<\/p>\n\n\n\n<p><strong>MUHAB\u0130RLER<\/strong><br>Merve ARKAN<br>G\u00f6knur AVCI<br>Nazl\u0131 AYGEN<br>Berk BALCI<br>Asil Beray EP\u00c7EL\u0130<br>S\u00fcmeyye Sude G\u00dcLSOY<br>\u00d6mer \u0130\u011eREK<br>\u00d6zg\u00fcr Recep KOCAO\u011eLU<br>Merve KUTAN<br>K\u00fcbra MISIRO\u011eLU<br>Ece \u00d6ZDEM\u0130R<br>Melek \u00d6ZT\u00dcRK<br>Sena SANDIK\u00c7I<br>Bulut T\u00dcMERDEM<br>Ebrar S\u00fceda \u00dcNALAN<br>Zeynep YOLHAN<\/p>\n\n\n\n<p><strong>WEB TASARIMI<\/strong><br>Dr. \u00d6\u011fr. \u00dcyesi S\u00fcleyman T\u00dcRKO\u011eLU<\/p>\n","protected":false},"excerpt":{"rendered":"<p>\u0130stanbul, (\u0130\u00dc Haber Merkezi) \u2013 \u0130letim Gazetesi Nisan 2026 say\u0131s\u0131 birbirinden dolu i\u00e7erikleriyle yay\u0131nda! \u0130stanbul \u00dcniversitesi \u0130leti\u015fim Fak\u00fcltesi uygulama birimlerinden biri olan \u0130letim Gazetesi, 39. y\u0131l\u0131nda yeni say\u0131s\u0131 Nisan 2025 say\u0131s\u0131n\u0131 okuyucuyla bulu\u015fturman\u0131n mutlulu\u011funu ya\u015f\u0131yor. \u0130letim Gazetesi\u2019nin Nisan 2026 say\u0131s\u0131n\u0131 okumak i\u00e7in: Fak\u00fcltedenMetin Erksan Cep Sinemas\u0131 A\u00e7\u0131ld\u0131 &#8211; \u00d6zg\u00fcr Recep Kocao\u011fluAkbank 21. K\u0131sa Film Festivali [&hellip;]<\/p>\n","protected":false},"author":14,"featured_media":28799,"comment_status":"closed","ping_status":"open","sticky":false,"template":"","format":"standard","meta":{"jnews-multi-image_gallery":[],"jnews_single_post":{"format":"standard"},"jnews_primary_category":[],"jnews_social_meta":[],"jnews_override_counter":[],"footnotes":""},"categories":[24,25,26,27,1,159,28,34,178,29,1515,30,2085,2348,32,33,31,35],"tags":[3588,3567,3975,3595,3566,40,43,148,52,3613,3349,3755,3471,3292,3623,3218,3463,3756,3570],"class_list":["post-28798","post","type-post","status-publish","format-standard","has-post-thumbnail","hentry","category-bilim","category-egitim","category-english","category-foto-galeri","category-genel","category-sag-manset","category-istanbul","category-universite","category-fakultemizden","category-iuwebtv","category-kose-yazilari","category-kultur-sanat","category-manset-haber","category-manset-yani","category-saglik","category-spor","category-teknoloji","category-yasam","tag-asil-beray-epceli","tag-bulut-tumerdem","tag-ebrar-sueda-unalan-2","tag-ece-ozdemir-2","tag-goknur-avci","tag-iletisim-fakultesi","tag-istanbul-universitesi","tag-istanbul-universitesi-iletisim-fakultesi","tag-iu-iletisim-fakultesi","tag-kubra-misiroglu","tag-melek-ozturk","tag-merve-arkan","tag-merve-kutan","tag-nazli-aygen","tag-omer-igrek-2","tag-ozgur-recep-kocaoglu","tag-sena-sandikci","tag-sumeyye-sude-gulsoy","tag-zeynep-yolhan-seflek"],"_links":{"self":[{"href":"https:\/\/iletim.istanbul.edu.tr\/index.php\/wp-json\/wp\/v2\/posts\/28798","targetHints":{"allow":["GET"]}}],"collection":[{"href":"https:\/\/iletim.istanbul.edu.tr\/index.php\/wp-json\/wp\/v2\/posts"}],"about":[{"href":"https:\/\/iletim.istanbul.edu.tr\/index.php\/wp-json\/wp\/v2\/types\/post"}],"author":[{"embeddable":true,"href":"https:\/\/iletim.istanbul.edu.tr\/index.php\/wp-json\/wp\/v2\/users\/14"}],"replies":[{"embeddable":true,"href":"https:\/\/iletim.istanbul.edu.tr\/index.php\/wp-json\/wp\/v2\/comments?post=28798"}],"version-history":[{"count":3,"href":"https:\/\/iletim.istanbul.edu.tr\/index.php\/wp-json\/wp\/v2\/posts\/28798\/revisions"}],"predecessor-version":[{"id":28837,"href":"https:\/\/iletim.istanbul.edu.tr\/index.php\/wp-json\/wp\/v2\/posts\/28798\/revisions\/28837"}],"wp:featuredmedia":[{"embeddable":true,"href":"https:\/\/iletim.istanbul.edu.tr\/index.php\/wp-json\/wp\/v2\/media\/28799"}],"wp:attachment":[{"href":"https:\/\/iletim.istanbul.edu.tr\/index.php\/wp-json\/wp\/v2\/media?parent=28798"}],"wp:term":[{"taxonomy":"category","embeddable":true,"href":"https:\/\/iletim.istanbul.edu.tr\/index.php\/wp-json\/wp\/v2\/categories?post=28798"},{"taxonomy":"post_tag","embeddable":true,"href":"https:\/\/iletim.istanbul.edu.tr\/index.php\/wp-json\/wp\/v2\/tags?post=28798"}],"curies":[{"name":"wp","href":"https:\/\/api.w.org\/{rel}","templated":true}]}}