{"id":28802,"date":"2026-04-27T17:10:06","date_gmt":"2026-04-27T14:10:06","guid":{"rendered":"https:\/\/iletim.istanbul.edu.tr\/?p=28802"},"modified":"2026-04-27T17:10:07","modified_gmt":"2026-04-27T14:10:07","slug":"turk-musikisi-ve-tarih-ayni-sahnede-bulustu","status":"publish","type":"post","link":"https:\/\/iletim.istanbul.edu.tr\/index.php\/2026\/04\/27\/turk-musikisi-ve-tarih-ayni-sahnede-bulustu\/","title":{"rendered":"T\u00fcrk Musikisi ve Tarih Ayn\u0131 Sahnede Bulu\u015ftu"},"content":{"rendered":"\n<p><strong>Haber: Zeynep G\u00f6ger\u00e7in<\/strong><\/p>\n\n\n\n<p><strong>Foto\u011fraf: Ganime \u0130layda K\u0131l\u0131\u00e7<\/strong><\/p>\n\n\n\n<p><strong>Edit\u00f6r: \u00d6zg\u00fcr Recep Kocao\u011flu<\/strong><\/p>\n\n\n\n<p><strong>\u0130stanbul, (\u0130\u00dc Haber Merkezi) &#8211; \u201cSamiha Ayverdi\u2019nin \u0130zinde: Ge\u00e7mi\u015ften G\u00fcn\u00fcm\u00fcze T\u00fcrk Musikisi\u201d ba\u015fl\u0131kl\u0131 s\u00f6yle\u015fide T\u00fcrk musikisinin se\u00e7kin eserleri tarihsel hik\u00e2yeleriyle birlikte ele al\u0131nd\u0131.<\/strong><\/p>\n\n\n\n<p>\u0130stanbul \u00dcniversitesi (\u0130\u00dc) Edebiyat Fak\u00fcltesi Tarih B\u00f6l\u00fcm\u00fc taraf\u0131ndan 27 Nisan Pazartesi g\u00fcn\u00fc Kurul Odas\u0131\u2019nda T\u00fcrk k\u00fclt\u00fcr hayat\u0131n\u0131n \u00f6nemli isimlerinden Samiha Ayverdi\u2019nin musiki miras\u0131 ve eserlerindeki sanatsal derinli\u011fi konu alan bir etkinlik d\u00fczenlendi. Programda, akademik bilgiler musiki icras\u0131yla birle\u015ftirildi.&nbsp;<\/p>\n\n\n\n<p><strong>Samiha Ayverdi\u2019nin izinde k\u00fclt\u00fcrel miras<\/strong><\/p>\n\n\n\n<p>Etkinli\u011fin temel \u00e7er\u00e7evesini, yazar Samiha Ayverdi\u2019nin T\u00fcrk musikisine ve medeniyetine olan yakla\u015f\u0131m\u0131 olu\u015fturdu\u011fu belirtildi. Programda, Ayverdi\u2019nin eserlerinde vurgulad\u0131\u011f\u0131 \u0130stanbul k\u00fclt\u00fcr\u00fc ve T\u00fcrk musikisi esteti\u011finin korunmas\u0131 ile gen\u00e7 nesillere aktar\u0131lmas\u0131n\u0131n \u00f6nemi \u00fczerinde duruldu. Program sadece bir konser de\u011fil, ayn\u0131 zamanda eserlerin ard\u0131ndaki tarihsel verilerin incelendi\u011fi bir \u201canlat\u0131ml\u0131 icra\u201d format\u0131nda sunuldu. Bu y\u00f6ntemle, kat\u0131l\u0131mc\u0131lar\u0131n dinledikleri eserlerin hangi toplumsal s\u00fcre\u00e7lerden ge\u00e7erek g\u00fcn\u00fcm\u00fcze ula\u015ft\u0131\u011f\u0131n\u0131 anlamas\u0131n\u0131n hedeflendi\u011fi belirtildi.<\/p>\n\n\n<div class=\"wp-block-image\">\n<figure class=\"aligncenter size-large is-resized\"><img decoding=\"async\" width=\"1024\" height=\"768\" src=\"https:\/\/iletim.istanbul.edu.tr\/wp-content\/uploads\/20260427-151117-1-1024x768.jpg\" alt=\"\" class=\"wp-image-28803\" style=\"width:842px;height:auto\" srcset=\"https:\/\/iletim.istanbul.edu.tr\/wp-content\/uploads\/20260427-151117-1-1024x768.jpg 1024w, https:\/\/iletim.istanbul.edu.tr\/wp-content\/uploads\/20260427-151117-1-300x225.jpg 300w, https:\/\/iletim.istanbul.edu.tr\/wp-content\/uploads\/20260427-151117-1-768x576.jpg 768w, https:\/\/iletim.istanbul.edu.tr\/wp-content\/uploads\/20260427-151117-1-1536x1152.jpg 1536w, https:\/\/iletim.istanbul.edu.tr\/wp-content\/uploads\/20260427-151117-1-2048x1536.jpg 2048w, https:\/\/iletim.istanbul.edu.tr\/wp-content\/uploads\/20260427-151117-1-750x563.jpg 750w, https:\/\/iletim.istanbul.edu.tr\/wp-content\/uploads\/20260427-151117-1-1140x855.jpg 1140w\" sizes=\"(max-width: 1024px) 100vw, 1024px\" \/><\/figure><\/div>\n\n\n<p><strong>Akademik birikim sanatla bulu\u015ftu<\/strong><\/p>\n\n\n\n<p>Program\u0131n solistli\u011fini, \u0130stanbul Teknik \u00dcniversitesi \u0130\u015fletme M\u00fchendisli\u011fi mezunu olan ve musiki e\u011fitimine Kubbealt\u0131 Akademisi K\u00fclt\u00fcr ve Sanat Vakf\u0131\u2019nda ba\u015flayan Elif \u00d6m\u00fcrl\u00fc Uyar \u00fcstlendi. Uyar, eserlerin icras\u0131ndan \u00f6nce her bir par\u00e7an\u0131n makamsal \u00f6zelliklerini ve g\u00fcn\u00fcm\u00fcze ula\u015fan tarihsel hik\u00e2yelerini kat\u0131l\u0131mc\u0131larla payla\u015ft\u0131. Uyar\u2019\u0131n programa dahil edilmesindeki en \u00f6nemli unsurun, \u201cSamiha Ayverdi\u2019nin Eserlerinde Musiki\u201d ba\u015fl\u0131kl\u0131 y\u00fcksek lisans tezi oldu\u011fu belirtildi.&nbsp;<\/p>\n\n\n\n<p>Akademik birikimini icras\u0131yla birle\u015ftiren Uyar, konu\u015fmas\u0131nda Ayverdi\u2019nin k\u00fclliyat\u0131ndaki musiki terimlerini ve yazar\u0131n bu sanata verdi\u011fi manevi de\u011feri anlatt\u0131. T\u00fcrk\u00fclerin ve bestelerin sadece melodiden ibaret olmad\u0131\u011f\u0131n\u0131 aktaran Uyar, her birinin milletin haf\u0131zas\u0131nda bir kar\u015f\u0131l\u0131\u011f\u0131 oldu\u011funu vurgulad\u0131.<\/p>\n\n\n\n<p><strong>Saz Heyeti ve Eser Se\u00e7kisi<\/strong><\/p>\n\n\n\n<p>Dinletide Uyar\u2019a; ney ve rebabda Mehmet Emin Pak, kanunda ise G\u00fcl G\u00fclda\u011f K\u00fc\u00e7\u00fcksahin e\u015flik etti. Program ak\u0131\u015f\u0131nda Sultaniyegah, \u015eahniyegah, Segah ve Hicaz gibi farkl\u0131 makamlardan eserlere yer verildi. Seslendirilen eserler aras\u0131nda Sultaniyegah (A\u011f\u0131r Semai), H\u00fczzam (A\u011f\u0131r Semai) ve Segah (Niyaz \u0130lahisi) gibi klasik formdaki \u00f6rnekler yer ald\u0131. Sanat\u00e7\u0131lar, eserlerin icras\u0131 s\u0131ras\u0131nda geleneksel \u00fcslubun korunmas\u0131na \u00f6zen g\u00f6sterdi.&nbsp;<\/p>\n\n\n\n<p>Etkinlik boyunca dinleyicilere da\u011f\u0131t\u0131lan program kitap\u00e7\u0131klar\u0131yla eserlerin s\u00f6zleri ve bestek\u00e2rlar\u0131 hakk\u0131nda ek bilgiler sunuldu. Program\u0131n sonunda, kat\u0131l\u0131mc\u0131lardan gelen sorular yan\u0131tlad\u0131 ve sanat\u00e7\u0131lara te\u015fekk\u00fcr belgesi takdim edildi.&nbsp;<\/p>\n","protected":false},"excerpt":{"rendered":"<p>Haber: Zeynep G\u00f6ger\u00e7in Foto\u011fraf: Ganime \u0130layda K\u0131l\u0131\u00e7 Edit\u00f6r: \u00d6zg\u00fcr Recep Kocao\u011flu \u0130stanbul, (\u0130\u00dc Haber Merkezi) &#8211; \u201cSamiha Ayverdi\u2019nin \u0130zinde: Ge\u00e7mi\u015ften G\u00fcn\u00fcm\u00fcze T\u00fcrk Musikisi\u201d ba\u015fl\u0131kl\u0131 s\u00f6yle\u015fide T\u00fcrk musikisinin se\u00e7kin eserleri tarihsel hik\u00e2yeleriyle birlikte ele al\u0131nd\u0131. \u0130stanbul \u00dcniversitesi (\u0130\u00dc) Edebiyat Fak\u00fcltesi Tarih B\u00f6l\u00fcm\u00fc taraf\u0131ndan 27 Nisan Pazartesi g\u00fcn\u00fc Kurul Odas\u0131\u2019nda T\u00fcrk k\u00fclt\u00fcr hayat\u0131n\u0131n \u00f6nemli isimlerinden Samiha Ayverdi\u2019nin [&hellip;]<\/p>\n","protected":false},"author":14,"featured_media":28804,"comment_status":"closed","ping_status":"open","sticky":false,"template":"","format":"standard","meta":{"jnews-multi-image_gallery":[],"jnews_single_post":{"format":"standard"},"jnews_primary_category":[],"jnews_social_meta":[],"jnews_override_counter":[],"footnotes":""},"categories":[1,159,28,34,30,2085,2348,35],"tags":[571,4064,43,3218,4088,3863],"class_list":["post-28802","post","type-post","status-publish","format-standard","has-post-thumbnail","hentry","category-genel","category-sag-manset","category-istanbul","category-universite","category-kultur-sanat","category-manset-haber","category-manset-yani","category-yasam","tag-edebiyat-fakultesi","tag-ganime-ilayda-kilic-2","tag-istanbul-universitesi","tag-ozgur-recep-kocaoglu","tag-samiha-ayverdi","tag-zeynep-gogercin-2"],"_links":{"self":[{"href":"https:\/\/iletim.istanbul.edu.tr\/index.php\/wp-json\/wp\/v2\/posts\/28802","targetHints":{"allow":["GET"]}}],"collection":[{"href":"https:\/\/iletim.istanbul.edu.tr\/index.php\/wp-json\/wp\/v2\/posts"}],"about":[{"href":"https:\/\/iletim.istanbul.edu.tr\/index.php\/wp-json\/wp\/v2\/types\/post"}],"author":[{"embeddable":true,"href":"https:\/\/iletim.istanbul.edu.tr\/index.php\/wp-json\/wp\/v2\/users\/14"}],"replies":[{"embeddable":true,"href":"https:\/\/iletim.istanbul.edu.tr\/index.php\/wp-json\/wp\/v2\/comments?post=28802"}],"version-history":[{"count":1,"href":"https:\/\/iletim.istanbul.edu.tr\/index.php\/wp-json\/wp\/v2\/posts\/28802\/revisions"}],"predecessor-version":[{"id":28805,"href":"https:\/\/iletim.istanbul.edu.tr\/index.php\/wp-json\/wp\/v2\/posts\/28802\/revisions\/28805"}],"wp:featuredmedia":[{"embeddable":true,"href":"https:\/\/iletim.istanbul.edu.tr\/index.php\/wp-json\/wp\/v2\/media\/28804"}],"wp:attachment":[{"href":"https:\/\/iletim.istanbul.edu.tr\/index.php\/wp-json\/wp\/v2\/media?parent=28802"}],"wp:term":[{"taxonomy":"category","embeddable":true,"href":"https:\/\/iletim.istanbul.edu.tr\/index.php\/wp-json\/wp\/v2\/categories?post=28802"},{"taxonomy":"post_tag","embeddable":true,"href":"https:\/\/iletim.istanbul.edu.tr\/index.php\/wp-json\/wp\/v2\/tags?post=28802"}],"curies":[{"name":"wp","href":"https:\/\/api.w.org\/{rel}","templated":true}]}}