{"id":28811,"date":"2026-04-29T16:47:58","date_gmt":"2026-04-29T13:47:58","guid":{"rendered":"https:\/\/iletim.istanbul.edu.tr\/?p=28811"},"modified":"2026-04-29T16:50:07","modified_gmt":"2026-04-29T13:50:07","slug":"is-hayati-101-etkinligi-duzenlendi","status":"publish","type":"post","link":"https:\/\/iletim.istanbul.edu.tr\/index.php\/2026\/04\/29\/is-hayati-101-etkinligi-duzenlendi\/","title":{"rendered":"\u0130\u015f Hayat\u0131 101 Etkinli\u011fi D\u00fczenlendi"},"content":{"rendered":"\n<p><strong>Haber: Muhammed Akt\u0131<\/strong><\/p>\n\n\n\n<p><strong>Foto\u011fraf: Murat B\u0131\u00e7ak\u00e7\u0131<\/strong><\/p>\n\n\n\n<p><strong>Edit\u00f6r: Melek \u00d6zt\u00fcrk<\/strong><\/p>\n\n\n\n<p><strong>\u0130stanbul, (\u0130\u00dc Haber Merkezi) &#8211; \u0130stanbul \u00dcniversitesi \u0130leti\u015fim Fak\u00fcltesi&#8217;nde Ajans \u0130stanbul \u0130leti\u015fim ev sahipli\u011fiyle BirlikteBir.\u0130z kurucu orta\u011f\u0131 Melodi \u015eahin\u2019in kat\u0131l\u0131m\u0131yla \u0130\u015f Hayat\u0131 101 Etkinli\u011fi ger\u00e7ekle\u015ftirildi<\/strong>.<\/p>\n\n\n\n<p>\u0130stanbul \u00dcniversitesi \u0130leti\u015fim Fak\u00fcltesi\u2019nde, Ajans \u0130stanbul \u0130leti\u015fim ev sahipli\u011finde i\u015f d\u00fcnyas\u0131na haz\u0131rl\u0131k s\u00fcrecine katk\u0131 sunmay\u0131 ama\u00e7layan \u201c\u0130\u015f Hayat\u0131 101\u201d etkinli\u011fi, BirlikteBir.\u0130z kurucu orta\u011f\u0131 Melodi \u015eahin\u2019in kat\u0131l\u0131m\u0131yla 27 Nisan Pazartesi g\u00fcn\u00fc Metin Erksan Sinema Salonu\u2019nda ger\u00e7ekle\u015ftirildi.<\/p>\n\n\n\n<p>\u0130\u015f hayat\u0131 ve kariyer yolculu\u011funa dair kritik ba\u015fl\u0131klar\u0131n ele al\u0131nd\u0131\u011f\u0131 programda, etkili CV haz\u0131rlama, m\u00fclakat teknikleri ve duygusal dayan\u0131kl\u0131l\u0131k gibi i\u015f d\u00fcnyas\u0131n\u0131n \u00f6nemli konular\u0131 interaktif bir \u015fekilde ele al\u0131nd\u0131.Etkinlik, \u0130stanbul \u00dcniversitesi \u0130leti\u015fim Fak\u00fcltesi Halkla \u0130li\u015fkiler ve Tan\u0131t\u0131m B\u00f6l\u00fcm Ba\u015fkan\u0131 Prof. Dr. Emine Yava\u015fgel\u2019in a\u00e7\u0131l\u0131\u015f konu\u015fmas\u0131yla ba\u015flad\u0131. Yava\u015fgel, konu\u015fmas\u0131nda program\u0131n kat\u0131l\u0131mc\u0131lar\u0131n fark\u0131ndal\u0131\u011f\u0131n\u0131 art\u0131rmay\u0131 hedefledi\u011fini ve bu t\u00fcr etkinliklerin \u00f6\u011frencilerin farkl\u0131 deneyimlerle bulu\u015fmas\u0131 a\u00e7\u0131s\u0131ndan \u00f6nemli oldu\u011funu belirtti. Melodi \u015eahin, s\u00f6zlerine etkinli\u011fin i\u00e7eri\u011fini \u201c\u0130\u015fe girmek, i\u015fte ba\u015far\u0131l\u0131 olmak ve gelece\u011fi tasarlamak\u201d olmak \u00fczere \u00fc\u00e7 ba\u015fl\u0131\u011fa ay\u0131rd\u0131\u011f\u0131n\u0131 ifade ederek ba\u015flad\u0131.<\/p>\n\n\n<div class=\"wp-block-image\">\n<figure class=\"aligncenter size-large\"><img decoding=\"async\" width=\"1024\" height=\"683\" src=\"https:\/\/iletim.istanbul.edu.tr\/wp-content\/uploads\/20260427-155009-1-1-1-1024x683.jpg\" alt=\"\" class=\"wp-image-28813\" srcset=\"https:\/\/iletim.istanbul.edu.tr\/wp-content\/uploads\/20260427-155009-1-1-1-1024x683.jpg 1024w, https:\/\/iletim.istanbul.edu.tr\/wp-content\/uploads\/20260427-155009-1-1-1-300x200.jpg 300w, https:\/\/iletim.istanbul.edu.tr\/wp-content\/uploads\/20260427-155009-1-1-1-768x512.jpg 768w, https:\/\/iletim.istanbul.edu.tr\/wp-content\/uploads\/20260427-155009-1-1-1-1536x1024.jpg 1536w, https:\/\/iletim.istanbul.edu.tr\/wp-content\/uploads\/20260427-155009-1-1-1-2048x1365.jpg 2048w, https:\/\/iletim.istanbul.edu.tr\/wp-content\/uploads\/20260427-155009-1-1-1-750x500.jpg 750w, https:\/\/iletim.istanbul.edu.tr\/wp-content\/uploads\/20260427-155009-1-1-1-1140x760.jpg 1140w\" sizes=\"(max-width: 1024px) 100vw, 1024px\" \/><\/figure><\/div>\n\n\n<p><strong>CV\u2019nin ger\u00e7ek amac\u0131 ve network kavram\u0131&nbsp;<\/strong><\/p>\n\n\n\n<p>\u015eahin, CV\u2019nin temel amac\u0131n\u0131n san\u0131ld\u0131\u011f\u0131 gibi sadece bir belge doldurmak olmad\u0131\u011f\u0131n\u0131 belirterek, CV\u2019nin bireyin kendisini kar\u015f\u0131 tarafa anlatma arac\u0131 oldu\u011funu ifade etti. CV\u2019nin gereksiz detaylarla de\u011fil, ki\u015finin yeteneklerini ve kendini do\u011fru \u015fekilde ifade etme bi\u00e7imiyle de\u011fer kazand\u0131\u011f\u0131n\u0131 s\u00f6yleyen \u015eahin, bireylerin \u00f6ncelikle kendilerini tan\u0131malar\u0131 gerekti\u011fini vurgulad\u0131.\u015eahin, CV haz\u0131rlama s\u00fcrecinde en \u00f6nemli ad\u0131m\u0131n ki\u015finin kendi yeteneklerini fark etmesi oldu\u011funu belirterek, bireylerin g\u00fc\u00e7l\u00fc y\u00f6nlerini do\u011fru \u015fekilde ortaya koyduklar\u0131nda i\u015f d\u00fcnyas\u0131nda do\u011fru f\u0131rsatlarla e\u015fle\u015fme ihtimallerinin artt\u0131\u011f\u0131n\u0131 aktard\u0131.<\/p>\n\n\n\n<p>Networking kavram\u0131na da de\u011finen \u015eahin, ger\u00e7ek network\u2019\u00fcn yaln\u0131zca LinkedIn ba\u011flant\u0131lar\u0131 veya resmi etkinliklerden ibaret olmad\u0131\u011f\u0131n\u0131 s\u00f6yledi. Networking\u2019in bireyin g\u00fcnl\u00fck ya\u015fam\u0131nda ileti\u015fim kurdu\u011fu t\u00fcm insanlar \u00fczerinden olu\u015ftu\u011funu ifade eden \u015eahin, as\u0131l a\u011f\u0131n arkada\u015flar, aile, hocalar ve do\u011frudan temas kurulan ki\u015filerden olu\u015ftu\u011funu belirtti. \u015eahin, networking\u2019in temelinde g\u00fcven ve kar\u015f\u0131l\u0131kl\u0131 ili\u015fki bulundu\u011funu vurgulayarak, bireylerin sosyal ili\u015fkilerinde sorumluluk sahibi davranmas\u0131n\u0131n uzun vadede profesyonel hayatta referans ve f\u0131rsatlara d\u00f6n\u00fc\u015febilece\u011fini aktard\u0131.<\/p>\n\n\n\n<p><strong>\u0130\u015f hayat\u0131nda sorumluluk ve profosyonel davran\u0131\u015f&nbsp;<\/strong><\/p>\n\n\n\n<p>\u015eahin, i\u015f hayat\u0131na ge\u00e7i\u015f s\u00fcrecini okul ya\u015fam\u0131ndan farkl\u0131 bir d\u00f6n\u00fcm noktas\u0131 olarak tan\u0131mlayarak, bireylerin art\u0131k kendi kararlar\u0131n\u0131 almak ve sorumluluklar\u0131n\u0131 \u00fcstlenmek zorunda olduklar\u0131n\u0131 ifade etti. \u015eahin, i\u015f ya\u015fam\u0131nda ba\u015far\u0131n\u0131n yaln\u0131zca bilgiye de\u011fil, sorumluluk bilinci ve g\u00fcvenilirlik alg\u0131s\u0131na ba\u011fl\u0131 oldu\u011funu s\u00f6yledi. \u015eahin, i\u015f hayat\u0131nda motivasyonun belirleyici bir unsur oldu\u011funu vurgulayarak, \u00f6zellikle giri\u015f seviyesinde \u00e7al\u0131\u015fanlardan y\u00fcksek bilgi birikiminden \u00e7ok istek, enerji ve \u00f6\u011frenme motivasyonu beklendi\u011fini aktard\u0131. Yapay zek\u00e2 ve teknolojik geli\u015fmelerle birlikte bilginin eri\u015filebilir hale geldi\u011fini belirten \u015eahin, bu nedenle bireylerin tutum ve davran\u0131\u015flar\u0131n\u0131n daha kritik hale geldi\u011fini ifade etti.<\/p>\n\n\n\n<p><strong>Mail takvim ve i\u015f organizasyonu&nbsp;<\/strong><\/p>\n\n\n\n<p>\u0130\u015f hayat\u0131nda dijital ara\u00e7 kullan\u0131m\u0131n\u0131n \u00f6nemine dikkat \u00e7ekerek mail ve takvim y\u00f6netiminin profesyonel ya\u015fam\u0131n temel par\u00e7alar\u0131ndan biri oldu\u011funu aktard\u0131. \u00d6zellikle toplant\u0131lar\u0131n ka\u00e7\u0131r\u0131lmamas\u0131, i\u015f ak\u0131\u015f\u0131n\u0131n planl\u0131 y\u00fcr\u00fct\u00fclmesi ve bildirim sistemlerinin etkin kullan\u0131lmas\u0131 gerekti\u011fini ifade etti. Gen\u00e7 \u00e7al\u0131\u015fanlar\u0131n takvim kullan\u0131m\u0131na yeterince \u00f6nem vermedi\u011fini belirten \u015eahin, bu al\u0131\u015fkanl\u0131\u011f\u0131n erken d\u00f6nemde kazan\u0131lmas\u0131n\u0131n i\u015f hayat\u0131nda b\u00fcy\u00fck avantaj sa\u011flayaca\u011f\u0131n\u0131 s\u00f6yledi. Planl\u0131 \u00e7al\u0131\u015fan bireylerin hem zaman y\u00f6netiminde hem de sorumluluk alg\u0131s\u0131nda daha ba\u015far\u0131l\u0131 oldu\u011funu aktard\u0131.<\/p>\n\n\n<div class=\"wp-block-image\">\n<figure class=\"aligncenter size-large is-resized\"><img decoding=\"async\" width=\"2560\" height=\"1707\" src=\"https:\/\/iletim.istanbul.edu.tr\/wp-content\/uploads\/img-8855-2-edited-scaled.jpg\" alt=\"\" class=\"wp-image-28817\" style=\"width:829px;height:auto\" srcset=\"https:\/\/iletim.istanbul.edu.tr\/wp-content\/uploads\/img-8855-2-edited-scaled.jpg 2560w, https:\/\/iletim.istanbul.edu.tr\/wp-content\/uploads\/img-8855-2-edited-300x200.jpg 300w, https:\/\/iletim.istanbul.edu.tr\/wp-content\/uploads\/img-8855-2-edited-1024x683.jpg 1024w, https:\/\/iletim.istanbul.edu.tr\/wp-content\/uploads\/img-8855-2-edited-768x512.jpg 768w, https:\/\/iletim.istanbul.edu.tr\/wp-content\/uploads\/img-8855-2-edited-1536x1024.jpg 1536w, https:\/\/iletim.istanbul.edu.tr\/wp-content\/uploads\/img-8855-2-edited-2048x1365.jpg 2048w, https:\/\/iletim.istanbul.edu.tr\/wp-content\/uploads\/img-8855-2-edited-750x500.jpg 750w, https:\/\/iletim.istanbul.edu.tr\/wp-content\/uploads\/img-8855-2-edited-1140x760.jpg 1140w\" sizes=\"(max-width: 2560px) 100vw, 2560px\" \/><\/figure><\/div>\n\n\n<p><strong>Kariyer f\u0131rsatlar\u0131&nbsp;<\/strong><\/p>\n\n\n\n<p>\u015eahin, kurumlarda kimsenin sahiplenmedi\u011fi i\u015flerin \u00f6nemli f\u0131rsatlar sundu\u011funu belirtti. Bu t\u00fcr g\u00f6revlerin \u00fcstlenilmesinin \u00e7al\u0131\u015fanlar\u0131 y\u00f6neticiler nezdinde \u00f6ne \u00e7\u0131kard\u0131\u011f\u0131n\u0131 ifade eden \u015eahin, g\u00f6r\u00fcnmeyen i\u015fleri tamamlayan ki\u015filerin kariyerlerinde h\u0131zl\u0131 ilerleme kaydedebildi\u011fini s\u00f6yledi. Farkl\u0131 departmanlarla ileti\u015fim kurarak s\u00fcre\u00e7leri sahiplenmenin \u00f6nemine dikkat \u00e7eken \u015eahin, k\u00fc\u00e7\u00fck g\u00f6r\u00fcnen sorumluluklar\u0131n uzun vadede b\u00fcy\u00fck kariyer f\u0131rsatlar\u0131na d\u00f6n\u00fc\u015febilece\u011fini aktard\u0131.<\/p>\n\n\n\n<p><strong>\u015eirket hedefleri ve proaktif \u00e7al\u0131\u015fma&nbsp;<\/strong><\/p>\n\n\n\n<p>\u015eahin, \u00e7al\u0131\u015fanlar\u0131n yaln\u0131zca verilen g\u00f6revleri yerine getirmesinin yeterli olmad\u0131\u011f\u0131n\u0131, \u015firketin genel hedeflerini anlamalar\u0131n\u0131n kritik oldu\u011funu ifade etti. Kurumun ana KPI\u2019lar\u0131n\u0131 bilmenin ve yap\u0131lan i\u015flerin bu hedeflere katk\u0131s\u0131n\u0131 sorgulaman\u0131n profesyonel geli\u015fim a\u00e7\u0131s\u0131ndan \u00f6nemli oldu\u011funu s\u00f6yledi. \u015eahin, y\u00f6neticilere soru sormaktan \u00e7ekinilmemesi gerekti\u011fini belirterek, \u00f6\u011frenmeye a\u00e7\u0131k olman\u0131n performans de\u011ferlendirmelerinde olumlu bir etki yaratt\u0131\u011f\u0131n\u0131 aktard\u0131. Proaktif yakla\u015f\u0131m\u0131n i\u015f d\u00fcnyas\u0131nda fark yaratt\u0131\u011f\u0131n\u0131 vurgulad\u0131.<\/p>\n\n\n\n<p><strong>Hayal kurma al\u0131\u015fkanl\u0131\u011f\u0131&nbsp;&nbsp;<\/strong><\/p>\n\n\n\n<p>G\u00fcn\u00fcn ba\u015flang\u0131c\u0131nda telefon kullan\u0131m\u0131n\u0131n bireylerin zihinsel durumunu do\u011frudan etkiledi\u011fini vurgulayan \u015eahin, sabah ve gece saatlerinde dijital i\u00e7erik t\u00fcketiminin s\u0131n\u0131rland\u0131r\u0131lmas\u0131 gerekti\u011fini belirtti. Ki\u015finin g\u00fcne kendi d\u00fc\u015f\u00fcnceleriyle ba\u015flamas\u0131n\u0131n psikolojik a\u00e7\u0131dan daha sa\u011fl\u0131kl\u0131 oldu\u011funu ifade etti. \u015eahin, bireylerin kendi hedefleri ve hayalleri \u00fczerine d\u00fc\u015f\u00fcnmeleri gerekti\u011fini aktararak, sabah rutininin ki\u015fisel geli\u015fim a\u00e7\u0131s\u0131ndan kritik bir alan oldu\u011funu s\u00f6yledi.Gelecekteki benlik alg\u0131s\u0131n\u0131n bireyin karar mekanizmalar\u0131n\u0131 etkiledi\u011fini belirten \u015eahin, insanlar\u0131n \u00e7o\u011fu zaman gelecekteki kendilerini yabanc\u0131 gibi g\u00f6rd\u00fc\u011f\u00fcn\u00fc ifade etti. Bu durumun k\u0131sa vadeli kararlar\u0131n uzun vadeli hedeflerle \u00e7eli\u015fmesine neden oldu\u011funu aktard\u0131. \u015eahin, bireylerin gelecekteki ya\u015famlar\u0131n\u0131 zihinsel olarak canland\u0131rmalar\u0131n\u0131n disiplin ve hedef odakl\u0131l\u0131k a\u00e7\u0131s\u0131ndan \u00f6nemli oldu\u011funu s\u00f6yledi. K\u00fc\u00e7\u00fck ad\u0131mlar\u0131n uzun vadede b\u00fcy\u00fck de\u011fi\u015fimler yaratt\u0131\u011f\u0131n\u0131 vurgulad\u0131. \u015eahin, konu\u015fmas\u0131n\u0131n sonunda kat\u0131l\u0131mc\u0131lara gelecekteki ya\u015famlar\u0131n\u0131 zihinsel olarak canland\u0131rma egzersizi yapt\u0131rd\u0131.<\/p>\n\n\n\n<p>Melodi \u015eahin\u2019e te\u015fekk\u00fcr belgesi takdim edildikten sonra etkinlik, toplu foto\u011fraf \u00e7ekimi ile sona erdi.<\/p>\n\n\n\n<p><\/p>\n","protected":false},"excerpt":{"rendered":"<p>Haber: Muhammed Akt\u0131 Foto\u011fraf: Murat B\u0131\u00e7ak\u00e7\u0131 Edit\u00f6r: Melek \u00d6zt\u00fcrk \u0130stanbul, (\u0130\u00dc Haber Merkezi) &#8211; \u0130stanbul \u00dcniversitesi \u0130leti\u015fim Fak\u00fcltesi&#8217;nde Ajans \u0130stanbul \u0130leti\u015fim ev sahipli\u011fiyle BirlikteBir.\u0130z kurucu orta\u011f\u0131 Melodi \u015eahin\u2019in kat\u0131l\u0131m\u0131yla \u0130\u015f Hayat\u0131 101 Etkinli\u011fi ger\u00e7ekle\u015ftirildi. \u0130stanbul \u00dcniversitesi \u0130leti\u015fim Fak\u00fcltesi\u2019nde, Ajans \u0130stanbul \u0130leti\u015fim ev sahipli\u011finde i\u015f d\u00fcnyas\u0131na haz\u0131rl\u0131k s\u00fcrecine katk\u0131 sunmay\u0131 ama\u00e7layan \u201c\u0130\u015f Hayat\u0131 101\u201d etkinli\u011fi, BirlikteBir.\u0130z [&hellip;]<\/p>\n","protected":false},"author":14,"featured_media":28813,"comment_status":"closed","ping_status":"open","sticky":false,"template":"","format":"standard","meta":{"jnews-multi-image_gallery":[],"jnews_single_post":{"format":"standard"},"jnews_primary_category":[],"jnews_social_meta":[],"jnews_override_counter":[],"footnotes":""},"categories":[25,34,178,2085,2348],"tags":[3051,40,43,3349,3763,4089],"class_list":["post-28811","post","type-post","status-publish","format-standard","has-post-thumbnail","hentry","category-egitim","category-universite","category-fakultemizden","category-manset-haber","category-manset-yani","tag-cv","tag-iletisim-fakultesi","tag-istanbul-universitesi","tag-melek-ozturk","tag-network","tag-sorumluluk"],"_links":{"self":[{"href":"https:\/\/iletim.istanbul.edu.tr\/index.php\/wp-json\/wp\/v2\/posts\/28811","targetHints":{"allow":["GET"]}}],"collection":[{"href":"https:\/\/iletim.istanbul.edu.tr\/index.php\/wp-json\/wp\/v2\/posts"}],"about":[{"href":"https:\/\/iletim.istanbul.edu.tr\/index.php\/wp-json\/wp\/v2\/types\/post"}],"author":[{"embeddable":true,"href":"https:\/\/iletim.istanbul.edu.tr\/index.php\/wp-json\/wp\/v2\/users\/14"}],"replies":[{"embeddable":true,"href":"https:\/\/iletim.istanbul.edu.tr\/index.php\/wp-json\/wp\/v2\/comments?post=28811"}],"version-history":[{"count":3,"href":"https:\/\/iletim.istanbul.edu.tr\/index.php\/wp-json\/wp\/v2\/posts\/28811\/revisions"}],"predecessor-version":[{"id":28820,"href":"https:\/\/iletim.istanbul.edu.tr\/index.php\/wp-json\/wp\/v2\/posts\/28811\/revisions\/28820"}],"wp:featuredmedia":[{"embeddable":true,"href":"https:\/\/iletim.istanbul.edu.tr\/index.php\/wp-json\/wp\/v2\/media\/28813"}],"wp:attachment":[{"href":"https:\/\/iletim.istanbul.edu.tr\/index.php\/wp-json\/wp\/v2\/media?parent=28811"}],"wp:term":[{"taxonomy":"category","embeddable":true,"href":"https:\/\/iletim.istanbul.edu.tr\/index.php\/wp-json\/wp\/v2\/categories?post=28811"},{"taxonomy":"post_tag","embeddable":true,"href":"https:\/\/iletim.istanbul.edu.tr\/index.php\/wp-json\/wp\/v2\/tags?post=28811"}],"curies":[{"name":"wp","href":"https:\/\/api.w.org\/{rel}","templated":true}]}}