{"id":28823,"date":"2026-04-29T18:38:16","date_gmt":"2026-04-29T15:38:16","guid":{"rendered":"https:\/\/iletim.istanbul.edu.tr\/?p=28823"},"modified":"2026-04-29T18:38:17","modified_gmt":"2026-04-29T15:38:17","slug":"gelecege-ilk-adim-istanbul-universitesi-kariyer-gunleri","status":"publish","type":"post","link":"https:\/\/iletim.istanbul.edu.tr\/index.php\/2026\/04\/29\/gelecege-ilk-adim-istanbul-universitesi-kariyer-gunleri\/","title":{"rendered":"Gelece\u011fe \u0130lk Ad\u0131m: \u0130stanbul \u00dcniversitesi Kariyer G\u00fcnleri\u00a0"},"content":{"rendered":"\n<p><strong>Haber: Ebrar S\u00fceda \u00dcnalan, Zeynep Yolhan \u015eeflek<\/strong><\/p>\n\n\n\n<p><strong>Foto\u011fraf: Muhammed Akti<\/strong><\/p>\n\n\n\n<p><strong>Edit\u00f6r: Melek \u00d6zt\u00fcrk<\/strong><\/p>\n\n\n\n<p><strong>\u0130stanbul, (\u0130\u00dc Haber Ajans\u0131) &#8211; \u0130stanbul \u00dcniversitesi Kariyer G\u00fcnleri etkinli\u011finin ilk oturumu \u00f6\u011frenci ve mezunlar\u0131n kat\u0131l\u0131m\u0131yla ger\u00e7ekle\u015fti.&nbsp;<\/strong><\/p>\n\n\n\n<p>\u0130stanbul \u00dcniversitesi Kariyer Geli\u015ftirme Uygulama ve Ara\u015ft\u0131rma Merkezi (KAGEM) taraf\u0131ndan d\u00fczenlenen \u0130stanbul \u00dcniversitesi Kariyer G\u00fcnleri etkinli\u011finin ilk oturumu, 28 Nisan \u0130\u00dc Rekt\u00f6rl\u00fc\u011f\u00fc Doktora Salonu ve Protokol Yolunda ger\u00e7ekle\u015fti. Etkinlik, KAGEM M\u00fcd\u00fcr\u00fc Prof. Dr. Fulya Ayd\u0131nl\u0131 Kulak\u2019\u0131n a\u00e7\u0131l\u0131\u015f konu\u015fmas\u0131yla ba\u015flad\u0131. \u0130\u00dc Rekt\u00f6r\u00fc Prof. Dr. Osman B\u00fclent Z\u00fclfikar\u2019\u0131n konu\u015fmas\u0131yla devam eden oturum; \u0130\u00dc Rekt\u00f6r Yard\u0131mc\u0131s\u0131 Prof. Dr. Levent \u015eahin, \u0130\u00dc Rekt\u00f6r Ba\u015fdan\u0131\u015fman\u0131 Haluk Z\u00fclfikar ve Prof. Dr. Mehmet Adak\u2019\u0131n kat\u0131l\u0131mlar\u0131yla s\u00fcrd\u00fc.<\/p>\n\n\n\n<p><strong>KAGEM\u2019den \u00f6\u011frencilere y\u00f6nelik hedef<\/strong><\/p>\n\n\n\n<p><br>Etkinli\u011fin d\u00fczenlenmesinin amac\u0131na de\u011finen Kulak, \u201cKariyer geli\u015ftirme merkezi olarak \u00f6\u011frencilerimizin kendilerini daha isabetli bir bi\u00e7imde tan\u0131malar\u0131n\u0131, i\u015f hayat\u0131na, sekt\u00f6rlere ve mesleklere ili\u015fkin g\u00fcncel bilgiler edinmelerini kendi \u00f6zelliklerine uygun i\u015flere y\u00f6nelmelerini hedefliyoruz\u201d ifadelerini kulland\u0131. Ulusal staj program\u0131ndan bahseden Kulak, \u00f6\u011frencilere kariyer geli\u015ftirme alan\u0131nda sa\u011flad\u0131klar\u0131 yararlar\u0131 belirtti. Web sitelerinden bir\u00e7ok hizmetten haberdar olabileceklerini s\u00f6yleyen Kulak; CV yaz\u0131m\u0131, m\u00fclakat teknikleri gibi konulardan da faydalanabileceklerini aktard\u0131.&nbsp;<\/p>\n\n\n<div class=\"wp-block-image\">\n<figure class=\"aligncenter size-large\"><img decoding=\"async\" width=\"1024\" height=\"683\" src=\"https:\/\/iletim.istanbul.edu.tr\/wp-content\/uploads\/img-8927-1-1-1-1024x683.jpg\" alt=\"\" class=\"wp-image-28825\" srcset=\"https:\/\/iletim.istanbul.edu.tr\/wp-content\/uploads\/img-8927-1-1-1-1024x683.jpg 1024w, https:\/\/iletim.istanbul.edu.tr\/wp-content\/uploads\/img-8927-1-1-1-300x200.jpg 300w, https:\/\/iletim.istanbul.edu.tr\/wp-content\/uploads\/img-8927-1-1-1-768x512.jpg 768w, https:\/\/iletim.istanbul.edu.tr\/wp-content\/uploads\/img-8927-1-1-1-1536x1024.jpg 1536w, https:\/\/iletim.istanbul.edu.tr\/wp-content\/uploads\/img-8927-1-1-1-2048x1365.jpg 2048w, https:\/\/iletim.istanbul.edu.tr\/wp-content\/uploads\/img-8927-1-1-1-750x500.jpg 750w, https:\/\/iletim.istanbul.edu.tr\/wp-content\/uploads\/img-8927-1-1-1-1140x760.jpg 1140w\" sizes=\"(max-width: 1024px) 100vw, 1024px\" \/><\/figure><\/div>\n\n\n<p><strong>\u201cHepimizin \u00fcretime katk\u0131da bulunmas\u0131 gerekiyor\u201d<\/strong><\/p>\n\n\n\n<p>Kariyer G\u00fcn\u00fc hakk\u0131nda konu\u015fan Z\u00fclfikar, \u00f6\u011frencilerin kariyerlerini geli\u015ftirmeleri i\u00e7in tavsiyeler verdi. Kendi tecr\u00fcbelerinden de bahseden Z\u00fclfikar, \u201cBir yap\u0131 i\u00e7erisindeysek onu geli\u015ftirmesi ve bir yere ta\u015f\u0131mas\u0131 gerekiyor. Hayat\u0131n i\u00e7erisinde \u00f6\u011frencilikten y\u00f6neticili\u011fe gibi farkl\u0131 farkl\u0131 sekt\u00f6rlere ta\u015f\u0131yor olmas\u0131 laz\u0131m\u201d ifadelerini kulland\u0131.\u00a0\u00dcretime katk\u0131n\u0131n \u00f6nemine de\u011finen Z\u00fclfikar, belli bir noktada stabil kalmak yerine yeni bilgilerle geli\u015fmek gerekti\u011finden bahsetti. Z\u00fclfikar, \u201cBilginin \u00fcst\u00fcne yeni bilgi ekleyebilmek \u00e7ok \u00f6nemli. \u015eimdi siz kariyer g\u00fcnlerine buradan geldi\u011finiz zaman hi\u00e7birimiz bu masada, bu salonda oturdu\u011fumuz gibi oturmaya devam etmeyece\u011fiz hayat\u0131m\u0131zda. Hepimizin \u00fcretime katk\u0131da bulunmas\u0131 gerekiyor.\u201d dedi.\u00a0<\/p>\n\n\n<div class=\"wp-block-image\">\n<figure class=\"aligncenter size-large\"><img decoding=\"async\" width=\"1024\" height=\"683\" src=\"https:\/\/iletim.istanbul.edu.tr\/wp-content\/uploads\/img-8965-1-1-1-1024x683.jpg\" alt=\"\" class=\"wp-image-28828\" srcset=\"https:\/\/iletim.istanbul.edu.tr\/wp-content\/uploads\/img-8965-1-1-1-1024x683.jpg 1024w, https:\/\/iletim.istanbul.edu.tr\/wp-content\/uploads\/img-8965-1-1-1-300x200.jpg 300w, https:\/\/iletim.istanbul.edu.tr\/wp-content\/uploads\/img-8965-1-1-1-768x512.jpg 768w, https:\/\/iletim.istanbul.edu.tr\/wp-content\/uploads\/img-8965-1-1-1-1536x1024.jpg 1536w, https:\/\/iletim.istanbul.edu.tr\/wp-content\/uploads\/img-8965-1-1-1-2048x1365.jpg 2048w, https:\/\/iletim.istanbul.edu.tr\/wp-content\/uploads\/img-8965-1-1-1-750x500.jpg 750w, https:\/\/iletim.istanbul.edu.tr\/wp-content\/uploads\/img-8965-1-1-1-1140x760.jpg 1140w\" sizes=\"(max-width: 1024px) 100vw, 1024px\" \/><\/figure><\/div>\n\n\n<p><strong>Yetkinlikler ve kariyer hedef planlamas\u0131<\/strong><\/p>\n\n\n\n<p>Kendini geli\u015ftirmenin \u00f6nemine de\u011finen \u015eahin, bir i\u015fte ba\u015far\u0131l\u0131 olman\u0131n her g\u00fcn kendine bir bilgi katmaktan ge\u00e7ti\u011fini belirtti. \u00dcniversitelerin kariyer geli\u015ftirme alan\u0131nda \u00f6nemini vurgulayan \u015eahin, k\u00fcresel i\u015f d\u00fcnyas\u0131n\u0131n arzu etti\u011fi 10 temel yetkinli\u011fi aktard\u0131. \u015eahin, \u201cBizden arzu edilen yetkinlik setleri \u00e7ok h\u0131zl\u0131 bir \u015fekilde de\u011fi\u015fiyor ve geli\u015fiyor. Bunlar\u0131 kovalamam\u0131z gerekiyor\u201d ifadelerini kulland\u0131. \u00c7evremizdeki insanlar\u0131n hayat\u0131m\u0131z\u0131 \u015fekillendirdi\u011fini s\u00f6yleyen Adak ise bulundu\u011fumuz topluluklar\u0131n kariyerimizi y\u00f6nlendirece\u011finden bahsetti. Kariyerimizi geli\u015ftirmenin en \u00f6nemli yollar\u0131ndan birinin hedef planlamas\u0131 oldu\u011funu anlatan, \u0130\u00dc Rekt\u00f6r Ba\u015fdan\u0131\u015fman\u0131 Haluk Z\u00fclfikar, alan\u0131nda yetkin ki\u015filerle konu\u015fulmas\u0131 gerekti\u011fini vurgulad\u0131. \u00d6nemli olan d\u00f6rt kelimeden bahseden Z\u00fclfikar,\u00a0 \u201c\u00d6\u011frenmek, bulu\u015fmak, anla\u015fmak, uzla\u015fmak. Bu oturumlarda \u00f6\u011freneceksiniz a\u015fa\u011f\u0131 ineceksiniz, sekt\u00f6rden yeni gelenlerle bulu\u015facaks\u0131n\u0131z. Onlarla uzla\u015fmaya \u00e7al\u0131\u015facaks\u0131n\u0131z. Anla\u015fmaya \u00e7al\u0131\u015facaks\u0131n\u0131z.\u201d dedi.<\/p>\n\n\n\n<p><strong>Risk y\u00f6netme sanat\u0131: Sigorta<\/strong><\/p>\n\n\n\n<p>\u0130kinci oturumda etkinli\u011fe T\u00fcrkiye Sigortalar Birli\u011fi Genel Sekreter Yard\u0131mc\u0131s\u0131 Ahmet G\u00f6kda\u011f ve T\u00fcrkiye Sigortalar Birli\u011fi Yang\u0131n, Sa\u011fl\u0131k, Sorumluluk ve Oto D\u0131\u015f\u0131 Hasar B\u00f6l\u00fcm Y\u00f6netici Simge Ba\u011fc\u0131 konuk oldu. Sigortan\u0131n ne anlama geldi\u011fini anlatan G\u00f6kda\u011f, \u201cSigortac\u0131l\u0131k asl\u0131nda sizin maruz kalabilece\u011finiz risklerin para kar\u015f\u0131l\u0131\u011f\u0131 birine devredilmesidir. Deprem, sa\u011fl\u0131k, \u00f6l\u00fcm gibi riskler olabilir\u201d dedi. Sigortan\u0131n yard\u0131mla\u015fma ve dayan\u0131\u015fma mekanizmas\u0131na dayand\u0131\u011f\u0131n\u0131 s\u00f6yleyen G\u00f6kda\u011f, ge\u00e7mi\u015fteki baz\u0131 olaylar\u0131n modern sigortac\u0131l\u0131\u011f\u0131n temellerini att\u0131\u011f\u0131n\u0131 belirtti.&nbsp;<\/p>\n\n\n<div class=\"wp-block-image\">\n<figure class=\"aligncenter size-large\"><img decoding=\"async\" width=\"1024\" height=\"683\" src=\"https:\/\/iletim.istanbul.edu.tr\/wp-content\/uploads\/img-9024-1-1-1-1024x683.jpg\" alt=\"\" class=\"wp-image-28830\" srcset=\"https:\/\/iletim.istanbul.edu.tr\/wp-content\/uploads\/img-9024-1-1-1-1024x683.jpg 1024w, https:\/\/iletim.istanbul.edu.tr\/wp-content\/uploads\/img-9024-1-1-1-300x200.jpg 300w, https:\/\/iletim.istanbul.edu.tr\/wp-content\/uploads\/img-9024-1-1-1-768x512.jpg 768w, https:\/\/iletim.istanbul.edu.tr\/wp-content\/uploads\/img-9024-1-1-1-1536x1024.jpg 1536w, https:\/\/iletim.istanbul.edu.tr\/wp-content\/uploads\/img-9024-1-1-1-2048x1365.jpg 2048w, https:\/\/iletim.istanbul.edu.tr\/wp-content\/uploads\/img-9024-1-1-1-750x500.jpg 750w, https:\/\/iletim.istanbul.edu.tr\/wp-content\/uploads\/img-9024-1-1-1-1140x760.jpg 1140w\" sizes=\"(max-width: 1024px) 100vw, 1024px\" \/><\/figure><\/div>\n\n\n<p><strong>K\u00fcresel piyasalar ve denetim g\u00fcc\u00fc&nbsp;<\/strong><\/p>\n\n\n\n<p>Sigorta sisteminin nas\u0131l \u00e7al\u0131\u015ft\u0131\u011f\u0131n\u0131 aktaran G\u00f6kda\u011f, \u201cBir prim veriyorsunuz. O primin kar\u015f\u0131l\u0131\u011f\u0131nda teminat\u0131n\u0131z\u0131n limiti art\u0131yor, azal\u0131yor\u201d dedi. T\u00fcrkiye\u2019de bir\u00e7ok sigorta sisteminin bu \u015fekilde \u00e7al\u0131\u015ft\u0131\u011f\u0131n\u0131 vurgulayan G\u00f6kda\u011f, istatiklerin genelde \u015fa\u015fmad\u0131\u011f\u0131n\u0131 s\u00f6yledi. T\u00fcrkiye sigorta sistemini anlatan G\u00f6kda\u011f s\u00f6zlerine \u015f\u00f6yle devam etti:&nbsp;<\/p>\n\n\n\n<p>\u201cT\u00fcrk sigorta piyasas\u0131 bir kamu kurumu taraf\u0131ndan d\u00fczenleniyor. Kurallar\u0131 olan bir i\u015f bu y\u00fczden de \u00e7ok fazla denetleme var. T\u00fcrkiye&#8217;de bir deprem oldu\u011fundan bu deprem sadece T\u00fcrkiye&#8217;deki \u015firketlerin \u00f6denen bir tazminat\u0131 olmuyor. Bu d\u00fcnyaya da\u011f\u0131l\u0131yor. Sigorta piyasas\u0131n\u0131n en g\u00fczel taraf\u0131 budur. D\u00fcnyadaki t\u00fcm riskler ortak da\u011f\u0131l\u0131r. Hi\u00e7 kimse \u00fczerimizde tek ba\u015f\u0131na risk tutmaz. T\u00fcrkiye&#8217;de de bu \u015fekilde. \u0130\u015fte burada bu \u015fema belki sizlerin kariyer yolculu\u011funda i\u015finize yarayabilir. Bu alan\u0131 se\u00e7ebilirsiniz ya da size yol g\u00f6sterici olan biri olabilir.\u201d<\/p>\n\n\n\n<p><strong>K\u00fcresel piyasalar ve denetim g\u00fcc\u00fc&nbsp;<\/strong><\/p>\n\n\n\n<p>Dijital zekan\u0131n sigortac\u0131l\u0131\u011f\u0131n avantajlar\u0131na de\u011finen Ba\u011fc\u0131, teknolojinin geli\u015fti\u011fi zaman sigortac\u0131l\u0131\u011f\u0131n gelece\u011fimizi \u015fekillendirmede etkin bir rol oynayaca\u011f\u0131n\u0131 anlatt\u0131. Sigortac\u0131l\u0131k alan\u0131nda ki\u015fiselle\u015fmi\u015f poli\u00e7elerin yayg\u0131nla\u015faca\u011f\u0131n\u0131 s\u00f6yleyen Ba\u011fc\u0131, denetlemelerin de daha rahat olaca\u011f\u0131n\u0131 belirtti. T\u00fcrkiye\u2019nin sigorta alan\u0131nda b\u00fcy\u00fcd\u00fc\u011f\u00fcn\u00fc ve geli\u015fti\u011fini vurgulayan Ba\u011fc\u0131, gen\u00e7 n\u00fcfusun \u00f6nemine de\u011findi.\u00a0<\/p>\n\n\n\n<p><strong>\u201cTalep azalmak yerine art\u0131yor\u201d<\/strong><\/p>\n\n\n\n<p>Sigorta sekt\u00f6r\u00fcn\u00fcn \u00f6nemine de\u011finen Ba\u011fc\u0131, \u201cSigorta sekt\u00f6r\u00fc \u00fclke krizlerine ve ekonomik dalgalanmalara dayan\u0131kl\u0131 bir sekt\u00f6r. Talep azalmak yerine art\u0131yor\u201d dedi. Sigorta sekt\u00f6r\u00fcn\u00fcn uzmanl\u0131k alanlar\u0131n\u0131 belirten Ba\u011fc\u0131, sekt\u00f6r\u00fcn geni\u015f bir alan\u0131 kapsad\u0131\u011f\u0131n\u0131 ifade etti. Uzmanla\u015fmak i\u00e7in tavsiyeler veren Ba\u011fc\u0131, \u201cUluslararas\u0131 \u00e7al\u0131\u015fma f\u0131rsatlar\u0131 olduk\u00e7a y\u00fcksek ama \u00f6ncelikle sizin riski nas\u0131l y\u00f6netece\u011finizi \u00f6\u011frenmeniz gerekiyor\u201d ifadelerinde bulundu.<\/p>\n\n\n\n<p>Oturum konuklara plaket takdimi ile sona erdi.&nbsp;<\/p>\n\n\n\n<p><strong>Ge\u00e7mi\u015ften gelece\u011fe emek ve kendini tan\u0131mayla kariyer in\u015fa etmek<\/strong><\/p>\n\n\n\n<p>T\u00fcrk Hava Yollar\u0131 (THY) Sosyal ve \u0130dari \u0130\u015fler Ba\u015fkan\u0131 \u0130brahim H\u00fcnkar Han \u00c7elikhatipo\u011flu, THY \u0130nsan Fakt\u00f6rleri ve E\u011fitim Metodolojileri M\u00fcd\u00fcr\u00fc Kaptan Pilot \u0130brahim Sar\u0131kaya , yapt\u0131klar\u0131 konu\u015fmalarda, ge\u00e7mi\u015ften ilhamla gelece\u011fe y\u00f6n vermek ve kendini tan\u0131mak konular\u0131na de\u011findi.\u00a0\u00c7elikhatipo\u011flu, kariyer yolculu\u011fu i\u00e7in Mimar Sinan\u2019dan \u00f6rnek verere, \u201cMimar Sinan&#8217;la biraz kariyer yolculu\u011funu ba\u011fda\u015ft\u0131rabilirim diye d\u00fc\u015f\u00fcnd\u00fcm. Mimar Sinan biliyorsunuz Osmanl\u0131&#8217;n\u0131n ba\u015f mimar\u0131. 50&#8217;li ya\u015flarda ba\u015f mimar oluyor. 80 ya\u015f\u0131nda Selimiye&#8217;yi yap\u0131yor. Mimar Sinan bir g\u00fcnde Mimar Sinan olmad\u0131. Kayg\u0131lar\u0131m\u0131z var. Hemen i\u015fe girelim, hemen m\u00fcd\u00fcr olal\u0131m, \u015fef olal\u0131m, ba\u015fkan olal\u0131m, y\u00f6netici olal\u0131m. \u00c7ok para kazanal\u0131m. Ger\u00e7ekten b\u00f6yle bir \u015fey yok\u201d dedi. \u00c7elikhatipo\u011flu, Mimar Sinan\u2019dan sebat etmenin, vizyoner olman\u0131n, \u00f6ng\u00f6r\u00fcl\u00fc olman\u0131n ve ustala\u015fman\u0131n \u00f6\u011frenilebilece\u011fini vurgulad\u0131.<\/p>\n\n\n\n<p><\/p>\n\n\n<div class=\"wp-block-image\">\n<figure class=\"aligncenter size-large\"><img decoding=\"async\" width=\"1024\" height=\"683\" src=\"https:\/\/iletim.istanbul.edu.tr\/wp-content\/uploads\/img-9057-1-1-1-1024x683.jpg\" alt=\"\" class=\"wp-image-28832\" srcset=\"https:\/\/iletim.istanbul.edu.tr\/wp-content\/uploads\/img-9057-1-1-1-1024x683.jpg 1024w, https:\/\/iletim.istanbul.edu.tr\/wp-content\/uploads\/img-9057-1-1-1-300x200.jpg 300w, https:\/\/iletim.istanbul.edu.tr\/wp-content\/uploads\/img-9057-1-1-1-768x512.jpg 768w, https:\/\/iletim.istanbul.edu.tr\/wp-content\/uploads\/img-9057-1-1-1-1536x1024.jpg 1536w, https:\/\/iletim.istanbul.edu.tr\/wp-content\/uploads\/img-9057-1-1-1-2048x1365.jpg 2048w, https:\/\/iletim.istanbul.edu.tr\/wp-content\/uploads\/img-9057-1-1-1-750x500.jpg 750w, https:\/\/iletim.istanbul.edu.tr\/wp-content\/uploads\/img-9057-1-1-1-1140x760.jpg 1140w\" sizes=\"(max-width: 1024px) 100vw, 1024px\" \/><\/figure><\/div>\n\n\n<p><strong>Medya sekt\u00f6r\u00fcnden t\u00fcm sekt\u00f6rlere kariyerde vicdan vurgusu<\/strong><\/p>\n\n\n\n<p>Son oturumda televizyoncu, sunucu, \u015fair ve tiyatrocu \u0130brahim Sadri konu\u015fmas\u0131n\u0131 ger\u00e7ekle\u015ftirdi. Medya ve habercili\u011fin vicdanla olan ba\u011f\u0131 i\u00e7in Sadri, \u015fu s\u00f6zleri kulland\u0131:<\/p>\n\n\n\n<p>\u201cHaber dili, kurgu dili. Yani o kanal\u0131n ya da o haberi haz\u0131rlayan ki\u015fi ya da ki\u015filerin tercih etti\u011fi insanlar\u0131n r\u00f6portajlar\u0131n\u0131 izliyorsunuz. O \u015fekilde kurgulan\u0131yor. Hem \u015fu g\u00f6r\u00fc\u015fe de yer verelim, hem bu g\u00f6r\u00fc\u015fe de yer verelim de\u011fil. Tercih edilen ki\u015filere g\u00f6re size bir \u015fey g\u00f6steriliyor. Sinema tamamen kurgudur ama haberdeki kurgu dili \u00e7ok tehlikeli bir \u015feydir. 13-14 y\u0131ll\u0131k habercilik ser\u00fcvenim i\u00e7inde g\u00f6rd\u00fc\u011f\u00fcm bu durum \u00fcz\u00fcc\u00fc. B\u00fct\u00fcn global d\u00fcnyada da i\u015fler b\u00f6yle y\u00fcr\u00fcyor. Hepimiz haber merkezinin talep etti\u011fi ya da tercih etti\u011fi kurguyla herhangi bir olaya ili\u015fkin g\u00f6r\u00fcnt\u00fcleri izleyip metnini dinliyoruz. Dolay\u0131s\u0131yla bu yay\u0131n ak\u0131\u015f\u0131 meselesinde her zaman i\u00e7in mutlaka kendi vicdan\u0131m\u0131z\u0131 hesaba katmam\u0131z laz\u0131m. Ben elimden geldi\u011fince bunu yapmaya \u00e7al\u0131\u015f\u0131yorum.\u201d&nbsp;<\/p>\n\n\n<div class=\"wp-block-image\">\n<figure class=\"aligncenter size-large\"><img decoding=\"async\" width=\"1024\" height=\"683\" src=\"https:\/\/iletim.istanbul.edu.tr\/wp-content\/uploads\/img-9142-1-2-1024x683.jpg\" alt=\"\" class=\"wp-image-28834\" srcset=\"https:\/\/iletim.istanbul.edu.tr\/wp-content\/uploads\/img-9142-1-2-1024x683.jpg 1024w, https:\/\/iletim.istanbul.edu.tr\/wp-content\/uploads\/img-9142-1-2-300x200.jpg 300w, https:\/\/iletim.istanbul.edu.tr\/wp-content\/uploads\/img-9142-1-2-768x512.jpg 768w, https:\/\/iletim.istanbul.edu.tr\/wp-content\/uploads\/img-9142-1-2-1536x1024.jpg 1536w, https:\/\/iletim.istanbul.edu.tr\/wp-content\/uploads\/img-9142-1-2-2048x1365.jpg 2048w, https:\/\/iletim.istanbul.edu.tr\/wp-content\/uploads\/img-9142-1-2-750x500.jpg 750w, https:\/\/iletim.istanbul.edu.tr\/wp-content\/uploads\/img-9142-1-2-1140x760.jpg 1140w\" sizes=\"(max-width: 1024px) 100vw, 1024px\" \/><\/figure><\/div>\n\n\n<p><strong>Edebiyat ve \u015fiir arac\u0131l\u0131\u011f\u0131yla a\u015fk\u0131 anlamak<\/strong><\/p>\n\n\n\n<p>Sadri, ayn\u0131 zamanda insanlardaki \u00e2\u015f\u0131k olabilme yetene\u011finin de \u00f6nemli oldu\u011funu d\u00fc\u015f\u00fcnd\u00fc\u011f\u00fcn\u00fc ve a\u015fk\u0131n pe\u015finden gitmek i\u00e7in de edebiyat\u0131n \u015fiiri \u00f6nemli buldu\u011funu s\u00f6yledi. Sadri, a\u015fk\u0131n, k\u00f6kenindeki a\u015feka sarma\u015f\u0131\u011f\u0131n\u0131n a\u011fac\u0131 kurutmas\u0131 gibi hastal\u0131ktan ziyade muhabbete evrilmenin ilk a\u015famas\u0131 oldu\u011funu o hastal\u0131k haline tak\u0131lmamay\u0131 tavsiye etti.<\/p>\n\n\n\n<p>Soru cevab\u0131n ard\u0131ndan \u0130brahim Sadri\u2019ye plaketleri takdim edildi.<\/p>\n\n\n\n<p><\/p>\n","protected":false},"excerpt":{"rendered":"<p>Haber: Ebrar S\u00fceda \u00dcnalan, Zeynep Yolhan \u015eeflek Foto\u011fraf: Muhammed Akti Edit\u00f6r: Melek \u00d6zt\u00fcrk \u0130stanbul, (\u0130\u00dc Haber Ajans\u0131) &#8211; \u0130stanbul \u00dcniversitesi Kariyer G\u00fcnleri etkinli\u011finin ilk oturumu \u00f6\u011frenci ve mezunlar\u0131n kat\u0131l\u0131m\u0131yla ger\u00e7ekle\u015fti.&nbsp; \u0130stanbul \u00dcniversitesi Kariyer Geli\u015ftirme Uygulama ve Ara\u015ft\u0131rma Merkezi (KAGEM) taraf\u0131ndan d\u00fczenlenen \u0130stanbul \u00dcniversitesi Kariyer G\u00fcnleri etkinli\u011finin ilk oturumu, 28 Nisan \u0130\u00dc Rekt\u00f6rl\u00fc\u011f\u00fc Doktora Salonu ve [&hellip;]<\/p>\n","protected":false},"author":14,"featured_media":28835,"comment_status":"closed","ping_status":"open","sticky":false,"template":"","format":"standard","meta":{"jnews-multi-image_gallery":[],"jnews_single_post":{"format":"standard"},"jnews_primary_category":[],"jnews_social_meta":[],"jnews_override_counter":[],"footnotes":""},"categories":[25,34,2085,2348],"tags":[40,43,224,311,3349,3540],"class_list":["post-28823","post","type-post","status-publish","format-standard","has-post-thumbnail","hentry","category-egitim","category-universite","category-manset-haber","category-manset-yani","tag-iletisim-fakultesi","tag-istanbul-universitesi","tag-kagem","tag-kariyer-gunleri","tag-melek-ozturk","tag-osman-bulent-zulfikar"],"_links":{"self":[{"href":"https:\/\/iletim.istanbul.edu.tr\/index.php\/wp-json\/wp\/v2\/posts\/28823","targetHints":{"allow":["GET"]}}],"collection":[{"href":"https:\/\/iletim.istanbul.edu.tr\/index.php\/wp-json\/wp\/v2\/posts"}],"about":[{"href":"https:\/\/iletim.istanbul.edu.tr\/index.php\/wp-json\/wp\/v2\/types\/post"}],"author":[{"embeddable":true,"href":"https:\/\/iletim.istanbul.edu.tr\/index.php\/wp-json\/wp\/v2\/users\/14"}],"replies":[{"embeddable":true,"href":"https:\/\/iletim.istanbul.edu.tr\/index.php\/wp-json\/wp\/v2\/comments?post=28823"}],"version-history":[{"count":1,"href":"https:\/\/iletim.istanbul.edu.tr\/index.php\/wp-json\/wp\/v2\/posts\/28823\/revisions"}],"predecessor-version":[{"id":28836,"href":"https:\/\/iletim.istanbul.edu.tr\/index.php\/wp-json\/wp\/v2\/posts\/28823\/revisions\/28836"}],"wp:featuredmedia":[{"embeddable":true,"href":"https:\/\/iletim.istanbul.edu.tr\/index.php\/wp-json\/wp\/v2\/media\/28835"}],"wp:attachment":[{"href":"https:\/\/iletim.istanbul.edu.tr\/index.php\/wp-json\/wp\/v2\/media?parent=28823"}],"wp:term":[{"taxonomy":"category","embeddable":true,"href":"https:\/\/iletim.istanbul.edu.tr\/index.php\/wp-json\/wp\/v2\/categories?post=28823"},{"taxonomy":"post_tag","embeddable":true,"href":"https:\/\/iletim.istanbul.edu.tr\/index.php\/wp-json\/wp\/v2\/tags?post=28823"}],"curies":[{"name":"wp","href":"https:\/\/api.w.org\/{rel}","templated":true}]}}