{"id":28838,"date":"2026-04-30T17:11:16","date_gmt":"2026-04-30T14:11:16","guid":{"rendered":"https:\/\/iletim.istanbul.edu.tr\/?p=28838"},"modified":"2026-04-30T17:15:11","modified_gmt":"2026-04-30T14:15:11","slug":"kariyer-gunlugunun-2-gunu-gerceklesti","status":"publish","type":"post","link":"https:\/\/iletim.istanbul.edu.tr\/index.php\/2026\/04\/30\/kariyer-gunlugunun-2-gunu-gerceklesti\/","title":{"rendered":"Kariyer G\u00fcnl\u00fc\u011f\u00fc&#8217;n\u00fcn 2. G\u00fcn\u00fc Ger\u00e7ekle\u015fti"},"content":{"rendered":"\n<p>\u0130stanbul,(\u0130\u00dc Haber Ajans\u0131)- \u0130stanbul \u00dcniversitesi Kariyer G\u00fcnleri etkinli\u011finin ilk oturumu \u00f6\u011frenci ve mezunlar\u0131n kat\u0131l\u0131m\u0131yla ger\u00e7ekle\u015fti.<\/p>\n\n\n\n<p>\u0130stanbul \u00dcniversitesi Kariyer Geli\u015ftirme Uygulama ve Ara\u015ft\u0131rma Merkezi (KAGEM) taraf\u0131ndan d\u00fczenlenen \u0130stanbul \u00dcniversitesi Kariyer G\u00fcnl\u00fc\u011f\u00fc etkinli\u011finin ikinci oturumu,29 Nisan \u0130\u00dc Rekt\u00f6rl\u00fc\u011f\u00fc Doktora Salonu ve Protokol yolunda ger\u00e7ekle\u015fti.&nbsp;<\/p>\n\n\n\n<p><strong>\u2018\u2019Gen\u00e7 bir ekiple Finansal istikrar\u0131 sa\u011fl\u0131yoruz\u2019\u2019<\/strong><\/p>\n\n\n\n<p>Bankalar D\u00fczenleme ve Denetleme Kurumu (BDDK) Grup Ba\u015fkan\u0131 Mert Can Eken, Finansal sistemin i\u015fleyi\u015fi ve d\u00fczenleyici kurumlar\u0131n rol\u00fcne ili\u015fkin de\u011ferlendirmelerde bulundu. Eken BDDK\u2019n\u0131n temel amac\u0131n\u0131n finansal piyasalarda g\u00fcven ve istikrar\u0131 sa\u011flamak oldu\u011funu belirterek,\u2019\u2019Tasarruf sahiplerinin hak ve menfaatlerinin korunmas\u0131 en temel \u00f6nceliklerimizden biridir\u2019\u2019 diyerek ifade etti. Ard\u0131ndan k\u00fcrs\u00fcye gelen Grup ba\u015fkan\u0131 \u00d6zkan A\u015f\u0131ko\u011flu insan kayna\u011f\u0131 ve kariyer s\u00fcre\u00e7lerine ili\u015fkin de\u011ferlendirmelerde bulundu. A\u015f\u0131ko\u011flu, BDDK\u2019n\u0131n sade ve h\u0131zl\u0131 karar alma yap\u0131s\u0131na dikkat \u00e7ekerek \u2018\u2019Te\u015fkilat yap\u0131m\u0131z\u0131n sadeli\u011fi finansal sekt\u00f6re etkin m\u00fcdahale imkan\u0131 sa\u011fl\u0131yor\u2019\u2019 dedi. Gen\u00e7 ve Dinamik bir kadroya sahip olduklar\u0131n\u0131n alt\u0131n\u0131 \u00e7izen A\u015f\u0131ko\u011flu kurum i\u00e7i sosyal faaliyetlerin de \u00e7al\u0131\u015fan motivasyonunu artt\u0131rd\u0131\u011f\u0131n\u0131 iletti.&nbsp;&nbsp;&nbsp;<\/p>\n\n\n\n<p><strong>\u2018\u2019Avukat d\u00fcr\u00fcstt\u00fcr\u2019\u2019&nbsp;<\/strong><\/p>\n\n\n\n<p>Kariyer g\u00fcnleri kapsam\u0131nda s\u0131radaki konu\u015fmac\u0131 Avukat Do\u00e7. Dr. Ramazan Akt\u00fcrk kat\u0131l\u0131mc\u0131larla&nbsp; bir araya geldi ve deneyimlerini aktard\u0131. Akt\u00fcrk, avukatl\u0131k mesle\u011finde en \u00f6nemli unsurun g\u00fcven oldu\u011funu vurgulad\u0131 ve \u2018\u2019Avukat d\u00fcr\u00fcstt\u00fcr\u2019\u2019 \u015feklinde ekledi. G\u00fcvenin ancak d\u00fcr\u00fcstl\u00fck ahlak ve do\u011fru s\u00f6zl\u00fcl\u00fckle in\u015fa edilebilece\u011fini belirten Akt\u00fcrk, en ba\u015far\u0131l\u0131 avukatlar d\u00fcr\u00fcst olanlar\u0131d\u0131r ifadesini kulland\u0131. Hukuk\u00e7ular\u0131n sadece bir meslek sahibi de\u011fil ayn\u0131 zamanda topluma y\u00f6n veren bireyler oldu\u011funu dile getirdi. Akt\u00fcrk, iyi bir hukuk\u00e7unun \u00f6zg\u00fcr iradeye sahip olmas\u0131, g\u00fc\u00e7l\u00fc bir muhakeme yetene\u011fi geli\u015ftirmesi ve berrak bir zihne sahip olmas\u0131 gerekti\u011fini vurgulad\u0131; ayr\u0131ca s\u00fcrekli e\u011fitim ve kendini geli\u015ftirme al\u0131\u015fkanl\u0131\u011f\u0131n\u0131n \u00f6neminin alt\u0131n\u0131 \u00e7izdi. Hukuk\u00e7ular\u0131n hem ulusal hem de evrensel de\u011ferleri yak\u0131ndan takip etmesi gerekti\u011fini ifade etti.<\/p>\n\n\n\n<p><strong>\u2018\u2019E\u011fitime \u00f6nem veriyoruz\u2019\u2019<\/strong><\/p>\n\n\n\n<p>Ard\u0131ndan k\u00fcrs\u00fcye gelen T\u00fcrkiye Cumhuriyet Merkez Bankas\u0131 temsilcisi Neslihan Kurt, kat\u0131l\u0131mc\u0131lara Kurum hakk\u0131nda bilgi verdi. Kurt, Merkez Bankas\u0131n\u0131n Yurt i\u00e7i ve Yurt D\u0131\u015f\u0131ndaki temsil faaliyetleriyle di\u011fer merkez bankalar\u0131 ve uluslararas\u0131 kurulu\u015flarla yak\u0131n ili\u015fkiler y\u00fcr\u00fctt\u00fc\u011f\u00fcn\u00fc belirtti. Bu birimlerde g\u00f6rev alman\u0131n tecr\u00fcbe gerektirdi\u011fini ifade eden Kurt,kurum i\u00e7inde uzman olman\u0131n \u00f6nemine dikkat \u00e7ekti.Konu\u015fmas\u0131nda kurumun sa\u011flad\u0131\u011f\u0131 avantajlara de\u011finen Kurt, \u00e7al\u0131\u015fanlara sunulan yan haklar, e\u011fitim imkanlar\u0131 ve kariyer planlamas\u0131n\u0131n \u00f6ne \u00e7\u0131kan unsurlar aras\u0131nda yer ald\u0131\u011f\u0131n\u0131 iletti. Yurti\u00e7i ve Yurtd\u0131\u015f\u0131 y\u00fcksek lisans ile doktora imkanlar\u0131n\u0131n desteklendi\u011fini belirten Kurt,\u00e7al\u0131\u015fanlar\u0131n akademik geli\u015fimine b\u00fcy\u00fck \u00f6nem verildi\u011fini vurgulad\u0131.<\/p>\n\n\n\n<p><strong>\u2018\u2019Hikaye anlatmay\u0131 \u00f6\u011frenin\u2019\u2019<\/strong><\/p>\n\n\n\n<p>Ard\u0131ndan k\u00fcrs\u00fcye gelen Karnaval Medya grubu insan kaynaklar\u0131 direkt\u00f6r\u00fc Sinem Afacan konu\u015fmas\u0131na m\u00fczi\u011fin insanlar \u00fczerindeki etkisini de\u011finerek \u2018\u2019Birka\u00e7 saniyelik m\u00fczik bile bizi tazeliyor, \u0130\u015fte bizim i\u015f yerimiz hep b\u00f6yle\u2019\u2019 ifadelerini kulland\u0131 ve \u0130\u015f yerinin ne kadar rahat ve e\u011flenceli bir yer oldu\u011funu kat\u0131l\u0131mc\u0131lara aktard\u0131. Ard\u0131ndan \u2018\u2019Ceo&#8217;dan mutfak personeline kadar herkes i\u015fini e\u011flenerek yapar\u2019\u2019 \u015feklinde s\u00f6zlerine devam etti. Karnaval Medyan\u0131n yaln\u0131zca m\u00fczik de\u011fil ses odakl\u0131 bir ekosistem sundu\u011funu vurgulayan Afacan \u2018\u2019bizim i\u015fimiz asl\u0131nda ses podcast i\u00e7erik \u00fcretimi ve yeni medya alanlar\u0131n\u0131 kaps\u0131yor\u2019\u2019 \u015feklinde iletti. Hikaye anlatman\u0131n \u00f6nemine vurgu yapan Afacan hikaye anlat\u0131c\u0131l\u0131\u011f\u0131n\u0131n CV de g\u00fczel bir yer tutabilece\u011fini kat\u0131l\u0131mc\u0131lara aktard\u0131.<\/p>\n\n\n\n<p><strong>\u2018\u2019Hem\u015firelik iki ucu keskin b\u0131\u00e7ak\u2019\u2019<\/strong><\/p>\n\n\n\n<p>Ard\u0131ndan K\u00fcrs\u00fcye gelen \u0130stanbul \u00dcniversitesi T\u0131p Fak\u00fcltesi Hem\u015firelik Hizmetleri M\u00fcd\u00fcr\u00fc Dr. Nuray Cihangiro\u011flu \u00f6\u011frencilerle bir araya geldi. Cihangiro\u011flu hem\u015firelik mesle\u011finin sa\u011fl\u0131k politikalar\u0131n\u0131n geli\u015ftirilmesinde kritik bir rol \u00fcstlendi\u011fini ileterek, \u2018\u2019Hem\u015firelik art\u0131k karar verme s\u00fcre\u00e7lerinde etkili bir meslek haline geldi\u2019\u2019 \u015feklinde s\u00f6zlerini ifade etti. Kendi kariyer yolculu\u011fundan da bahseden Cihangiro\u011flu \u2018\u201927 y\u0131l \u00f6nce ben de sizin gibi b\u00fcy\u00fck bir heyecan ve belirsizlik i\u00e7indeydim\u2019\u2019 \u015feklinde s\u00f6zlerine devam etti ve noktalad\u0131.<\/p>\n\n\n\n<p>Ard\u0131ndan k\u00fcrs\u00fcye gelen \u0130\u00dc stanbul \u00dcniversitesi onkoloji enstit\u00fcs\u00fc Hem\u015firelik Hizmetleri M\u00fcd\u00fcr\u00fc Uzm. Hem. H\u00fclya Dalk\u0131l\u0131\u00e7 Bing\u00f6l kariyer yolculu\u011fundan bahsederek \u2018\u201932 y\u0131ll\u0131k meslek hayat\u0131ma bakt\u0131\u011f\u0131mda onur ve gurur duyuyorum\u2019\u2019 ifadeleriyle ba\u015flad\u0131. Hem\u015firelik mesle\u011fini se\u00e7me s\u00fcrecinde ya\u015fad\u0131\u011f\u0131 zorluklara de\u011finen Bing\u00f6l,\u2019\u2019Hem\u015firelik iki ucu keskin b\u0131\u00e7ak hem iyi hem de k\u00f6t\u00fc duygularla kar\u015f\u0131la\u015f\u0131rs\u0131n\u0131z\u2019\u2019 \u015feklinde ifade etti ve kat\u0131l\u0131mc\u0131lara hem\u015firelikte her t\u00fcrl\u00fc duygu durumuyla kar\u015f\u0131la\u015fabileceklerini hat\u0131rlatt\u0131.<\/p>\n\n\n\n<p><strong>\u2018\u2019\u00d6\u011frenmek \u00e7ok \u00f6nemli\u2019\u2019<\/strong><\/p>\n\n\n\n<p>Son olarak k\u00fcrs\u00fcye \u00e7\u0131kan Memorial Sa\u011fl\u0131k grubu i\u015fe al\u0131m ve \u0130K i\u015f ortakl\u0131klar\u0131 Grup M\u00fcd\u00fcr\u00fc Nazl\u0131 \u015eenyi\u011fit, sa\u011fl\u0131k sekt\u00f6r\u00fcndeki insan kaynaklar\u0131 uygulamalar\u0131na ili\u015fkin de\u011ferlendirmelerde bulundu. \u015eenyi\u011fit \u00e7al\u0131\u015fan memnuniyetine dikkat \u00e7ekerek \u2018\u2019hem\u015fire arkada\u015flar\u0131m\u0131z bazen istanbulun \u00e7ok uzak yerlerinden gelebiliyor onlara lojman sa\u011fl\u0131yoruz\u2019\u2019 \u015feklinde ifade etti. \u00c7al\u0131\u015fanlar\u0131n \u00e7ocuklar i\u00e7in kre\u015f deste\u011fi sunduklar\u0131n\u0131 belirten \u015eenyi\u011fit, hastanelere yak\u0131n kre\u015flerle i\u015f birli\u011fi yapt\u0131klar\u0131n\u0131 belirtti ve s\u00f6zlerini noktalad\u0131 oturum hediyelik \u00e7ekili\u015f ve&nbsp; plaket takdimi ile son buldu.&nbsp;<br><br><\/p>\n","protected":false},"excerpt":{"rendered":"<p>\u0130stanbul,(\u0130\u00dc Haber Ajans\u0131)- \u0130stanbul \u00dcniversitesi Kariyer G\u00fcnleri etkinli\u011finin ilk oturumu \u00f6\u011frenci ve mezunlar\u0131n kat\u0131l\u0131m\u0131yla ger\u00e7ekle\u015fti. \u0130stanbul \u00dcniversitesi Kariyer Geli\u015ftirme Uygulama ve Ara\u015ft\u0131rma Merkezi (KAGEM) taraf\u0131ndan d\u00fczenlenen \u0130stanbul \u00dcniversitesi Kariyer G\u00fcnl\u00fc\u011f\u00fc etkinli\u011finin ikinci oturumu,29 Nisan \u0130\u00dc Rekt\u00f6rl\u00fc\u011f\u00fc Doktora Salonu ve Protokol yolunda ger\u00e7ekle\u015fti.&nbsp; \u2018\u2019Gen\u00e7 bir ekiple Finansal istikrar\u0131 sa\u011fl\u0131yoruz\u2019\u2019 Bankalar D\u00fczenleme ve Denetleme Kurumu (BDDK) Grup [&hellip;]<\/p>\n","protected":false},"author":14,"featured_media":0,"comment_status":"closed","ping_status":"open","sticky":false,"template":"","format":"standard","meta":{"jnews-multi-image_gallery":[],"jnews_single_post":{"format":"standard"},"jnews_primary_category":[],"jnews_social_meta":[],"jnews_override_counter":[],"footnotes":""},"categories":[24,25,1,159,34,178,2085,2348],"tags":[3595,300,43,311],"class_list":["post-28838","post","type-post","status-publish","format-standard","hentry","category-bilim","category-egitim","category-genel","category-sag-manset","category-universite","category-fakultemizden","category-manset-haber","category-manset-yani","tag-ece-ozdemir-2","tag-iletim","tag-istanbul-universitesi","tag-kariyer-gunleri"],"_links":{"self":[{"href":"https:\/\/iletim.istanbul.edu.tr\/index.php\/wp-json\/wp\/v2\/posts\/28838","targetHints":{"allow":["GET"]}}],"collection":[{"href":"https:\/\/iletim.istanbul.edu.tr\/index.php\/wp-json\/wp\/v2\/posts"}],"about":[{"href":"https:\/\/iletim.istanbul.edu.tr\/index.php\/wp-json\/wp\/v2\/types\/post"}],"author":[{"embeddable":true,"href":"https:\/\/iletim.istanbul.edu.tr\/index.php\/wp-json\/wp\/v2\/users\/14"}],"replies":[{"embeddable":true,"href":"https:\/\/iletim.istanbul.edu.tr\/index.php\/wp-json\/wp\/v2\/comments?post=28838"}],"version-history":[{"count":1,"href":"https:\/\/iletim.istanbul.edu.tr\/index.php\/wp-json\/wp\/v2\/posts\/28838\/revisions"}],"predecessor-version":[{"id":28840,"href":"https:\/\/iletim.istanbul.edu.tr\/index.php\/wp-json\/wp\/v2\/posts\/28838\/revisions\/28840"}],"wp:attachment":[{"href":"https:\/\/iletim.istanbul.edu.tr\/index.php\/wp-json\/wp\/v2\/media?parent=28838"}],"wp:term":[{"taxonomy":"category","embeddable":true,"href":"https:\/\/iletim.istanbul.edu.tr\/index.php\/wp-json\/wp\/v2\/categories?post=28838"},{"taxonomy":"post_tag","embeddable":true,"href":"https:\/\/iletim.istanbul.edu.tr\/index.php\/wp-json\/wp\/v2\/tags?post=28838"}],"curies":[{"name":"wp","href":"https:\/\/api.w.org\/{rel}","templated":true}]}}