{"id":28853,"date":"2026-04-30T19:30:26","date_gmt":"2026-04-30T16:30:26","guid":{"rendered":"https:\/\/iletim.istanbul.edu.tr\/?p=28853"},"modified":"2026-04-30T19:37:34","modified_gmt":"2026-04-30T16:37:34","slug":"yapay-zeka-caginda-dezenformasyon-ve-dogrulama","status":"publish","type":"post","link":"https:\/\/iletim.istanbul.edu.tr\/index.php\/2026\/04\/30\/yapay-zeka-caginda-dezenformasyon-ve-dogrulama\/","title":{"rendered":"Yapay Zeka \u00c7a\u011f\u0131nda Dezenformasyon Konu\u015fuldu"},"content":{"rendered":"\n<p><strong>Haber: Melek \u00d6zt\u00fcrk<br>Foto\u011fraf: Berk Balc\u0131, Merve Arkan<\/strong><\/p>\n\n\n\n<p><strong>\u0130stanbul, (\u0130\u00dc Haber Merkezi) &#8211; \u0130stanbul \u00dcniversitesi \u0130leti\u015fim Fak\u00fcltesi\u2019nde Dijital \u00c7a\u011fda Dezenformasyon ve Do\u011frulama s\u00f6yle\u015fisi ger\u00e7ekle\u015ftirildi.<\/strong><\/p>\n\n\n\n<p>\u0130stanbul \u00dcniversitesi \u0130leti\u015fim Fak\u00fcltesi\u2019nde 29 Nisan g\u00fcn\u00fc Amfi C\u2019de d\u00fczenlenen Mesut \u0130ris taraf\u0131ndan y\u00fcr\u00fct\u00fclen Yapay Zeka ve Medya dersine konuk olarak Anadolu Ajans\u0131 Teyit Hatt\u0131 M\u00fcd\u00fcr\u00fc \u00d6mer Faruk G\u00f6r\u00e7in ve Anadolu Ajans\u0131 Teyit Hatt\u0131 Muhabiri Ay\u015fenur Cevahiro\u011flu kat\u0131ld\u0131.<\/p>\n\n\n\n<p>\u201cGer\u00e7ek mi Kurgu mu? Yapay Zek\u00e2 \u00c7a\u011f\u0131nda Dezenformasyon ve Do\u011frulama\u201d ba\u015fl\u0131kl\u0131 s\u00f6yle\u015fide, dijital ortamda yay\u0131lan bilgi kirlili\u011fiyle m\u00fccadele yollar\u0131 ve do\u011frulama y\u00f6ntemleri de\u011ferlendirildi.<\/p>\n\n\n\n<p><strong>Yapay zeka \u00e7a\u011f\u0131nda dezenformasyonla m\u00fccadele<\/strong><\/p>\n\n\n\n<p>Cevahiro\u011flu, yapay zeka \u00e7a\u011f\u0131nda dezenformasyon ve do\u011frulama s\u00fcre\u00e7lerine ili\u015fkin de\u011ferlendirmelerde bulundu. Cevahiro\u011flu, g\u00fcn\u00fcm\u00fczde ger\u00e7ek ile kurgu aras\u0131ndaki s\u0131n\u0131r\u0131n giderek belirsizle\u015fti\u011fine dikkat \u00e7ekerek, \u201cBu g\u00f6rd\u00fc\u011f\u00fcn\u00fcz \u015fey ger\u00e7ek mi? Yoksa kurgu mu? Bunu ay\u0131rt etmek eskisinden bile daha zor hale geldi\u201d dedi.<\/p>\n\n\n\n<p>Cevahiro\u011flu, bilgi ak\u0131\u015f\u0131n\u0131n h\u0131zland\u0131\u011f\u0131 g\u00fcn\u00fcm\u00fczde do\u011frulama mekanizmalar\u0131n\u0131n kritik hale geldi\u011fini vurgulad\u0131. Bilgi alan\u0131nda ya\u015fanan m\u00fccadelenin \u00f6nemine i\u015faret eden Cevahiro\u011flu, \u201cMuhabere alan\u0131ndaki sava\u015f kadar da bir bilgi m\u00fccadelesi de var\u201d ifadelerinde bulundu. G\u00fcnl\u00fck hayatta \u00e7ok say\u0131da bilgiyle kar\u015f\u0131la\u015f\u0131ld\u0131\u011f\u0131n\u0131 belirten Cevahiro\u011flu, yanl\u0131\u015f bilginin farkl\u0131 t\u00fcrleri oldu\u011funa dikkat \u00e7ekerek, \u201c\u0130nternette g\u00fcn i\u00e7erisinde milyonlarca bilgiyle kar\u015f\u0131la\u015f\u0131yoruz. Fakat her \u015fey yanl\u0131\u015f bilgi de\u011fil. Her yanl\u0131\u015f bilginin amac\u0131 ayn\u0131 de\u011fil\u201d dedi.<\/p>\n\n\n\n<p>Yanl\u0131\u015f bilginin bazen kas\u0131ts\u0131z \u015fekilde yay\u0131ld\u0131\u011f\u0131n\u0131 belirten Cevahiro\u011flu, \u201cBazen bu bilgi yanl\u0131\u015f oluyor ve kullan\u0131c\u0131lar bunu bilmeden payla\u015f\u0131yor. Biz buna mezanformasyon diyoruz\u201d ifadelerini kulland\u0131. Buna kar\u015f\u0131l\u0131k baz\u0131 i\u00e7eriklerin bilin\u00e7li \u015fekilde \u00e7arp\u0131t\u0131ld\u0131\u011f\u0131n\u0131 vurgulayan Cevahiro\u011flu, \u201cBazen de bilgi yanl\u0131\u015f oluyor ve bu bilerek \u00e7arp\u0131t\u0131l\u0131yor ya da bilerek payla\u015f\u0131l\u0131yor. \u0130\u015fte burada dezenformasyon ya da malenformasyon sebebiyet vermi\u015f oluyor\u201d \u015feklinde konu\u015ftu.<\/p>\n\n\n\n<p>Sosyal medyada h\u0131zla yay\u0131lan i\u00e7eriklere dikkat \u00e7eken Cevahiro\u011flu, \u015fu ifadeleri kulland\u0131:<br>\u201cHangi t\u00fcr i\u00e7eriklerle m\u00fccadele ediyoruz sorusunu sorarsak; sosyal medyada h\u0131zla yay\u0131lan videolar, eski ama yeniymi\u015f gibi sunulan g\u00f6r\u00fcnt\u00fcler. \u00d6rne\u011fin \u0130stanbul\u2019da bir deprem oluyor, an\u0131nda bir deprem videosu payla\u015f\u0131l\u0131yor.\u201d<\/p>\n\n\n<div class=\"wp-block-image\">\n<figure class=\"aligncenter size-large is-resized\"><img decoding=\"async\" width=\"1024\" height=\"683\" src=\"https:\/\/iletim.istanbul.edu.tr\/wp-content\/uploads\/dsc-4225-1024x683.jpg\" alt=\"\" class=\"wp-image-28848\" style=\"width:798px;height:auto\" srcset=\"https:\/\/iletim.istanbul.edu.tr\/wp-content\/uploads\/dsc-4225-1024x683.jpg 1024w, https:\/\/iletim.istanbul.edu.tr\/wp-content\/uploads\/dsc-4225-300x200.jpg 300w, https:\/\/iletim.istanbul.edu.tr\/wp-content\/uploads\/dsc-4225-768x512.jpg 768w, https:\/\/iletim.istanbul.edu.tr\/wp-content\/uploads\/dsc-4225-1536x1024.jpg 1536w, https:\/\/iletim.istanbul.edu.tr\/wp-content\/uploads\/dsc-4225-2048x1365.jpg 2048w, https:\/\/iletim.istanbul.edu.tr\/wp-content\/uploads\/dsc-4225-750x500.jpg 750w, https:\/\/iletim.istanbul.edu.tr\/wp-content\/uploads\/dsc-4225-1140x760.jpg 1140w\" sizes=\"(max-width: 1024px) 100vw, 1024px\" \/><\/figure><\/div>\n\n\n<p><br><strong>Do\u011fru sorular\u0131n sorman\u0131n \u00f6nemi<br><\/strong>Cevahiro\u011flu, \u00e7arp\u0131t\u0131larak ya da yanl\u0131\u015f anla\u015f\u0131lacak \u015fekilde payla\u015f\u0131lan i\u00e7eriklere dikkat \u00e7ekerek, son d\u00f6nemde yapay zek\u00e2 ile \u00fcretilen g\u00f6r\u00fcnt\u00fc ve i\u00e7eriklerin bu durumun s\u0131k g\u00f6r\u00fclen \u00f6rnekleri haline geldi\u011fini s\u00f6yledi. Bu t\u00fcr i\u00e7eriklerin do\u011frulu\u011funun nas\u0131l anla\u015f\u0131labilece\u011fine de\u011finen Cevahiro\u011flu, bazen tek bir detaydan, bazen bir kelimeden ya da g\u00f6zden ka\u00e7an k\u00fc\u00e7\u00fck bir ayr\u0131nt\u0131dan ger\u00e7e\u011fin fark edilebildi\u011fini ifade etti. En \u00f6nemli noktan\u0131n ise g\u00f6r\u00fclen i\u00e7eriklere do\u011fru sorular\u0131 sorabilmek oldu\u011funu vurgulad\u0131.<\/p>\n\n\n\n<p><br><strong>Dezenformasyonla m\u00fccadelenin temel kabulleri<br><\/strong>G\u00f6r\u00e7in, UNESCO\u2019nun gazetecilik el kitab\u0131nda yer alan ve dezenformasyonla m\u00fccadelede temel kabul edilen \u201csekiz soru\u201d yakla\u015f\u0131m\u0131na dikkat \u00e7ekerek, her i\u00e7erikle kar\u015f\u0131la\u015f\u0131ld\u0131\u011f\u0131nda kayna\u011f\u0131n kontrol edilmesi, \u00fcretim tarihine bak\u0131lmas\u0131, yazar\u0131n do\u011frulanmas\u0131, \u00e7apraz do\u011frulama yap\u0131lmas\u0131 ve uzman g\u00f6r\u00fc\u015flerine ba\u015fvurulmas\u0131 gibi ad\u0131mlar\u0131n \u00f6nemini vurgulad\u0131.<\/p>\n\n\n<div class=\"wp-block-image\">\n<figure class=\"aligncenter size-large is-resized\"><img decoding=\"async\" width=\"1024\" height=\"683\" src=\"https:\/\/iletim.istanbul.edu.tr\/wp-content\/uploads\/dsc-4238-1024x683.jpg\" alt=\"\" class=\"wp-image-28846\" style=\"width:746px;height:auto\" srcset=\"https:\/\/iletim.istanbul.edu.tr\/wp-content\/uploads\/dsc-4238-1024x683.jpg 1024w, https:\/\/iletim.istanbul.edu.tr\/wp-content\/uploads\/dsc-4238-300x200.jpg 300w, https:\/\/iletim.istanbul.edu.tr\/wp-content\/uploads\/dsc-4238-768x512.jpg 768w, https:\/\/iletim.istanbul.edu.tr\/wp-content\/uploads\/dsc-4238-1536x1024.jpg 1536w, https:\/\/iletim.istanbul.edu.tr\/wp-content\/uploads\/dsc-4238-2048x1365.jpg 2048w, https:\/\/iletim.istanbul.edu.tr\/wp-content\/uploads\/dsc-4238-750x500.jpg 750w, https:\/\/iletim.istanbul.edu.tr\/wp-content\/uploads\/dsc-4238-1140x760.jpg 1140w\" sizes=\"(max-width: 1024px) 100vw, 1024px\" \/><\/figure><\/div>\n\n\n<p><br><strong>Kurumsal ileti\u015fimde g\u00fcven ve do\u011frulaman\u0131n \u00f6nemi<br><\/strong>Asil kritik meselenin \u201c\u00f6nyarg\u0131\u201d oldu\u011funu belirten G\u00f6r\u00e7in, bireylerin sosyoekonomik ve k\u00fclt\u00fcrel ge\u00e7mi\u015flerinin haber alg\u0131s\u0131n\u0131 etkileyebilece\u011fine ifade ederek, taraftarl\u0131k ya da ideolojik tutumlar\u0131n bilgiye yakla\u015f\u0131m\u0131 de\u011fi\u015ftirebildi\u011fini s\u00f6yledi. Galatasaray \u00f6rne\u011fi \u00fczerinden tarafgirli\u011fin do\u011frulama s\u00fcrecini zay\u0131flatabilece\u011fini belirtti. Kurumsal ileti\u015fimde ise uzun s\u00fcreli ve yo\u011fun i\u00e7erik \u00fcretiminde yap\u0131lacak k\u00fc\u00e7\u00fck bir hatan\u0131n bile g\u00fcveni ciddi \u015fekilde zedeleyebilece\u011fine dikkat \u00e7ekerek, do\u011frulaman\u0131n her \u00f6l\u00e7ekte kritik bir sorumluluk oldu\u011funu kaydetti.<\/p>\n\n\n\n<figure class=\"wp-block-gallery has-nested-images columns-default is-cropped wp-block-gallery-1 is-layout-flex wp-block-gallery-is-layout-flex\">\n<figure class=\"wp-block-image size-large\"><img decoding=\"async\" width=\"1024\" height=\"683\" data-id=\"28849\" src=\"https:\/\/iletim.istanbul.edu.tr\/wp-content\/uploads\/dsc-4378-1024x683.jpg\" alt=\"\" class=\"wp-image-28849\" srcset=\"https:\/\/iletim.istanbul.edu.tr\/wp-content\/uploads\/dsc-4378-1024x683.jpg 1024w, https:\/\/iletim.istanbul.edu.tr\/wp-content\/uploads\/dsc-4378-300x200.jpg 300w, https:\/\/iletim.istanbul.edu.tr\/wp-content\/uploads\/dsc-4378-768x512.jpg 768w, https:\/\/iletim.istanbul.edu.tr\/wp-content\/uploads\/dsc-4378-1536x1024.jpg 1536w, https:\/\/iletim.istanbul.edu.tr\/wp-content\/uploads\/dsc-4378-2048x1365.jpg 2048w, https:\/\/iletim.istanbul.edu.tr\/wp-content\/uploads\/dsc-4378-750x500.jpg 750w, https:\/\/iletim.istanbul.edu.tr\/wp-content\/uploads\/dsc-4378-1140x760.jpg 1140w\" sizes=\"(max-width: 1024px) 100vw, 1024px\" \/><\/figure>\n\n\n\n<figure class=\"wp-block-image size-large\"><img decoding=\"async\" width=\"1024\" height=\"683\" data-id=\"28847\" src=\"https:\/\/iletim.istanbul.edu.tr\/wp-content\/uploads\/dsc-4370-1024x683.jpg\" alt=\"\" class=\"wp-image-28847\" srcset=\"https:\/\/iletim.istanbul.edu.tr\/wp-content\/uploads\/dsc-4370-1024x683.jpg 1024w, https:\/\/iletim.istanbul.edu.tr\/wp-content\/uploads\/dsc-4370-300x200.jpg 300w, https:\/\/iletim.istanbul.edu.tr\/wp-content\/uploads\/dsc-4370-768x512.jpg 768w, https:\/\/iletim.istanbul.edu.tr\/wp-content\/uploads\/dsc-4370-1536x1024.jpg 1536w, https:\/\/iletim.istanbul.edu.tr\/wp-content\/uploads\/dsc-4370-2048x1365.jpg 2048w, https:\/\/iletim.istanbul.edu.tr\/wp-content\/uploads\/dsc-4370-750x500.jpg 750w, https:\/\/iletim.istanbul.edu.tr\/wp-content\/uploads\/dsc-4370-1140x760.jpg 1140w\" sizes=\"(max-width: 1024px) 100vw, 1024px\" \/><\/figure>\n<\/figure>\n\n\n\n<p><br>S\u00f6yle\u015fi konuklara te\u015fekk\u00fcr belgesi verilmesiyle son buldu.<\/p>\n\n\n<div class=\"wp-block-image\">\n<figure class=\"aligncenter size-large is-resized\"><img decoding=\"async\" width=\"1024\" height=\"683\" src=\"https:\/\/iletim.istanbul.edu.tr\/wp-content\/uploads\/img-3653-1024x683.jpg\" alt=\"\" class=\"wp-image-28850\" style=\"width:782px;height:auto\" srcset=\"https:\/\/iletim.istanbul.edu.tr\/wp-content\/uploads\/img-3653-1024x683.jpg 1024w, https:\/\/iletim.istanbul.edu.tr\/wp-content\/uploads\/img-3653-300x200.jpg 300w, https:\/\/iletim.istanbul.edu.tr\/wp-content\/uploads\/img-3653-768x512.jpg 768w, https:\/\/iletim.istanbul.edu.tr\/wp-content\/uploads\/img-3653-1536x1024.jpg 1536w, https:\/\/iletim.istanbul.edu.tr\/wp-content\/uploads\/img-3653-2048x1365.jpg 2048w, https:\/\/iletim.istanbul.edu.tr\/wp-content\/uploads\/img-3653-750x500.jpg 750w, https:\/\/iletim.istanbul.edu.tr\/wp-content\/uploads\/img-3653-1140x760.jpg 1140w\" sizes=\"(max-width: 1024px) 100vw, 1024px\" \/><\/figure><\/div>","protected":false},"excerpt":{"rendered":"<p>Haber: Melek \u00d6zt\u00fcrkFoto\u011fraf: Berk Balc\u0131, Merve Arkan \u0130stanbul, (\u0130\u00dc Haber Merkezi) &#8211; \u0130stanbul \u00dcniversitesi \u0130leti\u015fim Fak\u00fcltesi\u2019nde Dijital \u00c7a\u011fda Dezenformasyon ve Do\u011frulama s\u00f6yle\u015fisi ger\u00e7ekle\u015ftirildi. \u0130stanbul \u00dcniversitesi \u0130leti\u015fim Fak\u00fcltesi\u2019nde 29 Nisan g\u00fcn\u00fc Amfi C\u2019de d\u00fczenlenen Mesut \u0130ris taraf\u0131ndan y\u00fcr\u00fct\u00fclen Yapay Zeka ve Medya dersine konuk olarak Anadolu Ajans\u0131 Teyit Hatt\u0131 M\u00fcd\u00fcr\u00fc \u00d6mer Faruk G\u00f6r\u00e7in ve Anadolu Ajans\u0131 [&hellip;]<\/p>\n","protected":false},"author":14,"featured_media":28850,"comment_status":"closed","ping_status":"open","sticky":false,"template":"","format":"standard","meta":{"jnews-multi-image_gallery":[],"jnews_single_post":{"format":"standard"},"jnews_primary_category":[],"jnews_social_meta":[],"jnews_override_counter":[],"footnotes":""},"categories":[1,28,34,178,2085,2348,31,35],"tags":[198,4091,3271,3349,3755,1788,3296],"class_list":["post-28853","post","type-post","status-publish","format-standard","has-post-thumbnail","hentry","category-genel","category-istanbul","category-universite","category-fakultemizden","category-manset-haber","category-manset-yani","category-teknoloji","category-yasam","tag-anadolu-ajansi","tag-aysenur-cevahiroglu","tag-berk-balci","tag-melek-ozturk","tag-merve-arkan","tag-mesut-iris","tag-omer-faruk-gorcin"],"_links":{"self":[{"href":"https:\/\/iletim.istanbul.edu.tr\/index.php\/wp-json\/wp\/v2\/posts\/28853","targetHints":{"allow":["GET"]}}],"collection":[{"href":"https:\/\/iletim.istanbul.edu.tr\/index.php\/wp-json\/wp\/v2\/posts"}],"about":[{"href":"https:\/\/iletim.istanbul.edu.tr\/index.php\/wp-json\/wp\/v2\/types\/post"}],"author":[{"embeddable":true,"href":"https:\/\/iletim.istanbul.edu.tr\/index.php\/wp-json\/wp\/v2\/users\/14"}],"replies":[{"embeddable":true,"href":"https:\/\/iletim.istanbul.edu.tr\/index.php\/wp-json\/wp\/v2\/comments?post=28853"}],"version-history":[{"count":2,"href":"https:\/\/iletim.istanbul.edu.tr\/index.php\/wp-json\/wp\/v2\/posts\/28853\/revisions"}],"predecessor-version":[{"id":28855,"href":"https:\/\/iletim.istanbul.edu.tr\/index.php\/wp-json\/wp\/v2\/posts\/28853\/revisions\/28855"}],"wp:featuredmedia":[{"embeddable":true,"href":"https:\/\/iletim.istanbul.edu.tr\/index.php\/wp-json\/wp\/v2\/media\/28850"}],"wp:attachment":[{"href":"https:\/\/iletim.istanbul.edu.tr\/index.php\/wp-json\/wp\/v2\/media?parent=28853"}],"wp:term":[{"taxonomy":"category","embeddable":true,"href":"https:\/\/iletim.istanbul.edu.tr\/index.php\/wp-json\/wp\/v2\/categories?post=28853"},{"taxonomy":"post_tag","embeddable":true,"href":"https:\/\/iletim.istanbul.edu.tr\/index.php\/wp-json\/wp\/v2\/tags?post=28853"}],"curies":[{"name":"wp","href":"https:\/\/api.w.org\/{rel}","templated":true}]}}