{"id":3162,"date":"2018-03-08T10:50:03","date_gmt":"2018-03-08T07:50:03","guid":{"rendered":"https:\/\/iletim.istanbul.edu.tr\/?p=3162"},"modified":"2019-05-30T16:32:38","modified_gmt":"2019-05-30T13:32:38","slug":"toplumsal-cinsiyet-ve-kadin-konusuldu","status":"publish","type":"post","link":"https:\/\/iletim.istanbul.edu.tr\/index.php\/2018\/03\/08\/toplumsal-cinsiyet-ve-kadin-konusuldu\/","title":{"rendered":"Toplumsal Cinsiyet ve Kad\u0131n Konu\u015fuldu"},"content":{"rendered":"<div><strong>Murat KASAP, Elvin BABAYEV<\/strong><\/div>\n<div>\u0130stanbul \u00dcniversitesi Engelliler Uygulama ve Ara\u015ft\u0131rma Merkezi (ENUYGAR) taraf\u0131ndan \u201cToplumsal Cinsiyet ve Kad\u0131n\u201d\u00a0 semineri 7 Mart \u00c7ar\u015famba g\u00fcn\u00fc Esnaf Hastanesi Toplant\u0131 Salonu\u2019nda d\u00fczenlendi. Seminerde engelli kad\u0131nlar\u0131n ya\u015fam\u0131\u015f olduklar\u0131 zorluklar ve toplumsal cinsiyet konusu ele al\u0131nd\u0131.<\/div>\n<div><strong>\u201cToplumda Bir E\u015fitsizlik S\u00f6z Konusu\u201d<\/strong><\/div>\n<div>Toplumsal zihniyetin kad\u0131nlara veya erkeklere belli roller verdi\u011fi s\u00f6yleyen Bo\u011fazi\u00e7i \u00dcniversitesi mezunu Canan \u00c7am Y\u00fccel, \u201cEngelli kad\u0131nlar ba\u011flam\u0131nda topluma bakt\u0131\u011f\u0131m\u0131zda bir e\u015fitsizlik s\u00f6z konusu. Kad\u0131n erkek aras\u0131nda hatta kad\u0131n ve engelli kad\u0131n aras\u0131nda ciddi bir ayr\u0131mc\u0131l\u0131k olabiliyor. Engelli kad\u0131n oldu\u011funuzda ger\u00e7ek hayatta bir\u00e7ok problemle kar\u015f\u0131la\u015f\u0131yorsunuz. Bu ba\u011flamda kad\u0131na verilen belli roller var. \u00d6rne\u011fin engelli bir kad\u0131n oldu\u011funda daha g\u00fc\u00e7s\u00fcz g\u00f6r\u00fcl\u00fcyor ve daha \u00e7ok ayr\u0131mc\u0131l\u0131\u011fa u\u011fruyor\u201d dedi.<\/div>\n<div><strong>\u201cKad\u0131n \u00d6rg\u00fctlenmeleri Yeterli D\u00fczeyde De\u011fil\u201d<\/strong><\/div>\n<div>Engelli kad\u0131nlar\u0131n \u00f6rg\u00fctlenmesinin olduk\u00e7a \u00f6nemli oldu\u011funu belirten Mine Egbatan, 2014\u2019ten beri Engelli Kad\u0131n Derne\u011fi \u00fcyesi oldu\u011funu belirtti. Egbatan, \u201cKad\u0131n \u00f6rg\u00fctlenmelerinde engelli kad\u0131n say\u0131s\u0131 \u00e7ok az. \u00d6rne\u011fin Taksim\u2019de Kad\u0131nlar G\u00fcn\u00fc y\u00fcr\u00fcy\u00fc\u015f\u00fc yap\u0131ld\u0131\u011f\u0131 zaman \u00e7ok az engelli kad\u0131n g\u00f6r\u00fcrs\u00fcn\u00fcz. Yani kad\u0131nlar\u0131n birbirlerine daha \u00e7ok destek olup daha iyi \u00f6rg\u00fctlenmesi laz\u0131m. Ayr\u0131ca Medyada da engelli insanlara ve kad\u0131nlara kar\u015f\u0131 bir \u00f6n yarg\u0131 var. Engelli kad\u0131n evlenemez, \u00e7al\u0131\u015famaz, \u00e7ocuk do\u011furamaz gibi maalesef belli kal\u0131p anlay\u0131\u015flar var\u201d dedi.<\/div>\n<div><strong>&#8220;Kamuda \u00c7al\u0131\u015fma ve Engelli Kad\u0131n&#8221;<\/strong><\/div>\n<div>Kamu Sekt\u00f6r\u00fcnde \u00e7al\u0131\u015fan kad\u0131nlar\u0131n i\u015f ya\u015famlar\u0131nda \u00e7e\u015fitli\u00a0 zorluklar ya\u015fayabilece\u011fini belirten\u00a0 Ankara \u00dcniversitesi doktora \u00f6\u011frencisi Zeliha T\u00f6ren 4857 say\u0131l\u0131 i\u015f kanunu gere\u011fi hem kamu sekt\u00f6r\u00fcnde hem de \u00f6zel sekt\u00f6rde engelli bireylerin kota rejimi gere\u011fi belirli oranlarda \u00e7al\u0131\u015ft\u0131r\u0131ld\u0131klar\u0131n\u0131 belirtti. Bununla birlikte kad\u0131nlar\u0131n i\u015f yerinde ya\u015fad\u0131\u011f\u0131 psikolojik, sosyal, eri\u015fimsel deneyimlerden bahsetti. Var olan sorunlar\u0131n a\u015f\u0131labilmesi ad\u0131na \u00f6nerilerde bulundu.<\/div>\n<div><strong>\u201c\u0130nsanlar\u0131n Benli\u011fini Olu\u015fturma S\u00fcreci \u00c7ok \u00d6nemli\u201d<\/strong><\/div>\n<div>Son olarak s\u00f6z\u00fc alan Bilgi \u00dcniversitesi Psikoloji mezunu G\u00fcls\u00fcme \u015eenocak,\u201dGenel olarak bakt\u0131\u011f\u0131m\u0131z zaman resim \u00f6n\u00fcm\u00fczde. \u0130nsanlar\u0131n benli\u011fini olu\u015fturma s\u00fcreci \u00e7ok \u00f6nemli. Benlik sayg\u0131s\u0131 ki\u015finin kendisiyle ilgili yapm\u0131\u015f oldu\u011fu ki\u015fisel bir yarg\u0131y\u0131 ifade ediyor. Engellilik \u00e7ok zor bir durum. Kad\u0131nlar i\u00e7in bunu ya\u015famak daha da zor. Maalesef fiziksel, cinsel ve duygusal istismara engelli kad\u0131nlar maruz kal\u0131yor\u201d diyerek s\u00f6zlerini tamamlad\u0131.<\/div>\n<div>Konu\u015fmac\u0131lara takdim edilen te\u015fekk\u00fcr belgelerinin ard\u0131ndan seminer sona erdi.<\/div>\n<div id='gallery_1' class='gallery galleryid-3162 gallery-columns-4 gallery-size-large'><figure class='gallery-item'>\n                <div class='gallery-icon landscape'>\n                    <a href='https:\/\/iletim.istanbul.edu.tr\/wp-content\/uploads\/DSC0539.jpg'><img loading=\"lazy\" decoding=\"async\" width=\"1024\" height=\"680\" src=\"\" class=\"attachment-large size-large lazyload\" alt=\"\" data-src=\"https:\/\/iletim.istanbul.edu.tr\/wp-content\/uploads\/DSC0539-1024x680.jpg\" data-sizes=\"auto\" data-srcset=\"https:\/\/iletim.istanbul.edu.tr\/wp-content\/uploads\/DSC0539-1024x680.jpg 1024w, https:\/\/iletim.istanbul.edu.tr\/wp-content\/uploads\/DSC0539-300x199.jpg 300w, https:\/\/iletim.istanbul.edu.tr\/wp-content\/uploads\/DSC0539-768x510.jpg 768w\" data-expand=\"700\" \/><\/a>\n                <\/div><\/figure><figure class='gallery-item'>\n                <div class='gallery-icon landscape'>\n                    <a href='https:\/\/iletim.istanbul.edu.tr\/wp-content\/uploads\/DSC0552-e1520579351450.jpg'><img loading=\"lazy\" decoding=\"async\" width=\"1024\" height=\"680\" src=\"\" class=\"attachment-large size-large lazyload\" alt=\"\" data-src=\"https:\/\/iletim.istanbul.edu.tr\/wp-content\/uploads\/DSC0552-1024x680.jpg\" data-sizes=\"auto\" data-srcset=\"https:\/\/iletim.istanbul.edu.tr\/wp-content\/uploads\/DSC0552-1024x680.jpg 1024w, https:\/\/iletim.istanbul.edu.tr\/wp-content\/uploads\/DSC0552-300x199.jpg 300w, https:\/\/iletim.istanbul.edu.tr\/wp-content\/uploads\/DSC0552-768x510.jpg 768w, https:\/\/iletim.istanbul.edu.tr\/wp-content\/uploads\/DSC0552-e1520579351450.jpg 760w\" data-expand=\"700\" \/><\/a>\n                <\/div><\/figure><figure class='gallery-item'>\n                <div class='gallery-icon landscape'>\n                    <a href='https:\/\/iletim.istanbul.edu.tr\/wp-content\/uploads\/DSC0528-e1520579462543.jpg'><img loading=\"lazy\" decoding=\"async\" width=\"1024\" height=\"680\" src=\"\" class=\"attachment-large size-large lazyload\" alt=\"\" data-src=\"https:\/\/iletim.istanbul.edu.tr\/wp-content\/uploads\/DSC0528-1024x680.jpg\" data-sizes=\"auto\" data-srcset=\"https:\/\/iletim.istanbul.edu.tr\/wp-content\/uploads\/DSC0528-1024x680.jpg 1024w, https:\/\/iletim.istanbul.edu.tr\/wp-content\/uploads\/DSC0528-300x199.jpg 300w, https:\/\/iletim.istanbul.edu.tr\/wp-content\/uploads\/DSC0528-768x510.jpg 768w, https:\/\/iletim.istanbul.edu.tr\/wp-content\/uploads\/DSC0528-e1520579462543.jpg 760w\" data-expand=\"700\" \/><\/a>\n                <\/div><\/figure><figure class='gallery-item'>\n                <div class='gallery-icon landscape'>\n                    <a href='https:\/\/iletim.istanbul.edu.tr\/wp-content\/uploads\/DSC0556.jpg'><img loading=\"lazy\" decoding=\"async\" width=\"1024\" height=\"680\" src=\"\" class=\"attachment-large size-large lazyload\" alt=\"\" data-src=\"https:\/\/iletim.istanbul.edu.tr\/wp-content\/uploads\/DSC0556-1024x680.jpg\" data-sizes=\"auto\" data-srcset=\"https:\/\/iletim.istanbul.edu.tr\/wp-content\/uploads\/DSC0556-1024x680.jpg 1024w, https:\/\/iletim.istanbul.edu.tr\/wp-content\/uploads\/DSC0556-300x199.jpg 300w, https:\/\/iletim.istanbul.edu.tr\/wp-content\/uploads\/DSC0556-768x510.jpg 768w\" data-expand=\"700\" \/><\/a>\n                <\/div><\/figure><br style=\"clear: both\" \/><figure class='gallery-item'>\n                <div class='gallery-icon landscape'>\n                    <a href='https:\/\/iletim.istanbul.edu.tr\/wp-content\/uploads\/DSC0608.jpg'><img loading=\"lazy\" decoding=\"async\" width=\"1024\" height=\"680\" src=\"\" class=\"attachment-large size-large lazyload\" alt=\"\" data-src=\"https:\/\/iletim.istanbul.edu.tr\/wp-content\/uploads\/DSC0608-1024x680.jpg\" data-sizes=\"auto\" data-srcset=\"https:\/\/iletim.istanbul.edu.tr\/wp-content\/uploads\/DSC0608-1024x680.jpg 1024w, https:\/\/iletim.istanbul.edu.tr\/wp-content\/uploads\/DSC0608-300x199.jpg 300w, https:\/\/iletim.istanbul.edu.tr\/wp-content\/uploads\/DSC0608-768x510.jpg 768w\" data-expand=\"700\" \/><\/a>\n                <\/div><\/figure><figure class='gallery-item'>\n                <div class='gallery-icon landscape'>\n                    <a href='https:\/\/iletim.istanbul.edu.tr\/wp-content\/uploads\/DSC0620.jpg'><img loading=\"lazy\" decoding=\"async\" width=\"1024\" height=\"680\" src=\"\" class=\"attachment-large size-large lazyload\" alt=\"\" data-src=\"https:\/\/iletim.istanbul.edu.tr\/wp-content\/uploads\/DSC0620-1024x680.jpg\" data-sizes=\"auto\" data-srcset=\"https:\/\/iletim.istanbul.edu.tr\/wp-content\/uploads\/DSC0620-1024x680.jpg 1024w, https:\/\/iletim.istanbul.edu.tr\/wp-content\/uploads\/DSC0620-300x199.jpg 300w, https:\/\/iletim.istanbul.edu.tr\/wp-content\/uploads\/DSC0620-768x510.jpg 768w\" data-expand=\"700\" \/><\/a>\n                <\/div><\/figure><figure class='gallery-item'>\n                <div class='gallery-icon landscape'>\n                    <a href='https:\/\/iletim.istanbul.edu.tr\/wp-content\/uploads\/DSC0536-e1520580955993.jpg'><img loading=\"lazy\" decoding=\"async\" width=\"1024\" height=\"680\" src=\"\" class=\"attachment-large size-large lazyload\" alt=\"\" data-src=\"https:\/\/iletim.istanbul.edu.tr\/wp-content\/uploads\/DSC0536-1024x680.jpg\" data-sizes=\"auto\" data-srcset=\"https:\/\/iletim.istanbul.edu.tr\/wp-content\/uploads\/DSC0536-1024x680.jpg 1024w, https:\/\/iletim.istanbul.edu.tr\/wp-content\/uploads\/DSC0536-300x199.jpg 300w, https:\/\/iletim.istanbul.edu.tr\/wp-content\/uploads\/DSC0536-768x510.jpg 768w, https:\/\/iletim.istanbul.edu.tr\/wp-content\/uploads\/DSC0536-e1520580955993.jpg 760w\" data-expand=\"700\" \/><\/a>\n                <\/div><\/figure>\n                <br style='clear: both' \/>\n            <\/div>\n\n","protected":false},"excerpt":{"rendered":"<p>\u0130stanbul \u00dcniversitesi Engelliler Uygulama ve Ara\u015ft\u0131rma Merkezi (ENUYGAR) taraf\u0131ndan &#8220;Toplumsal Cinsiyet ve Kad\u0131n&#8221; isimli seminer 7 Mart \u00c7ar\u015famba g\u00fcn\u00fc Esnaf Hastanesi Toplant\u0131 Salonu&#8217;nda d\u00fczenlendi. Seminer&#8217;de engelli kad\u0131nlar\u0131n ya\u015fam\u0131\u015f olduklar\u0131 zorluklar ve toplumsal cinsiyet konusu ele al\u0131nd\u0131.<\/p>\n","protected":false},"author":14,"featured_media":3167,"comment_status":"open","ping_status":"open","sticky":false,"template":"","format":"standard","meta":{"jnews-multi-image_gallery":[],"jnews_single_post":[],"jnews_primary_category":[],"jnews_social_meta":[],"jnews_override_counter":[],"footnotes":""},"categories":[34],"tags":[202,43,203],"class_list":["post-3162","post","type-post","status-publish","format-standard","has-post-thumbnail","hentry","category-universite","tag-esnaf-hastanesi","tag-istanbul-universitesi","tag-toplumsal-cinsiyet-ve-kadin"],"_links":{"self":[{"href":"https:\/\/iletim.istanbul.edu.tr\/index.php\/wp-json\/wp\/v2\/posts\/3162","targetHints":{"allow":["GET"]}}],"collection":[{"href":"https:\/\/iletim.istanbul.edu.tr\/index.php\/wp-json\/wp\/v2\/posts"}],"about":[{"href":"https:\/\/iletim.istanbul.edu.tr\/index.php\/wp-json\/wp\/v2\/types\/post"}],"author":[{"embeddable":true,"href":"https:\/\/iletim.istanbul.edu.tr\/index.php\/wp-json\/wp\/v2\/users\/14"}],"replies":[{"embeddable":true,"href":"https:\/\/iletim.istanbul.edu.tr\/index.php\/wp-json\/wp\/v2\/comments?post=3162"}],"version-history":[{"count":0,"href":"https:\/\/iletim.istanbul.edu.tr\/index.php\/wp-json\/wp\/v2\/posts\/3162\/revisions"}],"wp:featuredmedia":[{"embeddable":true,"href":"https:\/\/iletim.istanbul.edu.tr\/index.php\/wp-json\/wp\/v2\/media\/3167"}],"wp:attachment":[{"href":"https:\/\/iletim.istanbul.edu.tr\/index.php\/wp-json\/wp\/v2\/media?parent=3162"}],"wp:term":[{"taxonomy":"category","embeddable":true,"href":"https:\/\/iletim.istanbul.edu.tr\/index.php\/wp-json\/wp\/v2\/categories?post=3162"},{"taxonomy":"post_tag","embeddable":true,"href":"https:\/\/iletim.istanbul.edu.tr\/index.php\/wp-json\/wp\/v2\/tags?post=3162"}],"curies":[{"name":"wp","href":"https:\/\/api.w.org\/{rel}","templated":true}]}}