{"id":3650,"date":"2018-03-30T14:01:13","date_gmt":"2018-03-30T11:01:13","guid":{"rendered":"https:\/\/iletim.istanbul.edu.tr\/?p=3650"},"modified":"2018-03-30T14:01:13","modified_gmt":"2018-03-30T11:01:13","slug":"bardaklara-cizdigi-resimlerle-dunyayi-geziyor","status":"publish","type":"post","link":"https:\/\/iletim.istanbul.edu.tr\/index.php\/2018\/03\/30\/bardaklara-cizdigi-resimlerle-dunyayi-geziyor\/","title":{"rendered":"Bardaklara \u00c7izdi\u011fi Resimlerle D\u00fcnyay\u0131 Geziyor"},"content":{"rendered":"<p><strong>Hande Nur OCAK<\/strong><\/p>\n<p>\u0130stanbul \u00dcniversitesi T\u00fcrk\u00e7e \u00d6\u011fretmenli\u011fi \u00f6\u011frencisi\u00a0Berk Arma\u011fan, \u00e7izdi\u011fi bardaklarla d\u00fcnyay\u0131 dola\u015f\u0131yor. Arma\u011fan, hayallerinin pe\u015finden ko\u015fan ve pek \u00e7ok insana ilham kayna\u011f\u0131 olacak bir gezgin. \u201cKe\u015fke orada olsayd\u0131m, ke\u015fke \u015fu hayvan\u0131 g\u00f6rebilseydim, ke\u015fke\u2026\u201d diyerek kurdu\u011fu \u00e7ocukluk hayali olan d\u00fcnyay\u0131 gezme fikrini \u00e7izdi\u011fi bardaklar\u0131 satarak ger\u00e7ekle\u015ftiren Arma\u011fan bu sayede tam 18 \u00fclke 35 \u015fehir gezdi.<\/p>\n<p>Gezmeye tam olarak Nisan 2016\u2019da ba\u015flayan Arma\u011fan, \u0130zmir\u2019e otostop \u00e7ekerek tam 10 saatte vard\u0131\u011f\u0131n\u0131 ve ilk otostopunu ger\u00e7ekle\u015ftirdikten sonra T\u00fcrkiye\u2019nin farkl\u0131 yerlerine seyahat etmeye ba\u015flad\u0131\u011f\u0131n\u0131 belirtti. \u201cAsosyal diye nitelendirilecek biriyken bu noktalara gelip say\u0131s\u0131z insanla tan\u0131\u015farak y\u0131llard\u0131r bana anlat\u0131lan T\u00fcrkiye\u2019yi bizzat ya\u015fama f\u0131rsat\u0131 buldum\u201d \u015feklinde konu\u015fan Arma\u011fan bu yolculuklar\u0131 s\u0131ras\u0131nda yurt d\u0131\u015f\u0131 hayallerinin daha \u00e7ok artt\u0131\u011f\u0131n\u0131 s\u00f6yledi. \u201cAilem seyahat i\u00e7in fazla para ay\u0131ramayaca\u011f\u0131n\u0131 s\u00f6yledi\u201d diye konu\u015fan Arma\u011fan, ifadelerini \u015fu \u015fekilde s\u00fcrd\u00fcrd\u00fc: \u201cSonras\u0131nda nas\u0131l para kazanabilirim diye d\u00fc\u015f\u00fcnmeye ba\u015flad\u0131m. Akl\u0131mda para biriktirmek i\u00e7in bir yere girip yar\u0131 zamanl\u0131 \u00e7al\u0131\u015fma d\u00fc\u015f\u00fcncesi vard\u0131 ya da \u00e7izim yetene\u011fimi kullanarak bir \u015feyler yapabilirdim.\u201d<\/p>\n<p><img decoding=\"async\" class=\"alignnone wp-image-3671 size-full\" src=\"https:\/\/iletim.istanbul.edu.tr\/wp-content\/uploads\/20170407-174019-new-.jpg\" alt=\"\" width=\"800\" height=\"647\" srcset=\"https:\/\/iletim.istanbul.edu.tr\/wp-content\/uploads\/20170407-174019-new-.jpg 800w, https:\/\/iletim.istanbul.edu.tr\/wp-content\/uploads\/20170407-174019-new--300x243.jpg 300w, https:\/\/iletim.istanbul.edu.tr\/wp-content\/uploads\/20170407-174019-new--768x621.jpg 768w, https:\/\/iletim.istanbul.edu.tr\/wp-content\/uploads\/20170407-174019-new--168x137.jpg 168w\" sizes=\"(max-width: 800px) 100vw, 800px\" \/><\/p>\n<p>Arma\u011fan, \u00e7izerek para kazanmak bilinmezliklerle dolu olmas\u0131na ra\u011fmen bu yolu tercih etti\u011fini ifade ederken \u201cGenelde insanlar bu tarz i\u015flere s\u0131cak bakmad\u0131\u011f\u0131 i\u00e7in cidden zor bir i\u015fe girmi\u015f oldum\u201d dedi. \u201c\u00c7izmeyi se\u00e7tim ama ne \u00e7izeyim, neye \u00e7izeyim diye d\u00fc\u015f\u00fcnmeye ba\u015flad\u0131m\u201d \u015feklinde konu\u015fan Arma\u011fan, \u201cPara kazanmak i\u00e7in bir model olmal\u0131 diye d\u00fc\u015f\u00fcn\u00fcrken, akl\u0131ma daha \u00f6nce yapt\u0131\u011f\u0131m bardaklar geldi. G\u00f6ren herkes \u00e7ok be\u011fenmi\u015fti ve sonras\u0131nda da hik\u00e2yem ba\u015flad\u0131\u201d ifadelerini kulland\u0131.<\/p>\n<p><strong>\u201cHayalim D\u00fcnya\u2019y\u0131 \u00c7izerek Gezmek\u201d<\/strong><\/p>\n<p>\u0130lk olarak 12 tane barda\u011f\u0131 \u00e7izerek bunlar\u0131 satan Arma\u011fan, daha sonras\u0131nda sosyal medya arac\u0131l\u0131\u011f\u0131yla \u00e7izimlerine oradan sipari\u015f alarak devam etti\u011fini belirtti. \u201cO g\u00fcnden bu yana y\u00fczlerce bardak \u00e7izdim. 18 \u00fclke 35 \u015fehir gezdim\u201d ifadelerini kullanan Arma\u011fan, yola \u00e7\u0131kmadan \u00f6nce bardak sat\u0131p para toplad\u0131\u011f\u0131n\u0131 s\u00f6yledi. Arma\u011fan, gezileri s\u0131ras\u0131nda bardak satmad\u0131\u011f\u0131n\u0131 ifade ederken \u201cGezdi\u011fim yerlerin barda\u011fa \u00e7izilmesi m\u00fcmk\u00fcn olan k\u00fclt\u00fcrel de\u011ferlerini, \u015fehir simgelerini \u00e7iziyorum\u201d dedi. \u0130ngilizceyi kendisini idare edecek d\u00fczeyde bildi\u011fini s\u00f6yleyen Arma\u011fan, gezilerinden sonra elinden geldi\u011fince sosyal sorumluluk projeleri yapt\u0131\u011f\u0131n\u0131 belirtti.<\/p>\n<p><img decoding=\"async\" class=\"wp-image-3672 size-large\" src=\"https:\/\/iletim.istanbul.edu.tr\/wp-content\/uploads\/bardak-1-1024x768.jpeg\" alt=\"\" width=\"702\" height=\"527\" srcset=\"https:\/\/iletim.istanbul.edu.tr\/wp-content\/uploads\/bardak-1-1024x768.jpeg 1024w, https:\/\/iletim.istanbul.edu.tr\/wp-content\/uploads\/bardak-1-300x225.jpeg 300w, https:\/\/iletim.istanbul.edu.tr\/wp-content\/uploads\/bardak-1-768x576.jpeg 768w, https:\/\/iletim.istanbul.edu.tr\/wp-content\/uploads\/bardak-1.jpeg 1080w\" sizes=\"(max-width: 702px) 100vw, 702px\" \/><\/p>\n<p><strong>\u201cZorluklardan Kor<\/strong><strong>kmamak Gerek\u201d<\/strong><\/p>\n<p>\u00c7izdi\u011fi bardaklar\u0131 1 ile 5 saat aras\u0131nda tasarlayan Arma\u011fan yapt\u0131\u011f\u0131 gezilerin y\u00fczde 80\u2019ini \u00e7izdi\u011fi bardaklarla kar\u015f\u0131lad\u0131\u011f\u0131n\u0131 s\u00f6yleyerek gezi tarz\u0131n\u0131n zorluklar\u0131ndan \u015fu \u015fekilde bahsetti: \u201cHer i\u015fin cefa k\u0131sm\u0131 var ba\u015flarda, sonras\u0131nda sefa k\u0131sm\u0131 s\u00fcr\u00fcl\u00fcyor. Benim i\u00e7in de durum tam olarak bu. \u00d6rne\u011fin; Danimarka\u2019da Christiansborg Saray\u0131 \u00e7iziminin renklendirmesini \u00e7ad\u0131r\u0131mda telefon \u0131\u015f\u0131\u011f\u0131yla yapmak zorunda kalm\u0131\u015ft\u0131m.\u201d \u00d6rneklerine yapt\u0131\u011f\u0131 tren yolculuklar\u0131nda ya\u015fad\u0131klar\u0131n\u0131 anlatarak devam eden Arma\u011fan, \u201cTrenlerde sars\u0131nt\u0131l\u0131 yolculuklarda, geceleri uykumdan 2-3 saat feragat ederek pek \u00e7ok \u00e7izim yapt\u0131m. Bir s\u00fcre sonra ise bunlar zor gelmemeye ba\u015flad\u0131. \u015euan tatl\u0131 bir an\u0131 olarak kafamda yerini ald\u0131 hepsi\u201d dedi.<\/p>\n<p><strong>\u201c#kalemimled\u00fcnya Diyerek Yola \u00c7\u0131kt\u0131m\u201d<\/strong><\/p>\n<p>Sosyal sorumluluk projelerine devam edece\u011fini ve yak\u0131nda yeni bir \u0130stanbul serisine ba\u015flayaca\u011f\u0131n\u0131 belirten Arma\u011fan, \u201cHer k\u0131taya, \u00fclkeye, \u015fehre ayak bas\u0131p \u00e7izdi\u011fim bardaklar\u0131 beni severek takip eden, destekleyen insanlara ula\u015ft\u0131rmak istiyorum. \u00d6nceden bunun pek m\u00fcmk\u00fcn olmad\u0131\u011f\u0131n\u0131 d\u00fc\u015f\u00fcn\u00fcyordum ama art\u0131k bu d\u00fc\u015f\u00fcncem de\u011fi\u015fti\u201d dedi. Bu yolculu\u011fa ba\u015flad\u0131ktan sonra \u00e7evresinden ald\u0131\u011f\u0131 tepkilerin \u00e7ok g\u00fczel oldu\u011funu ve fak\u00fclte hocalar\u0131n\u0131n da bardak alarak kendisine destekte bulundu\u011funu s\u00f6yleyen Arma\u011fan, s\u00f6zlerini \u015fu \u015fekilde sonland\u0131rd\u0131: \u201c#kalemimled\u00fcnya diyerek yola \u00e7\u0131kt\u0131m ve bu hayalimi ger\u00e7ekle\u015ftirmek i\u00e7in elimden geleni yapaca\u011f\u0131m.\u201d<\/p>\n<p><img decoding=\"async\" class=\"alignnone wp-image-3673 size-large\" src=\"https:\/\/iletim.istanbul.edu.tr\/wp-content\/uploads\/bardak-7-1024x576.jpeg\" alt=\"\" width=\"702\" height=\"395\" srcset=\"https:\/\/iletim.istanbul.edu.tr\/wp-content\/uploads\/bardak-7-1024x576.jpeg 1024w, https:\/\/iletim.istanbul.edu.tr\/wp-content\/uploads\/bardak-7-300x169.jpeg 300w, https:\/\/iletim.istanbul.edu.tr\/wp-content\/uploads\/bardak-7-768x432.jpeg 768w, https:\/\/iletim.istanbul.edu.tr\/wp-content\/uploads\/bardak-7.jpeg 1080w\" sizes=\"(max-width: 702px) 100vw, 702px\" \/><\/p>\n","protected":false},"excerpt":{"rendered":"<p>\u0130stanbul \u00dcniversitesi T\u00fcrk\u00e7e \u00d6\u011fretmenli\u011fi \u00f6\u011frencisi\u00a0Berk Arma\u011fan, \u00e7izdi\u011fi bardaklarla d\u00fcnyay\u0131 dola\u015f\u0131yor. Arma\u011fan, hayallerinin pe\u015finden ko\u015fan ve pek \u00e7ok insana ilham kayna\u011f\u0131 olacak bir gezgin. \u201cKe\u015fke orada olsayd\u0131m, ke\u015fke \u015fu hayvan\u0131 g\u00f6rebilseydim, ke\u015fke\u2026\u201d diyerek kurdu\u011fu \u00e7ocukluk hayali olan d\u00fcnyay\u0131 gezme fikrini \u00e7izdi\u011fi bardaklar\u0131 satarak ger\u00e7ekle\u015ftiren Arma\u011fan bu sayede tam 18 \u00fclke 35 \u015fehir gezdi.<\/p>\n","protected":false},"author":14,"featured_media":3670,"comment_status":"open","ping_status":"open","sticky":false,"template":"","format":"standard","meta":{"jnews-multi-image_gallery":[],"jnews_single_post":[],"jnews_primary_category":[],"jnews_social_meta":[],"jnews_override_counter":[],"footnotes":""},"categories":[30],"tags":[268,269,271,270],"class_list":["post-3650","post","type-post","status-publish","format-standard","has-post-thumbnail","hentry","category-kultur-sanat","tag-berkarmagan","tag-istanbulluseyyah","tag-istanbuluniversitesiturkceogretmenligi","tag-seyyah"],"_links":{"self":[{"href":"https:\/\/iletim.istanbul.edu.tr\/index.php\/wp-json\/wp\/v2\/posts\/3650","targetHints":{"allow":["GET"]}}],"collection":[{"href":"https:\/\/iletim.istanbul.edu.tr\/index.php\/wp-json\/wp\/v2\/posts"}],"about":[{"href":"https:\/\/iletim.istanbul.edu.tr\/index.php\/wp-json\/wp\/v2\/types\/post"}],"author":[{"embeddable":true,"href":"https:\/\/iletim.istanbul.edu.tr\/index.php\/wp-json\/wp\/v2\/users\/14"}],"replies":[{"embeddable":true,"href":"https:\/\/iletim.istanbul.edu.tr\/index.php\/wp-json\/wp\/v2\/comments?post=3650"}],"version-history":[{"count":0,"href":"https:\/\/iletim.istanbul.edu.tr\/index.php\/wp-json\/wp\/v2\/posts\/3650\/revisions"}],"wp:featuredmedia":[{"embeddable":true,"href":"https:\/\/iletim.istanbul.edu.tr\/index.php\/wp-json\/wp\/v2\/media\/3670"}],"wp:attachment":[{"href":"https:\/\/iletim.istanbul.edu.tr\/index.php\/wp-json\/wp\/v2\/media?parent=3650"}],"wp:term":[{"taxonomy":"category","embeddable":true,"href":"https:\/\/iletim.istanbul.edu.tr\/index.php\/wp-json\/wp\/v2\/categories?post=3650"},{"taxonomy":"post_tag","embeddable":true,"href":"https:\/\/iletim.istanbul.edu.tr\/index.php\/wp-json\/wp\/v2\/tags?post=3650"}],"curies":[{"name":"wp","href":"https:\/\/api.w.org\/{rel}","templated":true}]}}