{"id":3676,"date":"2018-03-30T13:49:58","date_gmt":"2018-03-30T10:49:58","guid":{"rendered":"https:\/\/iletim.istanbul.edu.tr\/?p=3676"},"modified":"2018-04-02T14:07:28","modified_gmt":"2018-04-02T11:07:28","slug":"gazeteci-yazar-oktay-verel-hayatini-kaybetti","status":"publish","type":"post","link":"https:\/\/iletim.istanbul.edu.tr\/index.php\/2018\/03\/30\/gazeteci-yazar-oktay-verel-hayatini-kaybetti\/","title":{"rendered":"Gazeteci Yazar Oktay Verel Hayat\u0131n\u0131 Kaybetti"},"content":{"rendered":"<p>\u0130leti\u015fim Fak\u00fcltesi Gazetecilik B\u00f6l\u00fcm\u00fc&#8217;nde bir d\u00f6nem dersler veren T\u00fcrkiye Gazeteciler Cemiyeti \u00fcyesi gazeteci yazar Oktay Verel hayat\u0131n\u0131 kaybetti. Hocam\u0131za Allah&#8217;tan rahmet ailesine ve sevenlerine ba\u015fsa\u011fl\u0131\u011f\u0131 dileriz.<\/p>\n<p><strong>Oktay Verel Kimdir?<\/strong><span class=\"text_exposed_show\"><br \/>\nOktay Verel, 1927 \u0130stanbul do\u011fumludur. E\u011fitimini 1948 y\u0131l\u0131nda \u0130stanbul Erkek Lisesi&#8217;nde tamamlam\u0131\u015f ve \u0130stanbul \u00dcniversitesi Edebiyat Fak\u00fcltesi Felsefe B\u00f6l\u00fcm\u00fc\u2019nden mezun olmu\u015ftur.\u00a0\u00c7e\u015fitli gazetelerde f\u0131kra yazarl\u0131\u011f\u0131, ba\u015fyazarl\u0131k, yaz\u0131 i\u015fleri ve genel yay\u0131n m\u00fcd\u00fcrl\u00fc\u011f\u00fc g\u00f6revlerinde bulunmu\u015ftur. Bir s\u00fcre Ba\u015fbakanl\u0131k Bas\u0131n Yay\u0131n Enformasyon Genel M\u00fcd\u00fcrl\u00fc\u011f\u00fc \u0130stanbul \u0130l Temsilcilisi olarak g\u00f6rev alan Oktay Verel, TRT \u0130stanbul Radyosu\u2019nda \u00e7e\u015fitli programlar haz\u0131rlam\u0131\u015f ve sunmu\u015ftur. \u0130stanbul \u00dcniversitesi \u0130leti\u015fim Fak\u00fcltesi\u2019nde \u00e7e\u015fitli dersler vermi\u015ftir.<\/span><\/p>\n<p>*Foto\u011fraflar T\u00fcrkiye S\u00f6zl\u00fc Bas\u0131n Tarihi kitab\u0131ndan al\u0131nm\u0131\u015ft\u0131r.<\/p>\n<p><img decoding=\"async\" class=\"alignnone wp-image-3679 size-large\" src=\"https:\/\/iletim.istanbul.edu.tr\/wp-content\/uploads\/oktay_verel-34-1024x737.jpg\" alt=\"\" width=\"702\" height=\"505\" srcset=\"https:\/\/iletim.istanbul.edu.tr\/wp-content\/uploads\/oktay_verel-34-1024x737.jpg 1024w, https:\/\/iletim.istanbul.edu.tr\/wp-content\/uploads\/oktay_verel-34-300x216.jpg 300w, https:\/\/iletim.istanbul.edu.tr\/wp-content\/uploads\/oktay_verel-34-768x552.jpg 768w, https:\/\/iletim.istanbul.edu.tr\/wp-content\/uploads\/oktay_verel-34-536x386.jpg 536w\" sizes=\"(max-width: 702px) 100vw, 702px\" \/><\/p>\n<p><img decoding=\"async\" class=\"alignnone wp-image-3680 size-full\" src=\"https:\/\/iletim.istanbul.edu.tr\/wp-content\/uploads\/oktay_verel-59.jpg\" alt=\"\" width=\"1950\" height=\"2260\" srcset=\"https:\/\/iletim.istanbul.edu.tr\/wp-content\/uploads\/oktay_verel-59.jpg 1950w, https:\/\/iletim.istanbul.edu.tr\/wp-content\/uploads\/oktay_verel-59-259x300.jpg 259w, https:\/\/iletim.istanbul.edu.tr\/wp-content\/uploads\/oktay_verel-59-768x890.jpg 768w, https:\/\/iletim.istanbul.edu.tr\/wp-content\/uploads\/oktay_verel-59-884x1024.jpg 884w\" sizes=\"(max-width: 1950px) 100vw, 1950px\" \/><\/p>\n","protected":false},"excerpt":{"rendered":"<p>\u0130leti\u015fim Fak\u00fcltesi Gazetecilik B\u00f6l\u00fcm\u00fc&#8217;nde bir d\u00f6nem dersler veren T\u00fcrkiye Gazeteciler Cemiyeti \u00fcyesi gazeteci yazar Oktay Verel hayat\u0131n\u0131 kaybetti. Hocam\u0131za Allah&#8217;tan rahmet ailesine ve sevenlerine ba\u015fsa\u011fl\u0131\u011f\u0131 dileriz. Oktay Verel Kimdir? Oktay Verel, 1927 \u0130stanbul do\u011fumludur. E\u011fitimini 1948 y\u0131l\u0131nda \u0130stanbul Erkek Lisesi&#8217;nde tamamlam\u0131\u015f ve \u0130stanbul \u00dcniversitesi Edebiyat Fak\u00fcltesi Felsefe B\u00f6l\u00fcm\u00fc\u2019nden mezun olmu\u015ftur.\u00a0\u00c7e\u015fitli gazetelerde f\u0131kra yazarl\u0131\u011f\u0131, ba\u015fyazarl\u0131k, yaz\u0131 [&hellip;]<\/p>\n","protected":false},"author":14,"featured_media":3677,"comment_status":"open","ping_status":"open","sticky":false,"template":"","format":"standard","meta":{"jnews-multi-image_gallery":[],"jnews_single_post":[],"jnews_primary_category":[],"jnews_social_meta":[],"jnews_override_counter":[],"footnotes":""},"categories":[178],"tags":[284],"class_list":["post-3676","post","type-post","status-publish","format-standard","has-post-thumbnail","hentry","category-fakultemizden","tag-oktay-verel"],"_links":{"self":[{"href":"https:\/\/iletim.istanbul.edu.tr\/index.php\/wp-json\/wp\/v2\/posts\/3676","targetHints":{"allow":["GET"]}}],"collection":[{"href":"https:\/\/iletim.istanbul.edu.tr\/index.php\/wp-json\/wp\/v2\/posts"}],"about":[{"href":"https:\/\/iletim.istanbul.edu.tr\/index.php\/wp-json\/wp\/v2\/types\/post"}],"author":[{"embeddable":true,"href":"https:\/\/iletim.istanbul.edu.tr\/index.php\/wp-json\/wp\/v2\/users\/14"}],"replies":[{"embeddable":true,"href":"https:\/\/iletim.istanbul.edu.tr\/index.php\/wp-json\/wp\/v2\/comments?post=3676"}],"version-history":[{"count":0,"href":"https:\/\/iletim.istanbul.edu.tr\/index.php\/wp-json\/wp\/v2\/posts\/3676\/revisions"}],"wp:featuredmedia":[{"embeddable":true,"href":"https:\/\/iletim.istanbul.edu.tr\/index.php\/wp-json\/wp\/v2\/media\/3677"}],"wp:attachment":[{"href":"https:\/\/iletim.istanbul.edu.tr\/index.php\/wp-json\/wp\/v2\/media?parent=3676"}],"wp:term":[{"taxonomy":"category","embeddable":true,"href":"https:\/\/iletim.istanbul.edu.tr\/index.php\/wp-json\/wp\/v2\/categories?post=3676"},{"taxonomy":"post_tag","embeddable":true,"href":"https:\/\/iletim.istanbul.edu.tr\/index.php\/wp-json\/wp\/v2\/tags?post=3676"}],"curies":[{"name":"wp","href":"https:\/\/api.w.org\/{rel}","templated":true}]}}