{"id":3721,"date":"2018-04-02T11:55:40","date_gmt":"2018-04-02T08:55:40","guid":{"rendered":"https:\/\/iletim.istanbul.edu.tr\/?p=3721"},"modified":"2019-08-01T13:04:49","modified_gmt":"2019-08-01T10:04:49","slug":"hacivat-karagoz-gulduruden-daha-fazlasi","status":"publish","type":"post","link":"https:\/\/iletim.istanbul.edu.tr\/index.php\/2018\/04\/02\/hacivat-karagoz-gulduruden-daha-fazlasi\/","title":{"rendered":"Hacivat Karag\u00f6z G\u00fcld\u00fcr\u00fcden Daha Fazlas\u0131"},"content":{"rendered":"<p><strong>Neslihan KALKAN<\/strong><\/p>\n<p>Seksenler dizisinin Nevzat karakteri Eray Yasin I\u015f\u0131k, oyunculu\u011funun yan\u0131 s\u0131ra Karag\u00f6z ve Hacivat oynat\u0131yor. 2016 y\u0131l\u0131nda \u0130stanbul \u00dcniversitesi&#8217;nde yabanc\u0131 \u00f6\u011frencileri g\u00f6lge oyunu ile tan\u0131\u015ft\u0131ran Karag\u00f6z ustas\u0131 Cengiz Samsun&#8217;un \u00f6\u011frencisi olan I\u015f\u0131k, Karag\u00f6z ve Hacivat gelene\u011fini gen\u00e7 yeteneklere aktarmak istiyor.<\/p>\n<p>Hakk\u0131nda bir\u00e7ok rivayet bulunan Karag\u00f6z ve Hacivat Bursa&#8217;da Ulucami&#8217;nin imalat\u0131 esnas\u0131nda \u00e7al\u0131\u015fan iki i\u015f\u00e7i. Karag\u00f6z demirci ustas\u0131 iken Hacivat duvarc\u0131 ustas\u0131. \u0130n\u015faat\u0131n yava\u015f ilerlemesinden sorumlu tutulup idam edilen Karag\u00f6z ve Hacivat&#8217;\u0131n \u00f6l\u00fcmlerine \u00e7ok \u00fcz\u00fclen \u015eeyh K\u00fc\u015fteri, \u00f6l\u00fcmlerinin sonras\u0131nda kuklalar\u0131n\u0131 yaparak perde arkas\u0131ndan oynatmaya ba\u015flar. Bu sayede Hacivat ve Karag\u00f6z tan\u0131n\u0131r.<\/p>\n<p>Hacivat ve Karag\u00f6z hakk\u0131ndaki rivayetlerle ilgili konu\u015fan I\u015f\u0131k, \u201cKarag\u00f6z ve Hacivat\u2019\u0131n ya\u015fay\u0131p ya\u015famad\u0131klar\u0131 tam olarak bilinmiyor. \u015eunu da g\u00f6r\u00fcyoruz ki bu kadar y\u0131l bu k\u00fclt\u00fcr devam etmi\u015f ve hala o eski lezzetini, g\u00fczelli\u011fini koruyor&#8221; ifadelerini kulland\u0131. Halkla yak\u0131n ba\u011f\u0131 olan s\u00f6zl\u00fc k\u00fclt\u00fcr\u00fcn bir \u00fcr\u00fcn\u00fc olarak kar\u015f\u0131m\u0131za \u00e7\u0131kan, ge\u00e7mi\u015ften g\u00fcn\u00fcm\u00fcze kadar insanlar\u0131 e\u011flendirirken d\u00fc\u015f\u00fcnd\u00fcren bu gelenek, zaman i\u00e7inde yay\u0131larak toplumsal bilin\u00e7 uyand\u0131rmaya katk\u0131 sa\u011flad\u0131\u011f\u0131 biliniyor.<\/p>\n<p><strong>S\u00fcrekli I\u015f\u0131ldayan O Ruh Taze Tutulmal\u0131<\/strong><\/p>\n<p>Karag\u00f6z ve Hacivat&#8217;\u0131n sadece g\u00fcld\u00fcr\u00fc olarak de\u011ferlendirilmemesi gerekti\u011fini s\u00f6yleyen I\u015f\u0131k, s\u00f6zlerini \u015fu \u015fekilde s\u00fcrd\u00fcrd\u00fc: \u201cKarag\u00f6z&#8217;\u00fcn oynat\u0131labilmesi i\u00e7in \u0131\u015f\u0131k, tasvir, perde denilen bir \u00fc\u00e7l\u00fc var. I\u015f\u0131k tasvire vurdu\u011fu zaman perdeye g\u00f6lgesi d\u00fc\u015fecek ve g\u00f6lge oyunu olacak. Tasavvuf bunu o kadar g\u00fczel anlatm\u0131\u015f ki \u0131\u015f\u0131\u011fa ruh, tasvire beden demi\u015f ve o beyaz perdeye ise ayna &#8216;d\u00fcnya&#8217; demi\u015f ve ruh bedenden \u00e7\u0131kt\u0131\u011f\u0131 zaman yani \u0131\u015f\u0131k tasvirin \u00fczerine d\u00fc\u015fmedi\u011fi zaman d\u00fcnyada suretin, g\u00f6lgen olu\u015fmuyor. Yani s\u00fcrekli \u0131\u015f\u0131ldayan o ruhunu taze tutman gerekiyor.&#8221;<\/p>\n<p><strong>&#8220;Biz Eme\u011fe De\u011fer Veren Bir Toplumuz&#8221;<\/strong><\/p>\n<p>I\u015f\u0131k, Karag\u00f6z ve Hacivat&#8217;\u0131n nesiller boyu devam edece\u011fine inanc\u0131n\u0131n tam oldu\u011funu da s\u00f6yledi. Bunu s\u00f6ylerken &#8220;Biz eme\u011fe de\u011fer veren toplumuz, Karag\u00f6z ve Hacivat&#8217; da \u00e7ok emek isteyen ve o eme\u011fin de\u011ferli oldu\u011fu bir mecra&#8221; ifadelerini kulland\u0131. \u00d6\u011frencileri ile birlikte elinden geldikleri kadar u\u011fra\u015ft\u0131klar\u0131n\u0131 s\u00f6yleyen I\u015f\u0131k, bu k\u00fclt\u00fcr\u00fc insanlara daha fazla ula\u015ft\u0131rabilmek i\u00e7in \u00e7abalad\u0131klar\u0131n\u0131, el vermek i\u00e7in yeni \u00e7\u0131raklar bekledi\u011fini belirtti.<\/p>\n<p>Karag\u00f6z ve Hacivat ile ilkokul y\u0131llar\u0131nda tan\u0131\u015fan I\u015f\u0131k, \u00c7ank\u0131r\u0131\u2019dan \u0130stanbul\u2019a geldi\u011finde daha \u00e7ok i\u015fin mutfa\u011f\u0131na girmeye ba\u015flam\u0131\u015f ve k\u0131sa s\u00fcre i\u00e7erisinde ustas\u0131n\u0131n da te\u015fvikleriyle i\u015fi iyice \u00f6\u011frenmi\u015f. B\u00f6ylesine g\u00fczel k\u00fclt\u00fcr i\u00e7in usta-\u00e7\u0131rak ili\u015fkisinin \u00e7ok \u00f6nemli oldu\u011funa de\u011finen I\u015f\u0131k, &#8220;Bizde adettir usta, yarda\u011fa Karag\u00f6zc\u00fc olduktan sonra bir tak\u0131m Karag\u00f6z tasviri yap\u0131p hediye eder ve art\u0131k sen de perdeni kurabilirsin, yeni ustalar yeti\u015ftirebilirsin&#8221; ifadelerini kulland\u0131. Perdesini ald\u0131ktan sonra Anadolu&#8217;nun \u00e7e\u015fitli yerlerinde \u00e7\u0131raklar yeti\u015ftirdi\u011fini dile getiren I\u015f\u0131k, ger\u00e7ekten hevesli olan gen\u00e7leri bu i\u015fe te\u015fvik etti\u011fini s\u00f6yledi.<\/p>\n<div id='gallery_1' class='gallery galleryid-3721 gallery-columns-3 gallery-size-large'><figure class='gallery-item'>\n                <div class='gallery-icon portrait'>\n                    <a href='https:\/\/iletim.istanbul.edu.tr\/wp-content\/uploads\/2e815dac-6957-4f7b-b810-3dc796f9af89.jpg'><img loading=\"lazy\" decoding=\"async\" width=\"682\" height=\"1024\" src=\"\" class=\"attachment-large size-large lazyload\" alt=\"\" data-src=\"https:\/\/iletim.istanbul.edu.tr\/wp-content\/uploads\/2e815dac-6957-4f7b-b810-3dc796f9af89-682x1024.jpg\" data-sizes=\"auto\" data-srcset=\"https:\/\/iletim.istanbul.edu.tr\/wp-content\/uploads\/2e815dac-6957-4f7b-b810-3dc796f9af89-682x1024.jpg 682w, https:\/\/iletim.istanbul.edu.tr\/wp-content\/uploads\/2e815dac-6957-4f7b-b810-3dc796f9af89-200x300.jpg 200w, https:\/\/iletim.istanbul.edu.tr\/wp-content\/uploads\/2e815dac-6957-4f7b-b810-3dc796f9af89-768x1152.jpg 768w, https:\/\/iletim.istanbul.edu.tr\/wp-content\/uploads\/2e815dac-6957-4f7b-b810-3dc796f9af89.jpg 853w\" data-expand=\"700\" \/><\/a>\n                <\/div><\/figure><figure class='gallery-item'>\n                <div class='gallery-icon portrait'>\n                    <a href='https:\/\/iletim.istanbul.edu.tr\/wp-content\/uploads\/542a0864-a9f7-4db5-a118-b94c91100518.jpg'><img loading=\"lazy\" decoding=\"async\" width=\"682\" height=\"1024\" src=\"\" class=\"attachment-large size-large lazyload\" alt=\"\" data-src=\"https:\/\/iletim.istanbul.edu.tr\/wp-content\/uploads\/542a0864-a9f7-4db5-a118-b94c91100518-682x1024.jpg\" data-sizes=\"auto\" data-srcset=\"https:\/\/iletim.istanbul.edu.tr\/wp-content\/uploads\/542a0864-a9f7-4db5-a118-b94c91100518-682x1024.jpg 682w, https:\/\/iletim.istanbul.edu.tr\/wp-content\/uploads\/542a0864-a9f7-4db5-a118-b94c91100518-200x300.jpg 200w, https:\/\/iletim.istanbul.edu.tr\/wp-content\/uploads\/542a0864-a9f7-4db5-a118-b94c91100518-768x1152.jpg 768w, https:\/\/iletim.istanbul.edu.tr\/wp-content\/uploads\/542a0864-a9f7-4db5-a118-b94c91100518.jpg 853w\" data-expand=\"700\" \/><\/a>\n                <\/div><\/figure><figure class='gallery-item'>\n                <div class='gallery-icon landscape'>\n                    <a href='https:\/\/iletim.istanbul.edu.tr\/wp-content\/uploads\/2f0966c7-0568-4a64-8a46-1583e71300fa.jpg'><img loading=\"lazy\" decoding=\"async\" width=\"1024\" height=\"682\" src=\"\" class=\"attachment-large size-large lazyload\" alt=\"\" data-src=\"https:\/\/iletim.istanbul.edu.tr\/wp-content\/uploads\/2f0966c7-0568-4a64-8a46-1583e71300fa-1024x682.jpg\" data-sizes=\"auto\" data-srcset=\"https:\/\/iletim.istanbul.edu.tr\/wp-content\/uploads\/2f0966c7-0568-4a64-8a46-1583e71300fa-1024x682.jpg 1024w, https:\/\/iletim.istanbul.edu.tr\/wp-content\/uploads\/2f0966c7-0568-4a64-8a46-1583e71300fa-300x200.jpg 300w, https:\/\/iletim.istanbul.edu.tr\/wp-content\/uploads\/2f0966c7-0568-4a64-8a46-1583e71300fa-768x512.jpg 768w, https:\/\/iletim.istanbul.edu.tr\/wp-content\/uploads\/2f0966c7-0568-4a64-8a46-1583e71300fa.jpg 1280w\" data-expand=\"700\" \/><\/a>\n                <\/div><\/figure><br style=\"clear: both\" \/>\n            <\/div>\n\n","protected":false},"excerpt":{"rendered":"<p>Seksenler dizisinin Nevzat karakteri Eray Yasin I\u015f\u0131k, oyunculu\u011funun yan\u0131 s\u0131ra Karag\u00f6z ve Hacivat oynat\u0131yor. 2016 y\u0131l\u0131nda \u0130stanbul \u00dcniversitesi&#8217;nde yabanc\u0131 \u00f6\u011frencileri g\u00f6lge oyunu ile tan\u0131\u015ft\u0131ran Karag\u00f6z ustas\u0131 Cengiz Samsun&#8217;un \u00f6\u011frencisi olan I\u015f\u0131k, Karag\u00f6z ve Hacivat gelene\u011fini gen\u00e7 yeteneklere aktarmak istiyor.<br \/>\nHakk\u0131nda bir\u00e7ok rivayet bulunan Karag\u00f6z ve Hacivat Bursa&#8217;da Ulucami&#8217;nin imalat\u0131 esnas\u0131nda \u00e7al\u0131\u015fan iki i\u015f\u00e7i. Karag\u00f6z demirci ustas\u0131 iken Hacivat duvarc\u0131 ustas\u0131. \u0130n\u015faat\u0131n yava\u015f ilerlemesinden sorumlu tutulup idam edilen Karag\u00f6z ve Hacivat&#8217;\u0131n \u00f6l\u00fcmlerine \u00e7ok \u00fcz\u00fclen \u015eeyh K\u00fc\u015fteri, \u00f6l\u00fcmlerinin sonras\u0131nda kuklalar\u0131n\u0131 yaparak perde arkas\u0131ndan oynatmaya ba\u015flar. Bu sayede Hacivat ve Karag\u00f6z tan\u0131n\u0131r.<\/p>\n","protected":false},"author":14,"featured_media":3722,"comment_status":"open","ping_status":"open","sticky":false,"template":"","format":"standard","meta":{"jnews-multi-image_gallery":[],"jnews_single_post":[],"jnews_primary_category":[],"jnews_social_meta":[],"jnews_override_counter":[],"footnotes":""},"categories":[30],"tags":[280,281],"class_list":["post-3721","post","type-post","status-publish","format-standard","has-post-thumbnail","hentry","category-kultur-sanat","tag-eray-yasin-isik","tag-hacivat-karagoz"],"_links":{"self":[{"href":"https:\/\/iletim.istanbul.edu.tr\/index.php\/wp-json\/wp\/v2\/posts\/3721","targetHints":{"allow":["GET"]}}],"collection":[{"href":"https:\/\/iletim.istanbul.edu.tr\/index.php\/wp-json\/wp\/v2\/posts"}],"about":[{"href":"https:\/\/iletim.istanbul.edu.tr\/index.php\/wp-json\/wp\/v2\/types\/post"}],"author":[{"embeddable":true,"href":"https:\/\/iletim.istanbul.edu.tr\/index.php\/wp-json\/wp\/v2\/users\/14"}],"replies":[{"embeddable":true,"href":"https:\/\/iletim.istanbul.edu.tr\/index.php\/wp-json\/wp\/v2\/comments?post=3721"}],"version-history":[{"count":0,"href":"https:\/\/iletim.istanbul.edu.tr\/index.php\/wp-json\/wp\/v2\/posts\/3721\/revisions"}],"wp:featuredmedia":[{"embeddable":true,"href":"https:\/\/iletim.istanbul.edu.tr\/index.php\/wp-json\/wp\/v2\/media\/3722"}],"wp:attachment":[{"href":"https:\/\/iletim.istanbul.edu.tr\/index.php\/wp-json\/wp\/v2\/media?parent=3721"}],"wp:term":[{"taxonomy":"category","embeddable":true,"href":"https:\/\/iletim.istanbul.edu.tr\/index.php\/wp-json\/wp\/v2\/categories?post=3721"},{"taxonomy":"post_tag","embeddable":true,"href":"https:\/\/iletim.istanbul.edu.tr\/index.php\/wp-json\/wp\/v2\/tags?post=3721"}],"curies":[{"name":"wp","href":"https:\/\/api.w.org\/{rel}","templated":true}]}}