{"id":3733,"date":"2018-04-02T10:57:11","date_gmt":"2018-04-02T07:57:11","guid":{"rendered":"https:\/\/iletim.istanbul.edu.tr\/?p=3733"},"modified":"2018-08-20T22:06:03","modified_gmt":"2018-08-20T19:06:03","slug":"alp-pehlivan-tribun-spora-konuk-oldu","status":"publish","type":"post","link":"https:\/\/iletim.istanbul.edu.tr\/index.php\/2018\/04\/02\/alp-pehlivan-tribun-spora-konuk-oldu\/","title":{"rendered":"Alp Pehlivan Trib\u00fcn Spor\u2019a Konuk Oldu"},"content":{"rendered":"<p><strong>Neslihan KALKAN<\/strong><\/p>\n<p>TRT Spor\u2018un fubol yorumcular\u0131ndan Alp Pehlivan, \u0130\u00dcWEBTV\u2019nin futbol program\u0131 Trib\u00fcn Spor\u2019a konuk oldu.<\/p>\n<p>Sunuculu\u011funu U\u011fur Yap\u0131c\u0131 ve Caner Bak\u0131r\u2019\u0131n yapt\u0131\u011f\u0131 Trib\u00fcn Spor program\u0131 birbirinden de\u011ferli konuklar\u0131n\u0131 a\u011f\u0131rlamaya devam ediyor. Spor medyas\u0131n\u0131n \u00f6nemli isimlerinden Alp Pehlivan\u2019\u0131n kat\u0131ld\u0131\u011f\u0131 programda haftan\u0131n golleri \u00fczerine konu\u015fuldu. Program\u0131n sunucusu U\u011fur Yap\u0131c\u0131\u2019n\u0131n, NTV Spor\u2019un yay\u0131n hayat\u0131na veda etmesi ile ilgili sorusu \u00fczerine Pehlivan; \u201cSekt\u00f6r\u00fcn k\u00fc\u00e7\u00fcld\u00fc\u011f\u00fcn\u00fc d\u00fc\u015f\u00fcn\u00fcyorum. Sekt\u00f6r\u00fcn k\u00fc\u00e7\u00fclmesi demek \u00f6zellikle \u0130leti\u015fim Fak\u00fcltesi\u2019nden mezun olan \u00f6\u011frencilerin i\u015f olanaklar\u0131n\u0131n daralmas\u0131 anlam\u0131na gelir\u201d dedi.<\/p>\n<p><img decoding=\"async\" class=\"alignnone wp-image-3735 size-full\" src=\"https:\/\/iletim.istanbul.edu.tr\/wp-content\/uploads\/tri.png\" alt=\"\" width=\"849\" height=\"474\" srcset=\"https:\/\/iletim.istanbul.edu.tr\/wp-content\/uploads\/tri.png 849w, https:\/\/iletim.istanbul.edu.tr\/wp-content\/uploads\/tri-300x167.png 300w, https:\/\/iletim.istanbul.edu.tr\/wp-content\/uploads\/tri-768x429.png 768w\" sizes=\"(max-width: 849px) 100vw, 849px\" \/><\/p>\n<p><strong>\u201cRekabetin Kaliteyi Artt\u0131raca\u011f\u0131n\u0131 D\u00fc\u015f\u00fcn\u00fcyorum\u201d<\/strong><\/p>\n<p>Spor kanallar\u0131n\u0131n say\u0131lar\u0131n\u0131n artt\u0131r\u0131lmas\u0131 gereklili\u011finden bahseden Pehlivan, bu durumun i\u015f alanlar\u0131n\u0131n geni\u015flemesi a\u00e7\u0131s\u0131ndan \u00f6nemli oldu\u011funa de\u011findi. Rekabetin kaliteyi artt\u0131rd\u0131\u011f\u0131na de\u011finen Pehlivan, \u201c\u00dclkemizde belirli bir \u00fccret \u00f6denerek izlenen kanallar var fakat \u00e7ok b\u00fcy\u00fck bir kitle oldu\u011funu d\u00fc\u015f\u00fcnm\u00fcyorum\u201d \u015feklinde konu\u015ftu. NTV sporun yay\u0131n hayat\u0131na veda etmesinin \u00e7ok \u00fcz\u00fcc\u00fc bir durum oldu\u011funu s\u00f6yleyen Pehlivan, program\u0131n bir klasik haline geldi\u011fine de de\u011findi.<\/p>\n<p>Program, Pehlivan\u2019a y\u00f6neltilen k\u0131sa sorular\u0131n ard\u0131ndan, haftan\u0131n tweetleri okunmas\u0131 ve foto\u011fraf de\u011ferlendirmeleri ile sona erdi.<\/p>\n<p>Trib\u00fcn Spor\u2019un bu b\u00f6l\u00fcm\u00fcnde teknik ekibinde \u015fu isimler g\u00f6rev ald\u0131: Serdar Ayd\u0131n (Y\u00f6netmen), Cevat Ula\u015f Ceylan, H\u00fcma Deniz \u00c7ahan (Reji), S\u00fcmeyye Maria Mete, Mehmet Ali Keve, Muhammet Akku\u015f, Tu\u011fba Demir, (Kamera), E\u015fref G\u00fcrkan K\u0131l\u0131\u00e7 (Jenerik), Kutlu Safa Olga\u00e7 (Kurgu).<\/p>\n<p><strong>Trib\u00fcn Spor\u2019un 18. b\u00f6l\u00fcm\u00fcn\u00fc izlemek i\u00e7in linke t\u0131klay\u0131n\u0131z: <\/strong><a href=\"https:\/\/www.youtube.com\/watch?v=huWFSL4xweg\">https:\/\/www.youtube.com\/watch?v=huWFSL4xweg<\/a><\/p>\n","protected":false},"excerpt":{"rendered":"<p>TRT Spor\u2018un fubol yorumcular\u0131ndan Alp Pehlivan, \u0130\u00dcWEBTV\u2019nin futbol program\u0131 Trib\u00fcn Spor\u2019a konuk oldu.<\/p>\n","protected":false},"author":14,"featured_media":3734,"comment_status":"open","ping_status":"open","sticky":false,"template":"","format":"standard","meta":{"jnews-multi-image_gallery":[],"jnews_single_post":[],"jnews_primary_category":[],"jnews_social_meta":[],"jnews_override_counter":[],"footnotes":""},"categories":[178,33],"tags":[283,85,282],"class_list":["post-3733","post","type-post","status-publish","format-standard","has-post-thumbnail","hentry","category-fakultemizden","category-spor","tag-alp-pehlivan","tag-iuwebtv","tag-tribun-spor"],"_links":{"self":[{"href":"https:\/\/iletim.istanbul.edu.tr\/index.php\/wp-json\/wp\/v2\/posts\/3733","targetHints":{"allow":["GET"]}}],"collection":[{"href":"https:\/\/iletim.istanbul.edu.tr\/index.php\/wp-json\/wp\/v2\/posts"}],"about":[{"href":"https:\/\/iletim.istanbul.edu.tr\/index.php\/wp-json\/wp\/v2\/types\/post"}],"author":[{"embeddable":true,"href":"https:\/\/iletim.istanbul.edu.tr\/index.php\/wp-json\/wp\/v2\/users\/14"}],"replies":[{"embeddable":true,"href":"https:\/\/iletim.istanbul.edu.tr\/index.php\/wp-json\/wp\/v2\/comments?post=3733"}],"version-history":[{"count":0,"href":"https:\/\/iletim.istanbul.edu.tr\/index.php\/wp-json\/wp\/v2\/posts\/3733\/revisions"}],"wp:featuredmedia":[{"embeddable":true,"href":"https:\/\/iletim.istanbul.edu.tr\/index.php\/wp-json\/wp\/v2\/media\/3734"}],"wp:attachment":[{"href":"https:\/\/iletim.istanbul.edu.tr\/index.php\/wp-json\/wp\/v2\/media?parent=3733"}],"wp:term":[{"taxonomy":"category","embeddable":true,"href":"https:\/\/iletim.istanbul.edu.tr\/index.php\/wp-json\/wp\/v2\/categories?post=3733"},{"taxonomy":"post_tag","embeddable":true,"href":"https:\/\/iletim.istanbul.edu.tr\/index.php\/wp-json\/wp\/v2\/tags?post=3733"}],"curies":[{"name":"wp","href":"https:\/\/api.w.org\/{rel}","templated":true}]}}