{"id":3766,"date":"2018-04-03T13:57:15","date_gmt":"2018-04-03T10:57:15","guid":{"rendered":"https:\/\/iletim.istanbul.edu.tr\/?p=3766"},"modified":"2019-05-10T15:18:08","modified_gmt":"2019-05-10T12:18:08","slug":"koku-kopeklerin-yasamini-bicimlendiriyor","status":"publish","type":"post","link":"https:\/\/iletim.istanbul.edu.tr\/index.php\/2018\/04\/03\/koku-kopeklerin-yasamini-bicimlendiriyor\/","title":{"rendered":"Koku K\u00f6peklerin Ya\u015fam\u0131n\u0131 Bi\u00e7imlendiriyor"},"content":{"rendered":"<p><strong>Tu\u011f\u00e7e AY\u00c7\u0130N<\/strong><\/p>\n<p>Veteriner Fak\u00fcltesi K\u00f6pek Psikolojisi ve E\u011fitimi Kul\u00fcb\u00fc Dan\u0131\u015fman\u0131 Ar\u015f. G\u00f6r. Dr. Alper Bayrakal, k\u00f6peklerin e\u011fitim s\u00fcrecini ve \u00f6\u011frenci kul\u00fcb\u00fcn\u00fcn yapt\u0131\u011f\u0131 \u00e7al\u0131\u015fmalar\u0131 anlatt\u0131.<\/p>\n<p>\u201cK\u00f6peklerin e\u011fitiminde ilk 16 hafta, ileride sergileyecekleri davran\u0131\u015flar a\u00e7\u0131s\u0131ndan ve e\u011fitilebilirlik y\u00f6n\u00fcnden b\u00fcy\u00fck \u00f6nem arz etmektedir\u201d diye konu\u015fan Ar\u015f. G\u00f6r. Dr. Bayrakal, yavru k\u00f6peklerin 20 g\u00fcnden itibaren annelerini ve \u00e7evrelerini tan\u0131maya ba\u015flad\u0131klar\u0131n\u0131 kaydetti. K\u00f6peklerin bu d\u00f6nemde ilk sosyal ili\u015fkilerini kurdu\u011funu belirten Ar\u015f. G\u00f6r. Dr. Bayrakal, \u201cBu d\u00f6nem i\u00e7erisinde \u00f6\u011frenecekleri \u015feyler ya\u015famlar\u0131 boyunca unutamayacaklar\u0131 davran\u0131\u015flar olacakt\u0131r\u201d dedi. Ar\u015f. G\u00f6r. Dr. Bayrakal, k\u00f6peklerde e\u011fitim s\u00fcrecine ilk 8-10 hafta i\u00e7erisinde ba\u015flanmas\u0131 gerekti\u011fini aktard\u0131. \u201cK\u00f6peklerin davran\u0131\u015flar\u0131nda iki temel etken s\u00f6z konusudur\u201d diyen Ar\u015f. G\u00f6r. Dr. Bayrakal, bunlar\u0131 i\u00e7g\u00fcd\u00fcler ve \u00f6\u011frenilmi\u015f davran\u0131\u015flar \u015feklinde s\u0131n\u0131flad\u0131. K\u00f6peklerin sergiledikleri olumlu ve olumsuz davran\u0131\u015flar\u0131n sonu\u00e7lar\u0131n\u0131 ay\u0131rt etme yetene\u011fine sahip olduklar\u0131n\u0131 s\u00f6yleyen Ar\u015f. G\u00f6r. Dr. Bayrakal, \u201cBu davran\u0131\u015flar\u0131 \u00f6d\u00fcl al\u0131p almama durumuna g\u00f6re tekrarlarlar\u201d ifadelerine yer verdi. \u00a0Ar\u015f. G\u00f6r. Dr. Bayrakal, e\u011fitimde kullan\u0131lacak \u00f6d\u00fclleri yiyecek, oyuncak, ilgi g\u00f6sterme \u015feklinde s\u0131ralarken, cezan\u0131n k\u00f6pek e\u011fitiminde tercih edilmemesi gereken bir metot oldu\u011funu, \u00f6d\u00fcl\u00fcnse hemen davran\u0131\u015f\u0131n arkas\u0131ndan verilmesi gerekti\u011fini belirtti.<\/p>\n<p><img decoding=\"async\" class=\"alignnone wp-image-3768 size-large\" src=\"https:\/\/iletim.istanbul.edu.tr\/wp-content\/uploads\/DSC0030-1-1024x680.jpg\" alt=\"\" width=\"702\" height=\"466\" srcset=\"https:\/\/iletim.istanbul.edu.tr\/wp-content\/uploads\/DSC0030-1-1024x680.jpg 1024w, https:\/\/iletim.istanbul.edu.tr\/wp-content\/uploads\/DSC0030-1-300x199.jpg 300w, https:\/\/iletim.istanbul.edu.tr\/wp-content\/uploads\/DSC0030-1-768x510.jpg 768w\" sizes=\"(max-width: 702px) 100vw, 702px\" \/><\/p>\n<p><strong>K\u00f6peklerin Duyular\u0131 \u0130nsanlara G\u00f6re Olduk\u00e7a Geli\u015fmi\u015f<\/strong><\/p>\n<p>K\u00f6peklere ait en \u00f6nemli \u00f6zelliklerinden birinin geli\u015fmi\u015f koku duyusu oldu\u011funu s\u00f6yleyen Ar\u015f. G\u00f6r. Dr. Bayrakal, \u201cKokular k\u00f6pe\u011fin ya\u015fam\u0131n\u0131 b\u00fcy\u00fck \u00f6l\u00e7\u00fcde bi\u00e7imlendirmektedir\u201d \u015feklinde konu\u015ftu. K\u00f6peklerin, insanlar\u0131n ay\u0131rt edemeyece\u011fi bir\u00e7ok kokuyu ay\u0131rt edip alg\u0131layabildi\u011finin alt\u0131n\u0131 \u00e7izen Ar\u015f. G\u00f6r. Dr. Bayrakal, s\u00f6zlerine \u015fu \u015fekilde devam etti: \u201cBir insan\u0131n burnunda ortalama 5 milyon koku h\u00fccresi bulunurken bu durum k\u00f6peklerde yakla\u015f\u0131k 100-200 milyon aras\u0131nda yer almaktad\u0131r. Bu sebeple iz s\u00fcren k\u00f6pekler arad\u0131klar\u0131 ki\u015finin ya da nesnenin kokusunu takip ederek g\u00f6revlerini yerine getirirler.\u201d K\u00f6peklerde i\u015fitme duyusunun da koku duyusu gibi insanlara g\u00f6re olduk\u00e7a geli\u015fmi\u015f oldu\u011funu s\u00f6yleyen Ar\u015f. G\u00f6r. Dr. Bayrakal, k\u00f6peklerin insan kula\u011f\u0131 taraf\u0131ndan alg\u0131lanamayacak y\u00fcksek frekanstaki ultrasonik ses ve titre\u015fimleri dahi alg\u0131layabildiklerini vurgulad\u0131.<\/p>\n<p><strong>Bar\u0131naklardaki K\u00f6peklere Yuva Sa\u011flamaya \u00c7al\u0131\u015f\u0131yorlar<\/strong><\/p>\n<p>Kul\u00fcp, k\u00f6pek psikolojisi, k\u00f6pek e\u011fitimi gibi alanlara ilgi duyan \u00f6\u011frencileriyle birlikte, hayvan psikolojisi ve e\u011fitimi noktas\u0131ndaki bilgi a\u00e7\u0131\u011f\u0131n\u0131 kapatmay\u0131 hedefliyor. Alan\u0131nda uzman veteriner hekimler ve sertifikal\u0131 k\u00f6pek e\u011fitmenlerince seminerler d\u00fczenliyor. Ayr\u0131ca Veteriner Fak\u00fcltesi \u00f6\u011frencileriyle birlikte bar\u0131nak gezileri yapt\u0131klar\u0131n\u0131 ve bar\u0131naklardan sahiplenilen k\u00f6peklere temel itaat e\u011fitimi vererek k\u00f6peklerin yuva bulmalar\u0131n\u0131 sa\u011fl\u0131yorlar.<\/p>\n","protected":false},"excerpt":{"rendered":"<p>Veteriner Fak\u00fcltesi K\u00f6pek Psikolojisi ve E\u011fitimi Kul\u00fcb\u00fc Dan\u0131\u015fman\u0131 Ar\u015f. G\u00f6r. Dr. Alper Bayrakal, k\u00f6peklerin e\u011fitim s\u00fcrecini ve \u00f6\u011frenci kul\u00fcb\u00fcn\u00fcn yapt\u0131\u011f\u0131 \u00e7al\u0131\u015fmalar\u0131 anlatt\u0131.<\/p>\n<p>\u201cK\u00f6peklerin e\u011fitiminde ilk 16 hafta, ileride sergileyecekleri davran\u0131\u015flar a\u00e7\u0131s\u0131ndan ve e\u011fitilebilirlik y\u00f6n\u00fcnden b\u00fcy\u00fck \u00f6nem arz etmektedir\u201d diye konu\u015fan Ar\u015f. G\u00f6r. Dr. Bayrakal, yavru k\u00f6peklerin 20 g\u00fcnden itibaren annelerini ve \u00e7evrelerini tan\u0131maya ba\u015flad\u0131klar\u0131n\u0131 kaydetti. K\u00f6peklerin bu d\u00f6nemde ilk sosyal ili\u015fkilerini kurdu\u011funu belirten Ar\u015f. G\u00f6r. Dr. Bayrakal, \u201cBu d\u00f6nem i\u00e7erisinde \u00f6\u011frenecekleri \u015feyler ya\u015famlar\u0131 boyunca unutamayacaklar\u0131 davran\u0131\u015flar olacakt\u0131r\u201d dedi.<\/p>\n","protected":false},"author":14,"featured_media":3767,"comment_status":"open","ping_status":"open","sticky":false,"template":"","format":"standard","meta":{"jnews-multi-image_gallery":[],"jnews_single_post":[],"jnews_primary_category":[],"jnews_social_meta":[],"jnews_override_counter":[],"footnotes":""},"categories":[35],"tags":[292,291],"class_list":["post-3766","post","type-post","status-publish","format-standard","has-post-thumbnail","hentry","category-yasam","tag-alper-bayrakal","tag-veteriner-fakultesi"],"_links":{"self":[{"href":"https:\/\/iletim.istanbul.edu.tr\/index.php\/wp-json\/wp\/v2\/posts\/3766","targetHints":{"allow":["GET"]}}],"collection":[{"href":"https:\/\/iletim.istanbul.edu.tr\/index.php\/wp-json\/wp\/v2\/posts"}],"about":[{"href":"https:\/\/iletim.istanbul.edu.tr\/index.php\/wp-json\/wp\/v2\/types\/post"}],"author":[{"embeddable":true,"href":"https:\/\/iletim.istanbul.edu.tr\/index.php\/wp-json\/wp\/v2\/users\/14"}],"replies":[{"embeddable":true,"href":"https:\/\/iletim.istanbul.edu.tr\/index.php\/wp-json\/wp\/v2\/comments?post=3766"}],"version-history":[{"count":0,"href":"https:\/\/iletim.istanbul.edu.tr\/index.php\/wp-json\/wp\/v2\/posts\/3766\/revisions"}],"wp:featuredmedia":[{"embeddable":true,"href":"https:\/\/iletim.istanbul.edu.tr\/index.php\/wp-json\/wp\/v2\/media\/3767"}],"wp:attachment":[{"href":"https:\/\/iletim.istanbul.edu.tr\/index.php\/wp-json\/wp\/v2\/media?parent=3766"}],"wp:term":[{"taxonomy":"category","embeddable":true,"href":"https:\/\/iletim.istanbul.edu.tr\/index.php\/wp-json\/wp\/v2\/categories?post=3766"},{"taxonomy":"post_tag","embeddable":true,"href":"https:\/\/iletim.istanbul.edu.tr\/index.php\/wp-json\/wp\/v2\/tags?post=3766"}],"curies":[{"name":"wp","href":"https:\/\/api.w.org\/{rel}","templated":true}]}}