{"id":3929,"date":"2018-04-13T11:33:52","date_gmt":"2018-04-13T08:33:52","guid":{"rendered":"https:\/\/iletim.istanbul.edu.tr\/?p=3929"},"modified":"2018-04-16T12:16:51","modified_gmt":"2018-04-16T09:16:51","slug":"enuygardan-ozel-egitim-ve-kaynastirma-semineri","status":"publish","type":"post","link":"https:\/\/iletim.istanbul.edu.tr\/index.php\/2018\/04\/13\/enuygardan-ozel-egitim-ve-kaynastirma-semineri\/","title":{"rendered":"ENUYGAR\u2019dan \u00d6zel E\u011fitim ve Kayna\u015ft\u0131rma Semineri"},"content":{"rendered":"<p><strong>Murat KASAP, Mehmet TOSUN<\/strong><\/p>\n<p>\u0130stanbul \u00dcniversitesi Engelliler Uygulama ve Ara\u015ft\u0131rma Merkezi (ENUYGAR) taraf\u0131ndan \u201c\u00d6zel E\u011fitim ve Kayna\u015ft\u0131rma\u201d\u00a0 semineri 11 Nisan \u00c7ar\u015famba g\u00fcn\u00fc Esnaf Hastanesi Toplant\u0131 Salonu\u2019nda d\u00fczenlendi.<\/p>\n<p>Seminerde \u0130stanbul \u00dcniversitesi Psikolojik Dan\u0131\u015fmanl\u0131k ve Rehberlik b\u00f6l\u00fcm\u00fcn\u00fc ayn\u0131 zamanda Beykent \u00dcniversitesi y\u00fcksek lisans e\u011fitimini tamamlayan, yapt\u0131\u011f\u0131 \u00e7al\u0131\u015fmalarla \u00f6n plana \u00e7\u0131kan Bah\u00e7elievler Rehberlik ve Ara\u015ft\u0131rma Merkezi M\u00fcd\u00fcr\u00fc Mehmet Hilmi Eren konu\u015ftu.<\/p>\n<p>Konu\u015fmas\u0131nda \u00f6zel e\u011fitimin tan\u0131m\u0131n\u0131 yapan Eren, \u201c\u00d6zel yeti\u015ftirilmi\u015f personel, \u00f6zel olarak dizayn edilmi\u015f ara\u00e7-gere\u00e7, \u00f6zel olarak tasarlanm\u0131\u015f mek\u00e2nlarda verilen e\u011fitimdir. \u00d6zel e\u011fitim; ki\u015fiye \u00f6zel yol haritas\u0131 \u00e7izmektir. T\u0131pk\u0131 ki\u015fiye \u00f6zel \u00fcr\u00fcn tasarlar gibi ihtiyaca y\u00f6nelik bir tutum sergilemeniz gerekir\u201d diyerek \u201cVelilerin dikkat etmesi gereken nokta \u00e7ocuklar\u0131na e\u011fitim verecek ki\u015filerin uzman ki\u015filerden olu\u015ftu\u011fu kurumlar\u0131 se\u00e7mektir. Bu \u00e7ok \u00f6nemli bir konu \u00e7\u00fcnk\u00fc e\u011fitim kurumunu en fazla 2 defa de\u011fi\u015ftirme haklar\u0131 bulunuyor. S\u00fcrecin ba\u015f\u0131nda en iyi karar\u0131 verme \u00e7al\u0131\u015fmak laz\u0131m\u201d \u015feklinde konu\u015ftu.<\/p>\n<p>Eren, \u201cToplumun alg\u0131s\u0131n\u0131 olumlu y\u00f6nde de\u011fi\u015ftirmeye y\u00f6nelik pek \u00e7ok projeye imza att\u0131k. Bunlardan bir tanesi 2006 y\u0131l\u0131nda sonucunda 100 eserlik bir kitap DVD seti olu\u015fturdu\u011fumuz g\u00f6rme engelliler i\u00e7in sesli kitap seslendirilmesi projesiydi. Bir di\u011feri ailelere y\u00f6nelik d\u00fczenledi\u011fimiz evlat sevgisi konulu kompozisyon yar\u0131\u015fmas\u0131yd\u0131. Toplamda 2 bin 500 mektup ald\u0131k ailelerden. \u00d6ncelikle bulundu\u011fumuz yerde alg\u0131y\u0131 de\u011fi\u015ftirmeye ve iyile\u015ftirmeye y\u00f6nelik \u00e7al\u0131\u015fmalar yapmal\u0131y\u0131z. Sonras\u0131nda bu \u00e7al\u0131\u015fmalar bir \u015fekilde yay\u0131l\u0131yor. Biz yapt\u0131\u011f\u0131m\u0131z \u00e7al\u0131\u015fmalarda bunu g\u00f6rd\u00fck. Karamsarl\u0131k bula\u015f\u0131c\u0131d\u0131r. Daima yap\u0131lan g\u00fczel i\u015fleri g\u00f6z \u00f6n\u00fcnde bulundurmal\u0131, \u00fcretmeye devam etmeliyiz\u201d dedi.<\/p>\n<p>Eren, \u201cBir okulda \u00f6zel e\u011fitime ihtiya\u00e7 duyan birey varsa, destek e\u011fitim odas\u0131 a\u00e7\u0131lmas\u0131 gerekir. Ders saatinin y\u00fczde 40\u2019\u0131n\u0131 a\u015fmayacak \u015fekilde, en fazla 6 \u00f6\u011frenci bir arada olacak bi\u00e7imde destek e\u011fitim odas\u0131nda e\u011fitim alabilmektedir. M\u00fcfredat zenginle\u015ftirme ve farkl\u0131la\u015ft\u0131rma yap\u0131lmal\u0131d\u0131r. 12 May\u0131s 2015\u2019te \u00e7\u0131kan genelge ile t\u00fcm okullarda destek e\u011fitim odas\u0131 a\u00e7\u0131lmas\u0131 zorunlu hale getirilmi\u015ftir\u201d \u015feklinde konu\u015ftu. Eren ayr\u0131ca konu\u015fmas\u0131nda, tan\u0131lama, kayna\u015ft\u0131rma e\u011fitimi, evde e\u011fitim hizmetleri ve Bireysel E\u011fitim Plan\u0131 konular\u0131na de\u011findi.<\/p>\n<p>Konu\u015fman\u0131n ard\u0131ndan ENUYGAR Merkez M\u00fcd\u00fcr\u00fc Prof. Dr. Resa Ayd\u0131n taraf\u0131ndan Mehmet Hilmi Eren\u2019e te\u015fekk\u00fcr belgesi takdim edildi.<\/p>\n<div id='gallery_1' class='gallery galleryid-3929 gallery-columns-3 gallery-size-full'><figure class='gallery-item'>\n                <div class='gallery-icon landscape'>\n                    <a href='https:\/\/iletim.istanbul.edu.tr\/wp-content\/uploads\/DSC0718.jpg'><img loading=\"lazy\" decoding=\"async\" width=\"4288\" height=\"2848\" src=\"\" class=\"attachment-full size-full lazyload\" alt=\"\" data-src=\"https:\/\/iletim.istanbul.edu.tr\/wp-content\/uploads\/DSC0718.jpg\" data-sizes=\"auto\" data-srcset=\"https:\/\/iletim.istanbul.edu.tr\/wp-content\/uploads\/DSC0718.jpg 4288w, https:\/\/iletim.istanbul.edu.tr\/wp-content\/uploads\/DSC0718-300x199.jpg 300w, https:\/\/iletim.istanbul.edu.tr\/wp-content\/uploads\/DSC0718-768x510.jpg 768w, https:\/\/iletim.istanbul.edu.tr\/wp-content\/uploads\/DSC0718-1024x680.jpg 1024w\" data-expand=\"700\" \/><\/a>\n                <\/div><\/figure><figure class='gallery-item'>\n                <div class='gallery-icon landscape'>\n                    <a href='https:\/\/iletim.istanbul.edu.tr\/wp-content\/uploads\/DSC0685.jpg'><img loading=\"lazy\" decoding=\"async\" width=\"4288\" height=\"2848\" src=\"\" class=\"attachment-full size-full lazyload\" alt=\"\" data-src=\"https:\/\/iletim.istanbul.edu.tr\/wp-content\/uploads\/DSC0685.jpg\" data-sizes=\"auto\" data-srcset=\"https:\/\/iletim.istanbul.edu.tr\/wp-content\/uploads\/DSC0685.jpg 4288w, https:\/\/iletim.istanbul.edu.tr\/wp-content\/uploads\/DSC0685-300x199.jpg 300w, https:\/\/iletim.istanbul.edu.tr\/wp-content\/uploads\/DSC0685-768x510.jpg 768w, https:\/\/iletim.istanbul.edu.tr\/wp-content\/uploads\/DSC0685-1024x680.jpg 1024w\" data-expand=\"700\" \/><\/a>\n                <\/div><\/figure><figure class='gallery-item'>\n                <div class='gallery-icon landscape'>\n                    <a href='https:\/\/iletim.istanbul.edu.tr\/wp-content\/uploads\/DSC0678-e1523531453974.jpg'><img loading=\"lazy\" decoding=\"async\" width=\"720\" height=\"478\" src=\"\" class=\"attachment-full size-full lazyload\" alt=\"\" data-src=\"https:\/\/iletim.istanbul.edu.tr\/wp-content\/uploads\/DSC0678-e1523531453974.jpg\" data-sizes=\"auto\" data-srcset=\"\" data-expand=\"700\" \/><\/a>\n                <\/div><\/figure><br style=\"clear: both\" \/>\n            <\/div>\n\n","protected":false},"excerpt":{"rendered":"<p>\u0130stanbul \u00dcniversitesi Engelliler Uygulama ve Ara\u015ft\u0131rma Merkezi (ENUYGAR) taraf\u0131ndan \u201c\u00d6zel E\u011fitim ve Kayna\u015ft\u0131rma\u201d\u00a0 semineri 11 Nisan \u00c7ar\u015famba g\u00fcn\u00fc Esnaf Hastanesi Toplant\u0131 Salonu\u2019nda d\u00fczenlendi.<\/p>\n","protected":false},"author":14,"featured_media":3930,"comment_status":"open","ping_status":"open","sticky":false,"template":"","format":"standard","meta":{"jnews-multi-image_gallery":[],"jnews_single_post":[],"jnews_primary_category":[],"jnews_social_meta":[],"jnews_override_counter":[],"footnotes":""},"categories":[1],"tags":[],"class_list":["post-3929","post","type-post","status-publish","format-standard","has-post-thumbnail","hentry","category-genel"],"_links":{"self":[{"href":"https:\/\/iletim.istanbul.edu.tr\/index.php\/wp-json\/wp\/v2\/posts\/3929","targetHints":{"allow":["GET"]}}],"collection":[{"href":"https:\/\/iletim.istanbul.edu.tr\/index.php\/wp-json\/wp\/v2\/posts"}],"about":[{"href":"https:\/\/iletim.istanbul.edu.tr\/index.php\/wp-json\/wp\/v2\/types\/post"}],"author":[{"embeddable":true,"href":"https:\/\/iletim.istanbul.edu.tr\/index.php\/wp-json\/wp\/v2\/users\/14"}],"replies":[{"embeddable":true,"href":"https:\/\/iletim.istanbul.edu.tr\/index.php\/wp-json\/wp\/v2\/comments?post=3929"}],"version-history":[{"count":0,"href":"https:\/\/iletim.istanbul.edu.tr\/index.php\/wp-json\/wp\/v2\/posts\/3929\/revisions"}],"wp:featuredmedia":[{"embeddable":true,"href":"https:\/\/iletim.istanbul.edu.tr\/index.php\/wp-json\/wp\/v2\/media\/3930"}],"wp:attachment":[{"href":"https:\/\/iletim.istanbul.edu.tr\/index.php\/wp-json\/wp\/v2\/media?parent=3929"}],"wp:term":[{"taxonomy":"category","embeddable":true,"href":"https:\/\/iletim.istanbul.edu.tr\/index.php\/wp-json\/wp\/v2\/categories?post=3929"},{"taxonomy":"post_tag","embeddable":true,"href":"https:\/\/iletim.istanbul.edu.tr\/index.php\/wp-json\/wp\/v2\/tags?post=3929"}],"curies":[{"name":"wp","href":"https:\/\/api.w.org\/{rel}","templated":true}]}}