{"id":3932,"date":"2018-04-13T12:19:01","date_gmt":"2018-04-13T09:19:01","guid":{"rendered":"https:\/\/iletim.istanbul.edu.tr\/?p=3932"},"modified":"2018-04-16T12:23:05","modified_gmt":"2018-04-16T09:23:05","slug":"prof-dr-ergun-yolcu-27-donem-iletisim-fakultesi-dekanlari-konseyine-secildi","status":"publish","type":"post","link":"https:\/\/iletim.istanbul.edu.tr\/index.php\/2018\/04\/13\/prof-dr-ergun-yolcu-27-donem-iletisim-fakultesi-dekanlari-konseyine-secildi\/","title":{"rendered":"Prof. Dr. Erg\u00fcn Yolcu 27. D\u00f6nem \u0130leti\u015fim Fak\u00fcltesi Dekanlar\u0131 Konseyi\u2019ne Se\u00e7ildi"},"content":{"rendered":"<p>Her y\u0131l d\u00fczenli olarak yap\u0131lan \u0130leti\u015fim Fak\u00fcltesi Dekanlar Konseyi (\u0130LDEK) toplant\u0131s\u0131n\u0131n 26.\u2019s\u0131, 12-13 Nisan 2018 tarihlerinde, \u00c7ukurova \u00dcniversitesi \u0130leti\u015fim Fak\u00fcltesi\u2019nin ev sahipli\u011finde ger\u00e7ekle\u015ftirildi. Toplant\u0131da \u0130\u00dc \u0130leti\u015fim Fak\u00fcltesi Dekan\u0131 Prof. Dr. Erg\u00fcn Yolcu, 27. D\u00f6nem \u0130leti\u015fim Fak\u00fcltesi Dekanlar\u0131 Konseyi\u2019ne se\u00e7ildi.<\/p>\n<p>27. D\u00f6nem \u0130leti\u015fim Fak\u00fcltesi Dekanlar\u0131 Konseyi\u2019ne se\u00e7ilmesi ile ilgili olarak a\u00e7\u0131klama yapan \u0130\u00dc \u0130leti\u015fim Fak\u00fcltesi Dekan\u0131 Prof. Dr. Erg\u00fcn Yolcu, \u201cToplant\u0131, yeni g\u00f6r\u00fc\u015f ve \u00f6nerilerin de\u011ferlendirilmesi, kar\u015f\u0131l\u0131kl\u0131 fikir al\u0131\u015fveri\u015finde bulunulmas\u0131 ve ileti\u015fim fak\u00fcltelerinin gelece\u011fi a\u00e7\u0131s\u0131ndan \u00e7ok \u00f6nemli. \u0130leti\u015fim fak\u00fcltesi dekanlar\u0131 ve sekt\u00f6rden temsilciler ile birlikte var olan sorunlara \u00e7\u00f6z\u00fcm getirmeyi ama\u00e7l\u0131yoruz. Bu nedenle b\u00f6ylesi \u00f6nemli bir konseyin \u00fcyesi se\u00e7ildi\u011fim i\u00e7in b\u00fcy\u00fck mutluluk duyuyorum. Herkese te\u015fekk\u00fcr ederim\u201d ifadelerini kulland\u0131.<\/p>\n<p><b>\u201cAkreditasyon ile \u0130lgili Kurum E\u011fitimi \u00c7al\u0131\u015ftay\u0131 Ger\u00e7ekle\u015ftirildi\u201d<\/b><\/p>\n<p>\u0130LDEK\u2019in 26. toplant\u0131s\u0131nda, ileti\u015fim fak\u00fcltelerine ili\u015fkin e\u011fitim-\u00f6\u011fretim, akreditasyon ve istihdam konular\u0131nda dekanlar aras\u0131nda kar\u015f\u0131l\u0131kl\u0131 g\u00f6r\u00fc\u015f ve tecr\u00fcbe al\u0131\u015fveri\u015finde bulunuldu, aksiyon planlar\u0131 yap\u0131ld\u0131.\u00a0Ayr\u0131ca toplant\u0131 kapsam\u0131nda \u201cAkreditasyon ile \u0130lgili Kurum E\u011fitimi \u00c7al\u0131\u015ftay\u0131\u201d da ger\u00e7ekle\u015ftirildi. Akreditasyon ile ilgili genel bilgilendirme \u0130leti\u015fim Ara\u015ft\u0131rmalar\u0131 Derne\u011fi Ba\u015fkan\u0131 Prof. Dr. Aysel Aziz taraf\u0131ndan verilirken, \u0130LDEK \u00dcyesi Prof. Dr. S\u00fcleyman \u0130rvan akreditasyon s\u00fcreci hakk\u0131nda bilgilendirme yapt\u0131.<\/p>\n<p>Toplant\u0131ya \u00c7ukurova \u00dcniversitesi Rekt\u00f6r\u00fc Prof. Dr. Mustafa Kibar, RT\u00dcK Ba\u015fkan\u0131 Prof. Dr. \u0130lhan Yerlikaya, Milli E\u011fitim Bakanl\u0131\u011f\u0131 Talim Terbiye Kurulu Ba\u015fkan\u0131 Alparslan Durmu\u015f, Y\u00fcksek\u00f6\u011fretim Kalite Kurul Ba\u015fkan\u0131 Yard\u0131mc\u0131s\u0131 Prof. Dr. Tuncay D\u00f6\u011fero\u011flu, \u0130leti\u015fim Fak\u00fcltesi Dekanlar Konseyi (\u0130LDEK) Ba\u015fkan\u0131 Prof. Dr. Aysel Aziz, ileti\u015fim fak\u00fcltesi dekanlar\u0131 ve temsilcileri ile akademisyenler, \u00f6\u011frenciler ve ilgili kurum ve kurulu\u015f temsilcileri kat\u0131ld\u0131.<\/p>\n<div id='gallery_1' class='gallery galleryid-3932 gallery-columns-3 gallery-size-full'><figure class='gallery-item'>\n                <div class='gallery-icon landscape'>\n                    <a href='https:\/\/iletim.istanbul.edu.tr\/wp-content\/uploads\/FileHandler-1-12.jpg'><img loading=\"lazy\" decoding=\"async\" width=\"1500\" height=\"1000\" src=\"\" class=\"attachment-full size-full lazyload\" alt=\"\" data-src=\"https:\/\/iletim.istanbul.edu.tr\/wp-content\/uploads\/FileHandler-1-12.jpg\" data-sizes=\"auto\" data-srcset=\"https:\/\/iletim.istanbul.edu.tr\/wp-content\/uploads\/FileHandler-1-12.jpg 1500w, https:\/\/iletim.istanbul.edu.tr\/wp-content\/uploads\/FileHandler-1-12-300x200.jpg 300w, https:\/\/iletim.istanbul.edu.tr\/wp-content\/uploads\/FileHandler-1-12-768x512.jpg 768w, https:\/\/iletim.istanbul.edu.tr\/wp-content\/uploads\/FileHandler-1-12-1024x683.jpg 1024w\" data-expand=\"700\" \/><\/a>\n                <\/div><\/figure><figure class='gallery-item'>\n                <div class='gallery-icon landscape'>\n                    <a href='https:\/\/iletim.istanbul.edu.tr\/wp-content\/uploads\/FileHandler-2-11.jpg'><img loading=\"lazy\" decoding=\"async\" width=\"1500\" height=\"1000\" src=\"\" class=\"attachment-full size-full lazyload\" alt=\"\" data-src=\"https:\/\/iletim.istanbul.edu.tr\/wp-content\/uploads\/FileHandler-2-11.jpg\" data-sizes=\"auto\" data-srcset=\"https:\/\/iletim.istanbul.edu.tr\/wp-content\/uploads\/FileHandler-2-11.jpg 1500w, https:\/\/iletim.istanbul.edu.tr\/wp-content\/uploads\/FileHandler-2-11-300x200.jpg 300w, https:\/\/iletim.istanbul.edu.tr\/wp-content\/uploads\/FileHandler-2-11-768x512.jpg 768w, https:\/\/iletim.istanbul.edu.tr\/wp-content\/uploads\/FileHandler-2-11-1024x683.jpg 1024w\" data-expand=\"700\" \/><\/a>\n                <\/div><\/figure><figure class='gallery-item'>\n                <div class='gallery-icon landscape'>\n                    <a href='https:\/\/iletim.istanbul.edu.tr\/wp-content\/uploads\/FileHandler-27.jpg'><img loading=\"lazy\" decoding=\"async\" width=\"1440\" height=\"1080\" src=\"\" class=\"attachment-full size-full lazyload\" alt=\"\" data-src=\"https:\/\/iletim.istanbul.edu.tr\/wp-content\/uploads\/FileHandler-27.jpg\" data-sizes=\"auto\" data-srcset=\"https:\/\/iletim.istanbul.edu.tr\/wp-content\/uploads\/FileHandler-27.jpg 1440w, https:\/\/iletim.istanbul.edu.tr\/wp-content\/uploads\/FileHandler-27-300x225.jpg 300w, https:\/\/iletim.istanbul.edu.tr\/wp-content\/uploads\/FileHandler-27-768x576.jpg 768w, https:\/\/iletim.istanbul.edu.tr\/wp-content\/uploads\/FileHandler-27-1024x768.jpg 1024w\" data-expand=\"700\" \/><\/a>\n                <\/div><\/figure><br style=\"clear: both\" \/>\n            <\/div>\n\n<p><b>\u0130\u00dc Bas\u0131n ve Halkla \u0130li\u015fkiler M\u00fcd\u00fcrl\u00fc\u011f\u00fc<\/b><\/p>\n","protected":false},"excerpt":{"rendered":"<p>Her y\u0131l d\u00fczenli olarak yap\u0131lan \u0130leti\u015fim Fak\u00fcltesi Dekanlar Konseyi (\u0130LDEK) toplant\u0131s\u0131n\u0131n 26.\u2019s\u0131, 12-13 Nisan 2018 tarihlerinde, \u00c7ukurova \u00dcniversitesi \u0130leti\u015fim Fak\u00fcltesi\u2019nin ev sahipli\u011finde ger\u00e7ekle\u015ftirildi. Toplant\u0131da \u0130\u00dc \u0130leti\u015fim Fak\u00fcltesi Dekan\u0131 Prof. Dr. Erg\u00fcn Yolcu, 27. D\u00f6nem \u0130leti\u015fim Fak\u00fcltesi Dekanlar\u0131 Konseyi\u2019ne se\u00e7ildi. 27. D\u00f6nem \u0130leti\u015fim Fak\u00fcltesi Dekanlar\u0131 Konseyi\u2019ne se\u00e7ilmesi ile ilgili olarak a\u00e7\u0131klama yapan \u0130\u00dc \u0130leti\u015fim Fak\u00fcltesi Dekan\u0131 [&hellip;]<\/p>\n","protected":false},"author":14,"featured_media":3933,"comment_status":"open","ping_status":"open","sticky":false,"template":"","format":"standard","meta":{"jnews-multi-image_gallery":[],"jnews_single_post":[],"jnews_primary_category":[],"jnews_social_meta":[],"jnews_override_counter":[],"footnotes":""},"categories":[1],"tags":[],"class_list":["post-3932","post","type-post","status-publish","format-standard","has-post-thumbnail","hentry","category-genel"],"_links":{"self":[{"href":"https:\/\/iletim.istanbul.edu.tr\/index.php\/wp-json\/wp\/v2\/posts\/3932","targetHints":{"allow":["GET"]}}],"collection":[{"href":"https:\/\/iletim.istanbul.edu.tr\/index.php\/wp-json\/wp\/v2\/posts"}],"about":[{"href":"https:\/\/iletim.istanbul.edu.tr\/index.php\/wp-json\/wp\/v2\/types\/post"}],"author":[{"embeddable":true,"href":"https:\/\/iletim.istanbul.edu.tr\/index.php\/wp-json\/wp\/v2\/users\/14"}],"replies":[{"embeddable":true,"href":"https:\/\/iletim.istanbul.edu.tr\/index.php\/wp-json\/wp\/v2\/comments?post=3932"}],"version-history":[{"count":0,"href":"https:\/\/iletim.istanbul.edu.tr\/index.php\/wp-json\/wp\/v2\/posts\/3932\/revisions"}],"wp:featuredmedia":[{"embeddable":true,"href":"https:\/\/iletim.istanbul.edu.tr\/index.php\/wp-json\/wp\/v2\/media\/3933"}],"wp:attachment":[{"href":"https:\/\/iletim.istanbul.edu.tr\/index.php\/wp-json\/wp\/v2\/media?parent=3932"}],"wp:term":[{"taxonomy":"category","embeddable":true,"href":"https:\/\/iletim.istanbul.edu.tr\/index.php\/wp-json\/wp\/v2\/categories?post=3932"},{"taxonomy":"post_tag","embeddable":true,"href":"https:\/\/iletim.istanbul.edu.tr\/index.php\/wp-json\/wp\/v2\/tags?post=3932"}],"curies":[{"name":"wp","href":"https:\/\/api.w.org\/{rel}","templated":true}]}}