{"id":3976,"date":"2018-04-18T10:01:08","date_gmt":"2018-04-18T07:01:08","guid":{"rendered":"https:\/\/iletim.istanbul.edu.tr\/?p=3976"},"modified":"2019-05-29T11:35:43","modified_gmt":"2019-05-29T08:35:43","slug":"iletisim-fakultesi-turk-sinemasi-haftalari-basladi","status":"publish","type":"post","link":"https:\/\/iletim.istanbul.edu.tr\/index.php\/2018\/04\/18\/iletisim-fakultesi-turk-sinemasi-haftalari-basladi\/","title":{"rendered":"\u0130leti\u015fim Fak\u00fcltesi T\u00fcrk Sinemas\u0131 Haftalar\u0131 Ba\u015flad\u0131"},"content":{"rendered":"<p><strong>\u00d6zge TAN\u00a0 <\/strong><\/p>\n<p><strong>Foto\u011fraflar: \u00d6zge KARAHAN, \u00d6zge TAN<\/strong><\/p>\n<p>\u0130stanbul \u00dcniversitesi \u0130leti\u015fim Fak\u00fcltesi T\u00fcrk Sinemas\u0131 Haftalar\u0131&#8217;n\u0131n ilkinde H\u00fclya Ko\u00e7yi\u011fit&#8217;in rol ald\u0131\u011f\u0131 filmler yer al\u0131yor. Hafta kapsam\u0131nda d\u00fczenlenen etkinliklerin ilk g\u00fcn\u00fc 16 Nisan&#8217;da Metin Erksan&#8217;\u0131n y\u00f6netti\u011fi 1963 y\u0131l\u0131 yap\u0131m\u0131 Susuz Yaz filminin g\u00f6sterimi ile ba\u015flad\u0131.<\/p>\n<p>\u0130leti\u015fim Fak\u00fcltesi Konferans Salonu&#8217;nda d\u00fczenlenen etkinli\u011fin a\u00e7\u0131l\u0131\u015f\u0131nda \u0130leti\u015fim Fak\u00fcltesi Dekan\u0131 Prof. Dr. Erg\u00fcn Yolcu ve Edebiyat Fak\u00fcltesi Sosyoloji B\u00f6l\u00fcm Ba\u015fkan\u0131 Prof. Dr. \u0130smail Co\u015fkun konu\u015fma yapt\u0131. Etkinli\u011fe \u0130\u00dc TBMYO M\u00fcd\u00fcr\u00fc Prof. Dr. Erdo\u011fan K\u00f6se de kat\u0131ld\u0131.<\/p>\n<p>Prof. Dr. Yolcu,\u00a0 konu\u015fmas\u0131nda \u201cBug\u00fcn, uzun zamand\u0131r planlad\u0131\u011f\u0131m\u0131z \u0130stanbul \u00dcniversitesi \u0130leti\u015fim Fak\u00fcltesi olarak T\u00fcrk Sinemas\u0131 Haftalar\u0131 Projemizi hayata ge\u00e7irmi\u015f olman\u0131n mutlulu\u011fu i\u00e7indeyiz. T\u00fcrk Sinemas\u0131na emek veren, hepimizin haf\u0131zalar\u0131nda yer etmi\u015f ba\u015far\u0131l\u0131 filmlere imza atm\u0131\u015f y\u00f6netmen ve oyuncular\u0131 fak\u00fcltemizde a\u011f\u0131rlamak ve onlar\u0131n filmlerini birlikte yeniden seyrederek, bu filmler \u00fczerinde yeniden d\u00fc\u015f\u00fcn\u00fclmesine vesile olmay\u0131 hedefliyoruz. Filmleri \u00e7ok de\u011ferli \u00f6\u011fretim \u00fcyelerimizin moderat\u00f6rl\u00fc\u011f\u00fcndeki film s\u00f6yle\u015fileri ile de\u011ferlendirirken, konuklar\u0131m\u0131za da bu filmlerin kamera arkas\u0131nda nas\u0131l \u00e7al\u0131\u015fmalar y\u00fcr\u00fct\u00fcld\u00fc\u011f\u00fc ile ilgili sorular y\u00f6neltebilece\u011fimiz s\u00f6yle\u015filer ger\u00e7ekle\u015ftirece\u011fiz. Bu kapsamda ilk konu\u011fumuz T\u00fcrk Sinemas\u0131n\u0131n en \u00f6nemli oyuncular\u0131ndan H\u00fclya Ko\u00e7yi\u011fit\u201d dedi.<\/p>\n<p>H\u00fclya Ko\u00e7yi\u011fit hakk\u0131nda bilgi de veren Prof. Dr. Yolcu, \u201c1963 y\u0131l\u0131nda, Metin Erksan&#8217;\u0131n y\u00f6netti\u011fi ve Berlin Film Festivali&#8217;nde &#8220;Alt\u0131n Ay\u0131 \u00d6d\u00fcl\u00fcn\u00fc&#8221;\u00a0 alarak T\u00fcrk Sinemas\u0131na ilk b\u00fcy\u00fck uluslararas\u0131 \u00f6d\u00fcl\u00fc getiren Susuz Yaz filmi ile ilk kez kameralar kar\u015f\u0131s\u0131na ge\u00e7ti. Sonraki y\u0131llarda \u00e7ok say\u0131da \u00f6nemli y\u00f6netmenle \u00e7al\u0131\u015ft\u0131 ve onlar\u0131n filmlerindeki karakterlere hayat verdi. T\u00fcrk Sinemas\u0131 denilince akla gelen ilk y\u0131ld\u0131z oyunculardan birisi oldu\u201d dedi.<\/p>\n<p>Prof. Dr. Yolcu, \u201cBiz bu hafta kendisinin filmlerinden Susuz Yaz, Gelin, Kurba\u011falar ve Kezban Paris&#8217;te filmlerini se\u00e7kimize d\u00e2hil ettik. Farkl\u0131 d\u00f6nemlere, farkl\u0131 y\u00f6netmenlere ve farkl\u0131 anlat\u0131m \u00f6zelliklerine sahip filmler se\u00e7meye gayret ettik. \u00c7ar\u015famba G\u00fcn\u00fc de kendisini yine bu salonda a\u011f\u0131rlayaca\u011f\u0131z\u201d diyerek organizasyonun haz\u0131rlanmas\u0131nda eme\u011fi ge\u00e7en Radyo Televizyon ve Sinema Bol\u00fcm\u00fc \u00f6\u011fretim \u00fcyelerine, film s\u00f6yle\u015filerini y\u00f6netecek olan Prof. Dr. Se\u00e7kin \u00d6zmen, Prof. Dr. Murat \u0130ri ve Do\u00e7. Dr. \u015e\u00fckr\u00fc Sim&#8217;e te\u015fekk\u00fcr etti.<\/p>\n<p>Prof. Dr. Yolcu&#8217;nun ard\u0131ndan Prof. Dr. Co\u015fkun konu\u015fma yapt\u0131.\u00a0Prof. Dr. Co\u015fkun, bu t\u00fcr etkinliklerin son derece \u00f6nemli oldu\u011funu belirterek \u201cSineman\u0131n, edebiyat\u0131n, sanat\u0131n diline ihtiyac\u0131m\u0131z var. Bu disiplinlerin toplumsal ger\u00e7ekli\u011fi anlamada geli\u015ftirdikleri dile sosyolojinin ihtiyac\u0131 var\u201d diyerek bu t\u00fcr etkinliklerin devam etmesi gerekti\u011fini ifade etti.\u00a0A\u00e7\u0131l\u0131\u015f konu\u015fmalar\u0131n\u0131n ard\u0131ndan\u00a0Susuz Yaz filmi g\u00f6sterimi yap\u0131ld\u0131. Etkinlik Do\u00e7. Dr. \u015e\u00fckr\u00fc Sim&#8217;in kat\u0131l\u0131m\u0131yla d\u00fczenlenen s\u00f6yle\u015fiyle devam etti.<\/p>\n<p>Do\u00e7. Dr. \u015e\u00fckr\u00fc Sim, &#8220;H\u00fclya Ko\u00e7yi\u011fit 1980 \u00f6ncesi sinema d\u00f6neminin \u00f6ne \u00e7\u0131kan kad\u0131n oyuncular\u0131ndan oldu\u011fu i\u00e7in Sinema Haftas\u0131 etkinli\u011fini kendisinin ilk filmi olan Susuz Yaz ile a\u00e7mak istedik&#8221; diyerek filmin \u00f6nemini vurgulad\u0131. Do\u00e7. Dr. Sim, Ko\u00e7yi\u011fit&#8217;in oyunculu\u011fu \u00fczerine &#8220;Kendisinin ilk filmi ve hen\u00fcz 16 ya\u015f\u0131nda olmas\u0131na ra\u011fmen gayet ba\u015far\u0131l\u0131. Tabi ki daha sonras\u0131nda Gelin, D\u00fc\u011f\u00fcn, Diyet ve Kaplumba\u011falar&#8217;da kendini \u00e7ok daha geli\u015ftirdi\u011fini g\u00f6r\u00fcyoruz. Ayr\u0131ca bu filmdeki karakteri de pasif oldu\u011fu i\u00e7in daha \u00e7ok Erol Ta\u015f&#8217;\u0131n \u00f6ne \u00e7\u0131kt\u0131\u011f\u0131 bir film olmu\u015f&#8221; \u015feklinde konu\u015ftu.<\/p>\n<p>Filmin ana temas\u0131n\u0131n m\u00fclkiyet sorunsal\u0131 oldu\u011funu s\u00f6yleyen Do\u00e7. Dr. Sim &#8220;50&#8217;li, 60&#8217;l\u0131 y\u0131llardaki sinemac\u0131lar d\u00f6nemin sorunlar\u0131na e\u011filen ve m\u00fcmk\u00fcn oldu\u011funca sinematografik dille cevap veren insanlard\u0131. g\u00fcn\u00fcm\u00fcz sinemas\u0131nda bunu s\u00f6ylemek m\u00fcmk\u00fcn de\u011fil&#8221; a\u00e7\u0131klamas\u0131nda bulundu. Metin Erksan&#8217;\u0131n m\u00fclkiyet sorunsal\u0131n\u0131 Y\u0131lanlar\u0131n \u00d6c\u00fc Filmiyle toprak m\u00fclkiyetini, Susuz Yaz&#8217;da su m\u00fclkiyetini ve Kuyu&#8217;da insan\u0131n insan \u00fczerindeki m\u00fclkiyeti \u00fczerinden i\u015fledi\u011fini belirten Do\u00e7. Sim, M\u00fclkiyet&#8217;in insanl\u0131k tarihi kadar eski bir sorun oldu\u011funu vurgulad\u0131. Susuz Yaz filminin yap\u0131m\u0131ndan birka\u00e7 y\u0131l sonra suyun yasal olarak kamusal kabul edilmesinin de sineman\u0131n d\u00f6nem \u00fczerindeki etkisine \u00f6rnek verilebilece\u011fini s\u00f6zlerine ekledi.<\/p>\n<p>S\u00f6yle\u015fi sonunda Do\u00e7. Dr. \u015e\u00fckr\u00fc Sim&#8217;e Prof. Dr. Erg\u00fcn Yolcu taraf\u0131ndan te\u015fekk\u00fcr belgesi takdim edildi.<\/p>\n<p>T\u00fcrk Sinemas\u0131 Haftas\u0131 etkinli\u011fi 17 Nisan&#8217;da Kurba\u011falar filminin g\u00f6sterimi ve sonras\u0131nda Prof. Dr. Se\u00e7kin \u00d6zmen&#8217;in s\u00f6yle\u015fisiyle devam edecek. 18 Nisan&#8217;da ise Gelin filminin g\u00f6sterimi sonras\u0131 \u0130leti\u015fim Fak\u00fcltesi Dekan\u0131 Prof. Dr. Erg\u00fcn Yolcu&#8217;nun kat\u0131l\u0131m\u0131yla H\u00fclya Ko\u00e7yi\u011fit ile s\u00f6yle\u015fi ger\u00e7ekle\u015ftirilecek. Etkinlik 19 Nisan Per\u015fembe Kezban Paris&#8217;te g\u00f6sterimi ve Suat k\u00f6\u00e7er ile Prof. Dr. Murat \u0130ri&#8217;nin kat\u0131laca\u011f\u0131 s\u00f6yle\u015fi ile son bulacak.<\/p>\n<div id='gallery_1' class='gallery galleryid-3976 gallery-columns-4 gallery-size-large'><figure class='gallery-item'>\n                <div class='gallery-icon landscape'>\n                    <a href='https:\/\/iletim.istanbul.edu.tr\/wp-content\/uploads\/DSC0190.jpg'><img loading=\"lazy\" decoding=\"async\" width=\"1024\" height=\"683\" src=\"\" class=\"attachment-large size-large lazyload\" alt=\"\" data-src=\"https:\/\/iletim.istanbul.edu.tr\/wp-content\/uploads\/DSC0190-1024x683.jpg\" data-sizes=\"auto\" data-srcset=\"https:\/\/iletim.istanbul.edu.tr\/wp-content\/uploads\/DSC0190-1024x683.jpg 1024w, https:\/\/iletim.istanbul.edu.tr\/wp-content\/uploads\/DSC0190-300x200.jpg 300w, https:\/\/iletim.istanbul.edu.tr\/wp-content\/uploads\/DSC0190-768x512.jpg 768w\" data-expand=\"700\" \/><\/a>\n                <\/div><\/figure><figure class='gallery-item'>\n                <div class='gallery-icon landscape'>\n                    <a href='https:\/\/iletim.istanbul.edu.tr\/wp-content\/uploads\/DSC0192.jpg'><img loading=\"lazy\" decoding=\"async\" width=\"1024\" height=\"683\" src=\"\" class=\"attachment-large size-large lazyload\" alt=\"\" data-src=\"https:\/\/iletim.istanbul.edu.tr\/wp-content\/uploads\/DSC0192-1024x683.jpg\" data-sizes=\"auto\" data-srcset=\"https:\/\/iletim.istanbul.edu.tr\/wp-content\/uploads\/DSC0192-1024x683.jpg 1024w, https:\/\/iletim.istanbul.edu.tr\/wp-content\/uploads\/DSC0192-300x200.jpg 300w, https:\/\/iletim.istanbul.edu.tr\/wp-content\/uploads\/DSC0192-768x512.jpg 768w\" data-expand=\"700\" \/><\/a>\n                <\/div><\/figure><figure class='gallery-item'>\n                <div class='gallery-icon landscape'>\n                    <a href='https:\/\/iletim.istanbul.edu.tr\/wp-content\/uploads\/DSC0164-1.jpg'><img loading=\"lazy\" decoding=\"async\" width=\"1024\" height=\"683\" src=\"\" class=\"attachment-large size-large lazyload\" alt=\"\" data-src=\"https:\/\/iletim.istanbul.edu.tr\/wp-content\/uploads\/DSC0164-1-1024x683.jpg\" data-sizes=\"auto\" data-srcset=\"https:\/\/iletim.istanbul.edu.tr\/wp-content\/uploads\/DSC0164-1-1024x683.jpg 1024w, https:\/\/iletim.istanbul.edu.tr\/wp-content\/uploads\/DSC0164-1-300x200.jpg 300w, https:\/\/iletim.istanbul.edu.tr\/wp-content\/uploads\/DSC0164-1-768x512.jpg 768w\" data-expand=\"700\" \/><\/a>\n                <\/div><\/figure><figure class='gallery-item'>\n                <div class='gallery-icon landscape'>\n                    <a href='https:\/\/iletim.istanbul.edu.tr\/wp-content\/uploads\/DSC0223.jpg'><img loading=\"lazy\" decoding=\"async\" width=\"1024\" height=\"683\" src=\"\" class=\"attachment-large size-large lazyload\" alt=\"\" data-src=\"https:\/\/iletim.istanbul.edu.tr\/wp-content\/uploads\/DSC0223-1024x683.jpg\" data-sizes=\"auto\" data-srcset=\"https:\/\/iletim.istanbul.edu.tr\/wp-content\/uploads\/DSC0223-1024x683.jpg 1024w, https:\/\/iletim.istanbul.edu.tr\/wp-content\/uploads\/DSC0223-300x200.jpg 300w, https:\/\/iletim.istanbul.edu.tr\/wp-content\/uploads\/DSC0223-768x512.jpg 768w\" data-expand=\"700\" \/><\/a>\n                <\/div><\/figure><br style=\"clear: both\" \/><figure class='gallery-item'>\n                <div class='gallery-icon landscape'>\n                    <a href='https:\/\/iletim.istanbul.edu.tr\/wp-content\/uploads\/DSC0220.jpg'><img loading=\"lazy\" decoding=\"async\" width=\"1024\" height=\"683\" src=\"\" class=\"attachment-large size-large lazyload\" alt=\"\" data-src=\"https:\/\/iletim.istanbul.edu.tr\/wp-content\/uploads\/DSC0220-1024x683.jpg\" data-sizes=\"auto\" data-srcset=\"https:\/\/iletim.istanbul.edu.tr\/wp-content\/uploads\/DSC0220-1024x683.jpg 1024w, https:\/\/iletim.istanbul.edu.tr\/wp-content\/uploads\/DSC0220-300x200.jpg 300w, https:\/\/iletim.istanbul.edu.tr\/wp-content\/uploads\/DSC0220-768x512.jpg 768w\" data-expand=\"700\" \/><\/a>\n                <\/div><\/figure><figure class='gallery-item'>\n                <div class='gallery-icon landscape'>\n                    <a href='https:\/\/iletim.istanbul.edu.tr\/wp-content\/uploads\/DSC0209.jpg'><img loading=\"lazy\" decoding=\"async\" width=\"1024\" height=\"683\" src=\"\" class=\"attachment-large size-large lazyload\" alt=\"\" data-src=\"https:\/\/iletim.istanbul.edu.tr\/wp-content\/uploads\/DSC0209-1024x683.jpg\" data-sizes=\"auto\" data-srcset=\"https:\/\/iletim.istanbul.edu.tr\/wp-content\/uploads\/DSC0209-1024x683.jpg 1024w, https:\/\/iletim.istanbul.edu.tr\/wp-content\/uploads\/DSC0209-300x200.jpg 300w, https:\/\/iletim.istanbul.edu.tr\/wp-content\/uploads\/DSC0209-768x512.jpg 768w\" data-expand=\"700\" \/><\/a>\n                <\/div><\/figure><figure class='gallery-item'>\n                <div class='gallery-icon landscape'>\n                    <a href='https:\/\/iletim.istanbul.edu.tr\/wp-content\/uploads\/DSC0231.jpg'><img loading=\"lazy\" decoding=\"async\" width=\"1024\" height=\"683\" src=\"\" class=\"attachment-large size-large lazyload\" alt=\"\" data-src=\"https:\/\/iletim.istanbul.edu.tr\/wp-content\/uploads\/DSC0231-1024x683.jpg\" data-sizes=\"auto\" data-srcset=\"https:\/\/iletim.istanbul.edu.tr\/wp-content\/uploads\/DSC0231-1024x683.jpg 1024w, https:\/\/iletim.istanbul.edu.tr\/wp-content\/uploads\/DSC0231-300x200.jpg 300w, https:\/\/iletim.istanbul.edu.tr\/wp-content\/uploads\/DSC0231-768x512.jpg 768w\" data-expand=\"700\" \/><\/a>\n                <\/div><\/figure>\n                <br style='clear: both' \/>\n            <\/div>\n\n","protected":false},"excerpt":{"rendered":"<p>\u0130stanbul \u00dcniversitesi \u0130leti\u015fim Fak\u00fcltesi T\u00fcrk Sinemas\u0131 Haftalar\u0131&#8217;n\u0131n ilkinde H\u00fclya Ko\u00e7yi\u011fit&#8217;in rol ald\u0131\u011f\u0131 filmler yer al\u0131yor. Hafta kapsam\u0131nda d\u00fczenlenen etkinliklerin ilk g\u00fcn\u00fc 16 Nisan&#8217;da Metin Erksan&#8217;\u0131n y\u00f6netti\u011fi 1963 y\u0131l\u0131 yap\u0131m\u0131 Susuz Yaz filminin g\u00f6sterimi ile ba\u015flad\u0131.<\/p>\n","protected":false},"author":14,"featured_media":4025,"comment_status":"open","ping_status":"open","sticky":false,"template":"","format":"standard","meta":{"jnews-multi-image_gallery":[],"jnews_single_post":[],"jnews_primary_category":[],"jnews_social_meta":[],"jnews_override_counter":[],"footnotes":""},"categories":[178,30],"tags":[317,319,318,316],"class_list":["post-3976","post","type-post","status-publish","format-standard","has-post-thumbnail","hentry","category-fakultemizden","category-kultur-sanat","tag-doc-dr-sukru-sim","tag-hulya-kocyigit","tag-susuz-yaz","tag-turk-sinemasi-haftalari"],"_links":{"self":[{"href":"https:\/\/iletim.istanbul.edu.tr\/index.php\/wp-json\/wp\/v2\/posts\/3976","targetHints":{"allow":["GET"]}}],"collection":[{"href":"https:\/\/iletim.istanbul.edu.tr\/index.php\/wp-json\/wp\/v2\/posts"}],"about":[{"href":"https:\/\/iletim.istanbul.edu.tr\/index.php\/wp-json\/wp\/v2\/types\/post"}],"author":[{"embeddable":true,"href":"https:\/\/iletim.istanbul.edu.tr\/index.php\/wp-json\/wp\/v2\/users\/14"}],"replies":[{"embeddable":true,"href":"https:\/\/iletim.istanbul.edu.tr\/index.php\/wp-json\/wp\/v2\/comments?post=3976"}],"version-history":[{"count":0,"href":"https:\/\/iletim.istanbul.edu.tr\/index.php\/wp-json\/wp\/v2\/posts\/3976\/revisions"}],"wp:featuredmedia":[{"embeddable":true,"href":"https:\/\/iletim.istanbul.edu.tr\/index.php\/wp-json\/wp\/v2\/media\/4025"}],"wp:attachment":[{"href":"https:\/\/iletim.istanbul.edu.tr\/index.php\/wp-json\/wp\/v2\/media?parent=3976"}],"wp:term":[{"taxonomy":"category","embeddable":true,"href":"https:\/\/iletim.istanbul.edu.tr\/index.php\/wp-json\/wp\/v2\/categories?post=3976"},{"taxonomy":"post_tag","embeddable":true,"href":"https:\/\/iletim.istanbul.edu.tr\/index.php\/wp-json\/wp\/v2\/tags?post=3976"}],"curies":[{"name":"wp","href":"https:\/\/api.w.org\/{rel}","templated":true}]}}