{"id":3988,"date":"2018-04-17T14:20:32","date_gmt":"2018-04-17T11:20:32","guid":{"rendered":"https:\/\/iletim.istanbul.edu.tr\/?p=3988"},"modified":"2018-04-17T14:20:32","modified_gmt":"2018-04-17T11:20:32","slug":"2017-anayasa-referandumunun-birinci-yilinda-cumhurbaskanligi-sisteminin-yapilanmasi-sempozyumu-duzenlendi","status":"publish","type":"post","link":"https:\/\/iletim.istanbul.edu.tr\/index.php\/2018\/04\/17\/2017-anayasa-referandumunun-birinci-yilinda-cumhurbaskanligi-sisteminin-yapilanmasi-sempozyumu-duzenlendi\/","title":{"rendered":"\u201c2017 Anayasa Referandumunun Birinci Y\u0131l\u0131nda Cumhurba\u015fkanl\u0131\u011f\u0131 Sisteminin Yap\u0131lanmas\u0131 Sempozyumu\u201d D\u00fczenlendi"},"content":{"rendered":"<p><strong>Tu\u011f\u00e7e AY\u00c7\u0130N<\/strong><\/p>\n<p>\u201c2017 Anayasa Referandumunun Birinci Y\u0131l\u0131nda Cumhurba\u015fkanl\u0131\u011f\u0131 Sisteminin Yap\u0131lanmas\u0131 Sempozyumu\u201d 16 Nisan\u2019da \u0130stanbul \u00dcniversitesi Rekt\u00f6rl\u00fck Binas\u0131 Doktora Salonu\u2019nda ger\u00e7ekle\u015ftirildi.<\/p>\n<p>Sempozyumun a\u00e7\u0131l\u0131\u015f konu\u015fmas\u0131n\u0131 Rekt\u00f6r Prof. Dr. Mahmut Ak yapt\u0131. 16 Nisan 2017 tarihinde ger\u00e7ekle\u015ftirilen anayasa referandumunun \u00fclkemiz i\u00e7in bir anayasa de\u011fi\u015fikli\u011fi olman\u0131n \u00e7ok \u00f6tesinde b\u00fcy\u00fck bir de\u011fi\u015fimi ifade etti\u011fini belirten Prof. Dr. Ak, 1961 ve 1982 anayasalar\u0131n\u0131n hangi ko\u015fullarda haz\u0131rland\u0131\u011f\u0131na de\u011findi. \u201c1961 ve 1982 anayasalar\u0131 milli egemenli\u011fi do\u011frudan temsil eden kurumlar\u0131n vesayet\u00e7i bir anlay\u0131\u015fla denetim alt\u0131nda tutulmas\u0131na y\u00f6nelik bir bak\u0131\u015f a\u00e7\u0131s\u0131 ile ve ara rejim ko\u015fullar\u0131nda haz\u0131rlanm\u0131\u015ft\u0131r\u201d \u015feklinde konu\u015fan Prof. Dr. Ak, bu anayasal \u00e7er\u00e7evenin, demokratik cumhuriyetin ger\u00e7ek anlamda hayata ge\u00e7irilmesini dizginledi\u011fini vurgulad\u0131. Bu durumun ayn\u0131 zamanda T\u00fcrkiye\u2019nin siyasi ve ekonomik krizleri y\u00f6netme g\u00fcc\u00fcn\u00fc de zay\u0131flatt\u0131\u011f\u0131n\u0131 kaydeden Prof. Dr. Ak s\u00f6zlerini \u015fu \u015fekilde s\u00fcrd\u00fcrd\u00fc: \u201c16 Nisan referandumu ilk kez demokratik ortamda, do\u011frudan halk\u0131n kat\u0131l\u0131m\u0131 yolu ile anayasal kurumlar\u0131n yeniden d\u00fczenlendi\u011fi, dolay\u0131s\u0131yla egemenli\u011fin millete temsil edildi\u011fi bir de\u011fi\u015fimin ba\u015flang\u0131c\u0131 olmu\u015ftur. G\u00fc\u00e7l\u00fc bir demokrasi hukuk devletinin, hak ve \u00f6zg\u00fcrl\u00fcklerin tam anlam\u0131yla hayata ge\u00e7irilmesine ihtiya\u00e7 g\u00f6sterdi\u011fi kadar, ayn\u0131 \u00f6l\u00e7\u00fcde sa\u011flam, halk\u0131n egemenli\u011fine dayal\u0131 siyasi kurumlar\u0131n varl\u0131\u011f\u0131na da gereksinim duyar.\u201d Prof. Dr. Ak, g\u00fc\u00e7l\u00fc kurumlarla desteklenmeyen bir demokrasinin istikrars\u0131zl\u0131k ve toplumsal \u00e7at\u0131\u015fma do\u011furaca\u011f\u0131n\u0131 vurgularken, \u201cDenge ve denetim mekanizmalar\u0131 ile hayata ge\u00e7irilecek g\u00fc\u00e7l\u00fc siyasi kurumlar ve liderlik demokrasinin tamamlay\u0131c\u0131 unsurlar\u0131d\u0131r\u201d ifadelerini kulland\u0131.<\/p>\n<p><img decoding=\"async\" class=\"alignnone wp-image-3990 size-large\" src=\"https:\/\/iletim.istanbul.edu.tr\/wp-content\/uploads\/mahmut-ak-1024x726.jpg\" alt=\"\" width=\"702\" height=\"498\" srcset=\"https:\/\/iletim.istanbul.edu.tr\/wp-content\/uploads\/mahmut-ak-1024x726.jpg 1024w, https:\/\/iletim.istanbul.edu.tr\/wp-content\/uploads\/mahmut-ak-300x213.jpg 300w, https:\/\/iletim.istanbul.edu.tr\/wp-content\/uploads\/mahmut-ak-768x545.jpg 768w, https:\/\/iletim.istanbul.edu.tr\/wp-content\/uploads\/mahmut-ak-269x192.jpg 269w\" sizes=\"(max-width: 702px) 100vw, 702px\" \/><\/p>\n<p><strong>\u201cReformlar Kat\u0131l\u0131mc\u0131 Bir Demokrasi Anlay\u0131\u015f\u0131yla Olgunla\u015f\u0131r\u201d<\/strong><\/p>\n<p>Prof. Dr. Ak\u2019\u0131n konu\u015fmas\u0131n\u0131 tamamlamas\u0131n\u0131n ard\u0131ndan TC Adalet Bakan\u0131 Abd\u00fclhamit G\u00fcl, \u201cVesayet\u00e7i Sistemden Demokratikle\u015fmeye T\u00fcrkiye\u2019de Siyasi Sistemin D\u00f6n\u00fc\u015f\u00fcm\u00fc\u201d adl\u0131 a\u00e7\u0131l\u0131\u015f konferans\u0131n\u0131 ger\u00e7ekle\u015ftirdi. Bu sempozyumun T\u00fcrk hukuk ve demokrasi hayat\u0131na \u00e7ok \u00f6nemli katk\u0131lar sunaca\u011f\u0131na inand\u0131\u011f\u0131n\u0131 s\u00f6yleyen G\u00fcl, \u201cBurada ortaya koyulacak g\u00f6r\u00fc\u015fler, m\u00fczakereler 2017 y\u0131l\u0131nda kabul edilen anayasa de\u011fi\u015fikli\u011finin uygulanmas\u0131na y\u00f6nelik rehber olu\u015fturacakt\u0131r\u201d dedi. \u201cBu gibi platformlar, m\u00fczakereler, tart\u0131\u015fmalar anayasan\u0131n bir alt mevzuat\u0131n\u0131, uyum kanunlar\u0131n\u0131 ve ikincil mevzuatlar\u0131 ne \u015fekilde olu\u015fturmak gerekti\u011fi y\u00f6n\u00fcnde \u00f6nemli fikri platformlard\u0131r\u201d \u015feklinde konu\u015fan G\u00fcl, b\u00f6ylesine bir toplant\u0131n\u0131n \u0130stanbul \u00dcniversitesi gibi k\u00f6kl\u00fc bir kurumda yap\u0131l\u0131yor olmas\u0131n\u0131n \u00f6nemine de\u011findi. G\u00fcl, h\u00fck\u00fcmet olarak bu toplant\u0131lardaki t\u00fcm g\u00f6r\u00fc\u015flerden istifade etmeyi bir bor\u00e7 bildiklerini belirtirken, reformlar\u0131n m\u00fczakere ve kat\u0131l\u0131mc\u0131 bir demokrasi anlay\u0131\u015f\u0131 ile olgunla\u015faca\u011f\u0131n\u0131n alt\u0131n\u0131 \u00e7izdi. \u201cT\u00fcrkiye\u2019nin bir y\u0131l \u00f6nce vermi\u015f oldu\u011fu karar vesayet\u00e7i sistemden ger\u00e7ek ve kurumsalla\u015fm\u0131\u015f bir demokrasiye ge\u00e7i\u015f anlam\u0131nda \u00e7ok tarihi bir d\u00f6n\u00fcm noktas\u0131 olmu\u015ftur\u201d ifadelerini kullanan G\u00fcl, bu b\u00fcy\u00fck yap\u0131sal d\u00f6n\u00fcm noktalar\u0131n\u0131n \u00f6nemli katk\u0131larla zenginle\u015ftirilmesini \u00f6nemsediklerini vurgulad\u0131. G\u00fcl\u2019e konu\u015fmas\u0131n\u0131 tamamlamas\u0131n\u0131n ard\u0131ndan Prof. Dr. Ak taraf\u0131ndan hediye takdim edildi.<\/p>\n<p><img decoding=\"async\" class=\"alignnone wp-image-3989 size-large\" src=\"https:\/\/iletim.istanbul.edu.tr\/wp-content\/uploads\/bakan-1024x680.jpg\" alt=\"\" width=\"702\" height=\"466\" srcset=\"https:\/\/iletim.istanbul.edu.tr\/wp-content\/uploads\/bakan-1024x680.jpg 1024w, https:\/\/iletim.istanbul.edu.tr\/wp-content\/uploads\/bakan-300x199.jpg 300w, https:\/\/iletim.istanbul.edu.tr\/wp-content\/uploads\/bakan-768x510.jpg 768w\" sizes=\"(max-width: 702px) 100vw, 702px\" \/><\/p>\n<p><img decoding=\"async\" class=\"alignnone wp-image-3992 size-large\" src=\"https:\/\/iletim.istanbul.edu.tr\/wp-content\/uploads\/DSC0219-1024x680.jpg\" alt=\"\" width=\"702\" height=\"466\" srcset=\"https:\/\/iletim.istanbul.edu.tr\/wp-content\/uploads\/DSC0219-1024x680.jpg 1024w, https:\/\/iletim.istanbul.edu.tr\/wp-content\/uploads\/DSC0219-300x199.jpg 300w, https:\/\/iletim.istanbul.edu.tr\/wp-content\/uploads\/DSC0219-768x510.jpg 768w\" sizes=\"(max-width: 702px) 100vw, 702px\" \/><strong>Sempozyum Oturumlarla Devam Etti<\/strong><\/p>\n<p>\u201c2017 Anayasa Referandumunun Birinci Y\u0131l\u0131nda Cumhurba\u015fkanl\u0131\u011f\u0131 Sisteminin Yap\u0131lanmas\u0131 Sempozyumu\u201d moderat\u00f6rl\u00fc\u011f\u00fcn\u00fc Hukuk Fak\u00fcltesi Dekan\u0131 Prof. Dr. Abuzer Kendigelen\u2019in yapt\u0131\u011f\u0131 oturum ile devam etti. Oturumda, Cumhurba\u015fkan\u0131 Ba\u015fdan\u0131\u015fman\u0131 Mehmet U\u00e7um, \u201cAnayasa De\u011fi\u015fiklikleri Kapsam\u0131nda Yeni Sistem&#8221;, \u0130stanbul \u00dcniversitesi Hukuk Fak\u00fcltesi \u00d6\u011fretim \u00dcyesi Do\u00e7. Dr. Saadet Y\u00fcksel, \u201cCumhurba\u015fkanl\u0131\u011f\u0131 Sisteminde Denge- Denetim\u201d ve \u0130stanbul \u00dcniversitesi \u0130ktisat Fak\u00fcltesi \u00d6\u011fretim \u00dcyesi Prof. Dr. Haluk Alkan, \u201cYeni Sistemde Yasama Yetkisinin Anayasal \u00c7er\u00e7evesi\u201d adl\u0131 konu\u015fmalar\u0131n\u0131 ger\u00e7ekle\u015ftirdi.<\/p>\n<p>Sempozyumun ikinci oturumunun moderat\u00f6rl\u00fc\u011f\u00fcn\u00fc Rekt\u00f6r Yard\u0131mc\u0131s\u0131 Prof. Dr. Halis Yunus Ers\u00f6z yapt\u0131. Oturumda, Bursa Milletvekili Efkan Ala, \u201cYeni Sistemde Kamu Y\u00f6netiminin Yeniden Yap\u0131land\u0131r\u0131lmas\u0131\u201d, Y\u0131ld\u0131r\u0131m Beyaz\u0131t \u00dcniversitesi Siyasal Bilgiler Fak\u00fcltesi \u00d6\u011fretim \u00dcyesi Prof. Dr. Birol Akg\u00fcn, \u201cCumhurba\u015fkanl\u0131\u011f\u0131 Sisteminde D\u0131\u015f Politika Y\u00f6netimi\u201d, \u0130stanbul \u00dcniversitesi \u0130ktisat Fak\u00fcltesi \u00d6\u011fretim \u00dcyesi Prof. Dr. Sad\u0131k \u00dcnay, \u201cCumhurba\u015fkanl\u0131\u011f\u0131 Siteminde Ekonomi Y\u00f6netimi\u201d adl\u0131 konu\u015fmalar\u0131n\u0131 yapt\u0131lar.<\/p>\n<p><img decoding=\"async\" class=\"alignnone wp-image-3991 size-large\" src=\"https:\/\/iletim.istanbul.edu.tr\/wp-content\/uploads\/DSC0196-1024x680.jpg\" alt=\"\" width=\"702\" height=\"466\" srcset=\"https:\/\/iletim.istanbul.edu.tr\/wp-content\/uploads\/DSC0196-1024x680.jpg 1024w, https:\/\/iletim.istanbul.edu.tr\/wp-content\/uploads\/DSC0196-300x199.jpg 300w, https:\/\/iletim.istanbul.edu.tr\/wp-content\/uploads\/DSC0196-768x510.jpg 768w\" sizes=\"(max-width: 702px) 100vw, 702px\" \/><\/p>\n","protected":false},"excerpt":{"rendered":"<p>\u201c2017 Anayasa Referandumunun Birinci Y\u0131l\u0131nda Cumhurba\u015fkanl\u0131\u011f\u0131 Sisteminin Yap\u0131lanmas\u0131 Sempozyumu\u201d 16 Nisan\u2019da \u0130stanbul \u00dcniversitesi Rekt\u00f6rl\u00fck Binas\u0131 Doktora Salonu\u2019nda ger\u00e7ekle\u015ftirildi.<\/p>\n","protected":false},"author":14,"featured_media":3995,"comment_status":"open","ping_status":"open","sticky":false,"template":"","format":"standard","meta":{"jnews-multi-image_gallery":[],"jnews_single_post":[],"jnews_primary_category":[],"jnews_social_meta":[],"jnews_override_counter":[],"footnotes":""},"categories":[34],"tags":[322,320,95,321],"class_list":["post-3988","post","type-post","status-publish","format-standard","has-post-thumbnail","hentry","category-universite","tag-adalet-bakani-abdulhamit-gul","tag-anayasa-referandumu","tag-prof-dr-mahmut-ak","tag-referandum-birinci-yil-donumu-sempozyumu"],"_links":{"self":[{"href":"https:\/\/iletim.istanbul.edu.tr\/index.php\/wp-json\/wp\/v2\/posts\/3988","targetHints":{"allow":["GET"]}}],"collection":[{"href":"https:\/\/iletim.istanbul.edu.tr\/index.php\/wp-json\/wp\/v2\/posts"}],"about":[{"href":"https:\/\/iletim.istanbul.edu.tr\/index.php\/wp-json\/wp\/v2\/types\/post"}],"author":[{"embeddable":true,"href":"https:\/\/iletim.istanbul.edu.tr\/index.php\/wp-json\/wp\/v2\/users\/14"}],"replies":[{"embeddable":true,"href":"https:\/\/iletim.istanbul.edu.tr\/index.php\/wp-json\/wp\/v2\/comments?post=3988"}],"version-history":[{"count":0,"href":"https:\/\/iletim.istanbul.edu.tr\/index.php\/wp-json\/wp\/v2\/posts\/3988\/revisions"}],"wp:featuredmedia":[{"embeddable":true,"href":"https:\/\/iletim.istanbul.edu.tr\/index.php\/wp-json\/wp\/v2\/media\/3995"}],"wp:attachment":[{"href":"https:\/\/iletim.istanbul.edu.tr\/index.php\/wp-json\/wp\/v2\/media?parent=3988"}],"wp:term":[{"taxonomy":"category","embeddable":true,"href":"https:\/\/iletim.istanbul.edu.tr\/index.php\/wp-json\/wp\/v2\/categories?post=3988"},{"taxonomy":"post_tag","embeddable":true,"href":"https:\/\/iletim.istanbul.edu.tr\/index.php\/wp-json\/wp\/v2\/tags?post=3988"}],"curies":[{"name":"wp","href":"https:\/\/api.w.org\/{rel}","templated":true}]}}