{"id":4003,"date":"2018-04-17T14:53:07","date_gmt":"2018-04-17T11:53:07","guid":{"rendered":"https:\/\/iletim.istanbul.edu.tr\/?p=4003"},"modified":"2018-04-17T14:53:27","modified_gmt":"2018-04-17T11:53:27","slug":"temel-kayanin-basari-oykusu-ele-alindi","status":"publish","type":"post","link":"https:\/\/iletim.istanbul.edu.tr\/index.php\/2018\/04\/17\/temel-kayanin-basari-oykusu-ele-alindi\/","title":{"rendered":"Temel Kaya&#8217;n\u0131n Ba\u015far\u0131 \u00d6yk\u00fcs\u00fc Ele Al\u0131nd\u0131"},"content":{"rendered":"<p><strong>Neslihan KALKAN<\/strong><\/p>\n<p>&#8220;Merhum Sanayici Temel Kaya&#8217;n\u0131n \u0130lham Veren Ba\u015far\u0131 \u00d6yk\u00fcs\u00fc&#8221; konferans\u0131, 17 Nisan\u2019da \u0130leti\u015fim Fak\u00fcltesi Konferans Salonu&#8217;nda ger\u00e7ekle\u015ftirildi. Prof. Dr. Suat Gezgin moderat\u00f6rl\u00fc\u011f\u00fcnde\u00a0ger\u00e7ekle\u015ftirilen konferans\u0131n konuklar\u0131 aras\u0131nda, Ko\u00e7kaya Holding Y\u00f6netim Kurulu Ba\u015fkan Yard\u0131mc\u0131s\u0131 Cengiz Kaya ve Milliyet Gazetesi Foto\u011fraf Servisi M\u00fcd\u00fcr\u00fc B\u00fcnyamin Ayg\u00fcn yer ald\u0131.<\/p>\n<p><img decoding=\"async\" class=\"alignnone wp-image-4006 size-large\" src=\"https:\/\/iletim.istanbul.edu.tr\/wp-content\/uploads\/DSC0257-1024x680.jpg\" alt=\"\" width=\"702\" height=\"466\" srcset=\"https:\/\/iletim.istanbul.edu.tr\/wp-content\/uploads\/DSC0257-1024x680.jpg 1024w, https:\/\/iletim.istanbul.edu.tr\/wp-content\/uploads\/DSC0257-300x199.jpg 300w, https:\/\/iletim.istanbul.edu.tr\/wp-content\/uploads\/DSC0257-768x510.jpg 768w\" sizes=\"(max-width: 702px) 100vw, 702px\" \/><\/p>\n<p>Sanayici Temel Kaya\u2019n\u0131n hayat\u0131 ile ilgili belgesel g\u00f6steriminin ard\u0131ndan Prof. Dr. Gezgin, konu\u015fmas\u0131na \u201cSessiz Devin Kalesi\u201d adl\u0131 kitab\u0131n tan\u0131t\u0131m\u0131 ile ba\u015flad\u0131. Prof. Dr. Gezgin, B\u00fcnyamin Ayg\u00fcn taraf\u0131ndan haz\u0131rlanan kitab\u0131 okudu\u011funda \u00f6rnek al\u0131nacak lider bir ki\u015fili\u011fi g\u00f6zlemledi\u011fine de\u011findi. Kendisini k\u00f6rler \u00fclkesinde tek g\u00f6zl\u00fc dev olarak tan\u0131mlayan Temel Kaya\u2019n\u0131n \u00f6nemli s\u00f6zlerinden bahseden Prof. Dr. Gezgin, \u201cE\u011fer kendinize g\u00fcveniyorsan\u0131z, ba\u015far\u0131ya ula\u015fabilece\u011finize inan\u0131yorum\u201d dedi.<\/p>\n<p>Prof. Dr. Gezgin\u2019in ard\u0131ndan s\u00f6z alan B\u00fcnyamin Ayg\u00fcn s\u00f6zlerine \u015fu \u015fekilde ba\u015flad\u0131: \u201dBir kitap yazarken, kitaptaki kahraman\u0131 benimsemi\u015f ve benimsedi\u011finiz o hayat\u0131n i\u00e7ine girmi\u015f olman\u0131z gerekiyor\u201d ifadelerini kulland\u0131. Temel Kaya\u2019n\u0131n e\u011fitime verdi\u011fi \u00f6neme de\u011finen Ayg\u00fcn, onun sayesinde kariyer hedeflerine ula\u015ft\u0131\u011f\u0131n\u0131 s\u00f6yledi. Ayg\u00fcn, &#8220;Temel Kaya T\u00fcrk sanayisinin bug\u00fcnlere kadar gelmesini sa\u011flam\u0131\u015ft\u0131r. \u0130leti\u015fimcilere dahi \u00f6rnek olacak bir ya\u015fam\u0131 vard\u0131r. B\u00f6yle bir insan\u0131n hayat\u0131n\u0131 yazmak sorumluluk ister. Bu sorumlulu\u011fu ald\u0131\u011f\u0131m i\u00e7in \u00e7ok mutluyum&#8221; ifadelerine yer verdi.<\/p>\n<p><img decoding=\"async\" class=\"alignnone wp-image-4004 size-large\" src=\"https:\/\/iletim.istanbul.edu.tr\/wp-content\/uploads\/DSC0260-1-1024x680.jpg\" alt=\"\" width=\"702\" height=\"466\" srcset=\"https:\/\/iletim.istanbul.edu.tr\/wp-content\/uploads\/DSC0260-1-1024x680.jpg 1024w, https:\/\/iletim.istanbul.edu.tr\/wp-content\/uploads\/DSC0260-1-300x199.jpg 300w, https:\/\/iletim.istanbul.edu.tr\/wp-content\/uploads\/DSC0260-1-768x510.jpg 768w\" sizes=\"(max-width: 702px) 100vw, 702px\" \/><\/p>\n<p><strong>\u201c\u0130nsan\u0131n Edindi\u011fi E\u011fitim onun En B\u00fcy\u00fck Sermayesidir\u201d<\/strong><\/p>\n<p>\u0130leti\u015fim Fak\u00fcltesi&#8217;nde yer almaktan b\u00fcy\u00fck mutluluk duydu\u011funu ifade ederek s\u00f6zlerine ba\u015flayan Temel Kaya&#8217;n\u0131n o\u011flu Cengiz Kaya, &#8220;Burada aktarmak istedi\u011fimiz \u015fey ki\u015finin ba\u015far\u0131s\u0131 de\u011fil, bak\u0131\u015f a\u00e7\u0131s\u0131d\u0131r\u201d dedi. En \u00f6nemli beklentilerinin mutlu olmak oldu\u011funu s\u00f6yleyen Kaya, mutlulu\u011fun \u00e7ok yal\u0131n bir \u015fey gibi g\u00f6r\u00fcnd\u00fc\u011f\u00fcn\u00fc fakat i\u00e7erisinde beklentinin, ba\u015far\u0131n\u0131n ve her \u015feyin oldu\u011funu s\u00f6yledi. Kaya, \u00a0kitab\u0131n i\u00e7eri\u011finde yer alan insanlarla birebir ileti\u015fim i\u00e7erisinde olmak ve d\u00fcr\u00fcstl\u00fck konular\u0131na da de\u011findi. D\u00fc\u015f\u00fcnceler, duygular ve g\u00f6rd\u00fcklerimizin mutlaka gelece\u011fe aktar\u0131lmas\u0131 gerekti\u011fine de\u011finen Kaya, Temel Kaya\u2019n\u0131n tek bir d\u00fczeyden hayata bakmad\u0131\u011f\u0131n\u0131 vurgulad\u0131. Son olarak Kaya, s\u00f6zlerini \u015fu \u015fekilde noktalad\u0131: \u201d\u0130nsan\u0131n edindi\u011fi e\u011fitim onun en b\u00fcy\u00fck sermayesidir. Hayat \u00e7ok kolay, zor yapan bizleriz\u201d dedi.<\/p>\n<p>Konferans, \u00f6\u011frencilerin konuklara sorular\u0131n\u0131n ard\u0131ndan son buldu.<img decoding=\"async\" class=\"alignnone wp-image-4005 size-large\" src=\"https:\/\/iletim.istanbul.edu.tr\/wp-content\/uploads\/DSC0312-1024x695.jpg\" alt=\"\" width=\"702\" height=\"476\" srcset=\"https:\/\/iletim.istanbul.edu.tr\/wp-content\/uploads\/DSC0312-1024x695.jpg 1024w, https:\/\/iletim.istanbul.edu.tr\/wp-content\/uploads\/DSC0312-300x204.jpg 300w, https:\/\/iletim.istanbul.edu.tr\/wp-content\/uploads\/DSC0312-768x521.jpg 768w\" sizes=\"(max-width: 702px) 100vw, 702px\" \/><\/p>\n","protected":false},"excerpt":{"rendered":"<p>Merhum Sanayici Temel Kaya&#8217;n\u0131n \u0130lham Veren Ba\u015far\u0131 \u00d6yk\u00fcs\u00fc&#8221; konferans\u0131, 17 Nisan\u2019da Kongre ve K\u00fclt\u00fcr Merkezi\u2019nde ger\u00e7ekle\u015ftirildi.<\/p>\n","protected":false},"author":14,"featured_media":4007,"comment_status":"open","ping_status":"open","sticky":false,"template":"","format":"standard","meta":{"jnews-multi-image_gallery":[],"jnews_single_post":[],"jnews_primary_category":[],"jnews_social_meta":[],"jnews_override_counter":[],"footnotes":""},"categories":[178,35],"tags":[326,327,328,324,325],"class_list":["post-4003","post","type-post","status-publish","format-standard","has-post-thumbnail","hentry","category-fakultemizden","category-yasam","tag-bunyamin-aygun","tag-cengiz-kaya","tag-kongre-ve-kultur-merkezi","tag-prof-dr-suat-gezgin","tag-temel-kaya"],"_links":{"self":[{"href":"https:\/\/iletim.istanbul.edu.tr\/index.php\/wp-json\/wp\/v2\/posts\/4003","targetHints":{"allow":["GET"]}}],"collection":[{"href":"https:\/\/iletim.istanbul.edu.tr\/index.php\/wp-json\/wp\/v2\/posts"}],"about":[{"href":"https:\/\/iletim.istanbul.edu.tr\/index.php\/wp-json\/wp\/v2\/types\/post"}],"author":[{"embeddable":true,"href":"https:\/\/iletim.istanbul.edu.tr\/index.php\/wp-json\/wp\/v2\/users\/14"}],"replies":[{"embeddable":true,"href":"https:\/\/iletim.istanbul.edu.tr\/index.php\/wp-json\/wp\/v2\/comments?post=4003"}],"version-history":[{"count":0,"href":"https:\/\/iletim.istanbul.edu.tr\/index.php\/wp-json\/wp\/v2\/posts\/4003\/revisions"}],"wp:featuredmedia":[{"embeddable":true,"href":"https:\/\/iletim.istanbul.edu.tr\/index.php\/wp-json\/wp\/v2\/media\/4007"}],"wp:attachment":[{"href":"https:\/\/iletim.istanbul.edu.tr\/index.php\/wp-json\/wp\/v2\/media?parent=4003"}],"wp:term":[{"taxonomy":"category","embeddable":true,"href":"https:\/\/iletim.istanbul.edu.tr\/index.php\/wp-json\/wp\/v2\/categories?post=4003"},{"taxonomy":"post_tag","embeddable":true,"href":"https:\/\/iletim.istanbul.edu.tr\/index.php\/wp-json\/wp\/v2\/tags?post=4003"}],"curies":[{"name":"wp","href":"https:\/\/api.w.org\/{rel}","templated":true}]}}