{"id":4029,"date":"2018-04-17T17:00:45","date_gmt":"2018-04-17T14:00:45","guid":{"rendered":"https:\/\/iletim.istanbul.edu.tr\/?p=4029"},"modified":"2019-05-30T16:30:32","modified_gmt":"2019-05-30T13:30:32","slug":"iyilik-icin-iade-zamani-oylarinizi-bekliyor","status":"publish","type":"post","link":"https:\/\/iletim.istanbul.edu.tr\/index.php\/2018\/04\/17\/iyilik-icin-iade-zamani-oylarinizi-bekliyor\/","title":{"rendered":"&#8220;\u0130yilik \u0130\u00e7in \u0130ade Zaman\u0131&#8221; Oylar\u0131n\u0131z\u0131 Bekliyor"},"content":{"rendered":"<p><strong>Murat KASAP<\/strong><\/p>\n<p>\u0130stanbul \u00dcniversitesi \u0130leti\u015fim Fak\u00fcltesi Halkla \u0130li\u015fkiler ve Tan\u0131t\u0131m b\u00f6l\u00fcm\u00fc 3. s\u0131n\u0131f \u00f6\u011frencileri Arif Berat Cilan, Mohammad Naser ve Burak Ali Topal&#8217;\u0131n yapm\u0131\u015f oldu\u011fu &#8220;\u0130yilik \u0130\u00e7in \u0130ade Zaman\u0131&#8221; adl\u0131 proje Hayal Edin Ger\u00e7ekle\u015ftirelim yar\u0131\u015fmas\u0131nda dereceye girdi.<\/p>\n<p>Projede yard\u0131mla\u015fman\u0131n toplum i\u00e7in vazge\u00e7ilmez bir olgu oldu\u011fundan bahseden Burak Ali Topal,\u00a0&#8220;K\u00fclt\u00fcr\u00fcm\u00fczde\u00a0 yard\u0131mla\u015fmayla ilgili bir\u00e7ok s\u00f6z ve \u00f6\u011f\u00fct mevcuttur. \u0130nsanlar \u00e7e\u015fitli nedenlerle yard\u0131ma muhta\u00e7 duruma d\u00fc\u015febilmektedir. Bireysel olarak alt\u0131ndan kalk\u0131lamayacak durumlarda yard\u0131mla\u015fman\u0131n \u00f6nemi daha iyi anla\u015f\u0131lmaktad\u0131r. G\u00fcn\u00fcm\u00fczde sava\u015flar, kurakl\u0131k veya ekonomik nedenlerle 3 bu\u00e7uk milyon insan \u00fclkemize gelmi\u015ftir. Zor ko\u015fullarda ya\u015fayan bu insanlar\u0131n yan\u0131 s\u0131ra 50 bin T\u00fcrk vatanda\u015f\u0131 da tehlikeli olarak adland\u0131r\u0131lan yoksulluk s\u0131n\u0131r\u0131nda bulunmaktad\u0131r&#8221; dedi.<\/p>\n<p>T\u00fcm bu durumlar\u0131n iyile\u015ftirilmesi ve ortadan kald\u0131r\u0131lmas\u0131 i\u00e7in yard\u0131m faaliyetlerinin artt\u0131r\u0131lmas\u0131 ve projelerin ger\u00e7ekle\u015ftirilmesi gerekti\u011fini s\u00f6yleyen ayr\u0131ca yapt\u0131klar\u0131 projenin i\u00e7eri\u011finden s\u00f6z eden Topal, &#8220;Yard\u0131m kurulu\u015flar\u0131n\u0131n bu projelerini ger\u00e7ekle\u015ftirmede ya\u015fad\u0131klar\u0131 s\u0131k\u0131nt\u0131lar\u0131n b\u00fcy\u00fck b\u00f6l\u00fcm\u00fc ise maddi yetersizlikten kaynaklanmaktad\u0131r.\u00a0 \u0130stanbul\u2019da g\u00fcnde 800 bin ki\u015finin ta\u015f\u0131nd\u0131\u011f\u0131 metrob\u00fcsler projenin ger\u00e7ekle\u015ftirilmesi i\u00e7in en uygun noktad\u0131r.\u00a0Yolcu, akbil kart\u0131n\u0131 di\u011fer iade makinelerinin yan\u0131nda olacak \u015fekilde yard\u0131m kurulu\u015fu i\u00e7in tasarlanan iade makinesine bast\u0131\u011f\u0131nda iade edilecek tutar projelerde kullan\u0131lmak \u00fczere yard\u0131m kurulu\u015funa y\u00f6nlendirilecektir.\u00a0Y\u0131lda 150 milyon TL, yolcular\u0131n iade makinelerini kullanmamas\u0131ndan dolay\u0131 \u0130ETT\u2019ye kalmaktad\u0131r. Yap\u0131lmas\u0131 planlanan te\u015fvik ve reklam \u00e7al\u0131\u015fmalar\u0131yla bu mebla\u011f yard\u0131m kurulu\u015flar\u0131n\u0131n faaliyetlerini ger\u00e7ekle\u015ftirebilmesi i\u00e7in iade makinelerine kayacakt\u0131r&#8221; diyerek s\u00f6zlerini tamamlad\u0131.<\/p>\n<p><img decoding=\"async\" class=\"alignnone wp-image-4079 size-full\" src=\"https:\/\/iletim.istanbul.edu.tr\/wp-content\/uploads\/30725629_446811649074316_917803683010690658_n.jpg\" alt=\"\" width=\"702\" height=\"702\" srcset=\"https:\/\/iletim.istanbul.edu.tr\/wp-content\/uploads\/30725629_446811649074316_917803683010690658_n.jpg 702w, https:\/\/iletim.istanbul.edu.tr\/wp-content\/uploads\/30725629_446811649074316_917803683010690658_n-150x150.jpg 150w, https:\/\/iletim.istanbul.edu.tr\/wp-content\/uploads\/30725629_446811649074316_917803683010690658_n-300x300.jpg 300w\" sizes=\"(max-width: 702px) 100vw, 702px\" \/><\/p>\n<p><strong>&#8220;\u0130yilik \u0130\u00e7in \u0130ade Zaman\u0131&#8221; adl\u0131 projeye oy vermek i\u00e7in t\u0131klay\u0131n\u0131z:<\/strong>\u00a0 \u00a0<a href=\"https:\/\/www.hayaledingerceklestirelim.com\/oylama\/2018\/iyilik-icin-iade-zamani\">https:\/\/www.hayaledingerceklestirelim.com\/oylama\/2018\/iyilik-icin-iade-zamani<\/a><\/p>\n","protected":false},"excerpt":{"rendered":"<p>\u0130stanbul \u00dcniversitesi \u0130leti\u015fim Fak\u00fcltesi Halkla \u0130li\u015fkiler 3. S\u0131n\u0131f \u00f6\u011frencilerinin yapm\u0131\u015f oldu\u011fu &#8220;\u0130yilik \u0130\u00e7in \u0130ade Zaman\u0131&#8221; adl\u0131 proje Hayal Edin Ger\u00e7ekle\u015ftirelim&#8217;de dereceye girdi.<\/p>\n","protected":false},"author":14,"featured_media":4051,"comment_status":"open","ping_status":"open","sticky":false,"template":"","format":"standard","meta":{"jnews-multi-image_gallery":[],"jnews_single_post":[],"jnews_primary_category":[],"jnews_social_meta":[],"jnews_override_counter":[],"footnotes":""},"categories":[34],"tags":[331,43],"class_list":["post-4029","post","type-post","status-publish","format-standard","has-post-thumbnail","hentry","category-universite","tag-hayal-edin-gerceklestirelim","tag-istanbul-universitesi"],"_links":{"self":[{"href":"https:\/\/iletim.istanbul.edu.tr\/index.php\/wp-json\/wp\/v2\/posts\/4029","targetHints":{"allow":["GET"]}}],"collection":[{"href":"https:\/\/iletim.istanbul.edu.tr\/index.php\/wp-json\/wp\/v2\/posts"}],"about":[{"href":"https:\/\/iletim.istanbul.edu.tr\/index.php\/wp-json\/wp\/v2\/types\/post"}],"author":[{"embeddable":true,"href":"https:\/\/iletim.istanbul.edu.tr\/index.php\/wp-json\/wp\/v2\/users\/14"}],"replies":[{"embeddable":true,"href":"https:\/\/iletim.istanbul.edu.tr\/index.php\/wp-json\/wp\/v2\/comments?post=4029"}],"version-history":[{"count":0,"href":"https:\/\/iletim.istanbul.edu.tr\/index.php\/wp-json\/wp\/v2\/posts\/4029\/revisions"}],"wp:featuredmedia":[{"embeddable":true,"href":"https:\/\/iletim.istanbul.edu.tr\/index.php\/wp-json\/wp\/v2\/media\/4051"}],"wp:attachment":[{"href":"https:\/\/iletim.istanbul.edu.tr\/index.php\/wp-json\/wp\/v2\/media?parent=4029"}],"wp:term":[{"taxonomy":"category","embeddable":true,"href":"https:\/\/iletim.istanbul.edu.tr\/index.php\/wp-json\/wp\/v2\/categories?post=4029"},{"taxonomy":"post_tag","embeddable":true,"href":"https:\/\/iletim.istanbul.edu.tr\/index.php\/wp-json\/wp\/v2\/tags?post=4029"}],"curies":[{"name":"wp","href":"https:\/\/api.w.org\/{rel}","templated":true}]}}