{"id":4036,"date":"2018-04-18T16:40:40","date_gmt":"2018-04-18T13:40:40","guid":{"rendered":"https:\/\/iletim.istanbul.edu.tr\/?p=4036"},"modified":"2018-04-18T16:40:40","modified_gmt":"2018-04-18T13:40:40","slug":"kisa-film-nasil-basariya-ulasir-atolyesi-devam-ediyor","status":"publish","type":"post","link":"https:\/\/iletim.istanbul.edu.tr\/index.php\/2018\/04\/18\/kisa-film-nasil-basariya-ulasir-atolyesi-devam-ediyor\/","title":{"rendered":"\u201cK\u0131sa Film Nas\u0131l Ba\u015far\u0131ya Ula\u015f\u0131r?\u201d At\u00f6lyesi Devam Ediyor"},"content":{"rendered":"<p><strong>Halil SA\u00c7<\/strong><\/p>\n<p>\u0130leti\u015fim Fak\u00fcltesi Radyo Televizyon ve Sinema B\u00f6l\u00fcm\u00fc \u00d6\u011fretim \u00dcyesi Prof. Dr. Ceyhan Kandemir\u2019in koordinat\u00f6rl\u00fc\u011f\u00fcnde y\u00fcr\u00fct\u00fclen \u201cK\u0131sa Film Nas\u0131l Ba\u015far\u0131ya Ula\u015f\u0131r\u201d at\u00f6lye \u00e7al\u0131\u015fmas\u0131n\u0131n ikinci dersine Yap\u0131mc\u0131 ve\u00a0shortbyshort.com k\u0131sa film platformunun kurucusu Bulut Reyhano\u011flu konuk oldu.<\/p>\n<p>\u0130leti\u015fim Fak\u00fcltesi Cep Sinemas\u0131\u2019nda 17 Nisan g\u00fcn\u00fc ger\u00e7ekle\u015ftirilen at\u00f6lyede Reyhano\u011flu, k\u0131sa film fikri olanlar\u0131n nas\u0131l yap\u0131mc\u0131 bulaca\u011f\u0131, film \u00e7ekildikten sonra nas\u0131l bir yol izlenmesi gerekti\u011fi, projenin yap\u0131mc\u0131ya sunum s\u00fcreci olan pitching ile pitchingde neler yap\u0131lmas\u0131 gerekti\u011fi konular\u0131n\u0131 ele al\u0131p telif, b\u00fct\u00e7e ve hukuksal zorunluluklar gibi konulara de\u011findi.<\/p>\n<p>At\u00f6lye kapsam\u0131nda 24 Nisan&#8217;da yap\u0131lacak \u00fc\u00e7\u00fcnc\u00fc derse ise Ni\u015fanta\u015f\u0131 \u00dcniversitesi Sanat Tasar\u0131m Fak\u00fcltesi Dr. \u00d6\u011fr. \u00dcyesi Seda Akta\u015f kat\u0131lacak ve k\u0131sa filmde alternatif \u00fcretim modelleri ile fon konular\u0131ndan bahsedecek.<\/p>\n<div id='gallery_1' class='gallery galleryid-4036 gallery-columns-3 gallery-size-large'><figure class='gallery-item'>\n                <div class='gallery-icon landscape'>\n                    <a href='https:\/\/iletim.istanbul.edu.tr\/wp-content\/uploads\/Untitled-1-76.jpg'><img loading=\"lazy\" decoding=\"async\" width=\"702\" height=\"336\" src=\"\" class=\"attachment-large size-large lazyload\" alt=\"\" data-src=\"https:\/\/iletim.istanbul.edu.tr\/wp-content\/uploads\/Untitled-1-76.jpg\" data-sizes=\"auto\" data-srcset=\"https:\/\/iletim.istanbul.edu.tr\/wp-content\/uploads\/Untitled-1-76.jpg 702w, https:\/\/iletim.istanbul.edu.tr\/wp-content\/uploads\/Untitled-1-76-300x144.jpg 300w\" data-expand=\"700\" \/><\/a>\n                <\/div><\/figure><figure class='gallery-item'>\n                <div class='gallery-icon landscape'>\n                    <a href='https:\/\/iletim.istanbul.edu.tr\/wp-content\/uploads\/DSC0258-1.jpg'><img loading=\"lazy\" decoding=\"async\" width=\"1024\" height=\"683\" src=\"\" class=\"attachment-large size-large lazyload\" alt=\"\" data-src=\"https:\/\/iletim.istanbul.edu.tr\/wp-content\/uploads\/DSC0258-1-1024x683.jpg\" data-sizes=\"auto\" data-srcset=\"https:\/\/iletim.istanbul.edu.tr\/wp-content\/uploads\/DSC0258-1-1024x683.jpg 1024w, https:\/\/iletim.istanbul.edu.tr\/wp-content\/uploads\/DSC0258-1-300x200.jpg 300w, https:\/\/iletim.istanbul.edu.tr\/wp-content\/uploads\/DSC0258-1-768x512.jpg 768w\" data-expand=\"700\" \/><\/a>\n                <\/div><\/figure><figure class='gallery-item'>\n                <div class='gallery-icon landscape'>\n                    <a href='https:\/\/iletim.istanbul.edu.tr\/wp-content\/uploads\/DSC0262.jpg'><img loading=\"lazy\" decoding=\"async\" width=\"1024\" height=\"564\" src=\"\" class=\"attachment-large size-large lazyload\" alt=\"\" data-src=\"https:\/\/iletim.istanbul.edu.tr\/wp-content\/uploads\/DSC0262-1024x564.jpg\" data-sizes=\"auto\" data-srcset=\"https:\/\/iletim.istanbul.edu.tr\/wp-content\/uploads\/DSC0262-1024x564.jpg 1024w, https:\/\/iletim.istanbul.edu.tr\/wp-content\/uploads\/DSC0262-300x165.jpg 300w, https:\/\/iletim.istanbul.edu.tr\/wp-content\/uploads\/DSC0262-768x423.jpg 768w\" data-expand=\"700\" \/><\/a>\n                <\/div><\/figure><br style=\"clear: both\" \/>\n            <\/div>\n\n","protected":false},"excerpt":{"rendered":"<p>Radyo Televizyon ve Sinema B\u00f6l\u00fcm\u00fc \u00d6\u011fretim \u00dcyesi Prof. Dr. Ceyhan Kandemir\u2019in koordinat\u00f6rl\u00fc\u011f\u00fcnde y\u00fcr\u00fct\u00fclen \u201cK\u0131sa Film Nas\u0131l Ba\u015far\u0131ya Ula\u015f\u0131r\u201d at\u00f6lye \u00e7al\u0131\u015fmas\u0131na bu hafta Yap\u0131mc\u0131 Bulut Reyhano\u011flu konuk oldu. <\/p>\n","protected":false},"author":14,"featured_media":4053,"comment_status":"open","ping_status":"open","sticky":false,"template":"","format":"standard","meta":{"jnews-multi-image_gallery":[],"jnews_single_post":[],"jnews_primary_category":[],"jnews_social_meta":[],"jnews_override_counter":[],"footnotes":""},"categories":[178,31],"tags":[333,186,332,188],"class_list":["post-4036","post","type-post","status-publish","format-standard","has-post-thumbnail","hentry","category-fakultemizden","category-teknoloji","tag-atolye","tag-bulut-reyhanoglu","tag-ceyhan-kandemir","tag-kisa-film"],"_links":{"self":[{"href":"https:\/\/iletim.istanbul.edu.tr\/index.php\/wp-json\/wp\/v2\/posts\/4036","targetHints":{"allow":["GET"]}}],"collection":[{"href":"https:\/\/iletim.istanbul.edu.tr\/index.php\/wp-json\/wp\/v2\/posts"}],"about":[{"href":"https:\/\/iletim.istanbul.edu.tr\/index.php\/wp-json\/wp\/v2\/types\/post"}],"author":[{"embeddable":true,"href":"https:\/\/iletim.istanbul.edu.tr\/index.php\/wp-json\/wp\/v2\/users\/14"}],"replies":[{"embeddable":true,"href":"https:\/\/iletim.istanbul.edu.tr\/index.php\/wp-json\/wp\/v2\/comments?post=4036"}],"version-history":[{"count":0,"href":"https:\/\/iletim.istanbul.edu.tr\/index.php\/wp-json\/wp\/v2\/posts\/4036\/revisions"}],"wp:featuredmedia":[{"embeddable":true,"href":"https:\/\/iletim.istanbul.edu.tr\/index.php\/wp-json\/wp\/v2\/media\/4053"}],"wp:attachment":[{"href":"https:\/\/iletim.istanbul.edu.tr\/index.php\/wp-json\/wp\/v2\/media?parent=4036"}],"wp:term":[{"taxonomy":"category","embeddable":true,"href":"https:\/\/iletim.istanbul.edu.tr\/index.php\/wp-json\/wp\/v2\/categories?post=4036"},{"taxonomy":"post_tag","embeddable":true,"href":"https:\/\/iletim.istanbul.edu.tr\/index.php\/wp-json\/wp\/v2\/tags?post=4036"}],"curies":[{"name":"wp","href":"https:\/\/api.w.org\/{rel}","templated":true}]}}