{"id":4070,"date":"2018-04-19T13:18:37","date_gmt":"2018-04-19T10:18:37","guid":{"rendered":"https:\/\/iletim.istanbul.edu.tr\/?p=4070"},"modified":"2018-04-19T13:18:37","modified_gmt":"2018-04-19T10:18:37","slug":"2-abdulhamitin-yildiz-albumleri-dijital-ortama-aktariliyor","status":"publish","type":"post","link":"https:\/\/iletim.istanbul.edu.tr\/index.php\/2018\/04\/19\/2-abdulhamitin-yildiz-albumleri-dijital-ortama-aktariliyor\/","title":{"rendered":"2. Abd\u00fclhamit\u2019in Y\u0131ld\u0131z Alb\u00fcmleri Dijital Ortama Aktar\u0131l\u0131yor"},"content":{"rendered":"<p><strong>Halil SA\u00c7<\/strong><\/p>\n<p>\u0130stanbul \u00dcniversitesi Rekt\u00f6r\u00fc Prof. Dr. Mahmut Ak, Sultan 2. Abd\u00fclhamit\u2019in Y\u0131ld\u0131z Alb\u00fcm\u00fc\u2019nde bulunan foto\u011fraflar\u0131n\u0131n dijital ortama aktar\u0131lmas\u0131yla ilgili Habert\u00fcrk\u2019e a\u00e7\u0131klamalarda bulundu.<\/p>\n<p>Osmanl\u0131 tarihinin 150 y\u0131l\u0131na \u0131\u015f\u0131k tutan ve \u0130stanbul \u00dcniversitesi Nadir Eserler K\u00fct\u00fcphanesi\u2019nde bulunan Sultan 2. Abd\u00fclhamit\u2019in Y\u0131ld\u0131z Alb\u00fcm\u00fc\u2019n\u00fcn dijital ortama aktar\u0131lmas\u0131 \u00fczerine Habert\u00fcrk\u2019e bilgi veren \u0130\u00dc Rekt\u00f6r\u00fc Prof. Dr. Mahmut Ak, toplamda 911 alb\u00fcm ve 36 bin 585 foto\u011fraf\u0131n bulundu\u011funu belirterek, \u201c51 alb\u00fcm ise Osmanl\u0131 Devleti\u2019ni tan\u0131tmak amac\u0131yla o d\u00f6nemde Amerika\u2019ya g\u00f6nderilmi\u015ftir ve \u015fu anda Amerikan Kongre K\u00fct\u00fcphanesi\u2019nde bulunmaktad\u0131r\u201d dedi.<\/p>\n<p>\u00dclkemiz d\u0131\u015f\u0131nda aralar\u0131nda Almanya, Fransa, Amerika, \u00c7in Rusya, M\u0131s\u0131r ve K\u0131r\u0131m\u2019\u0131n bulundu\u011fu 38 \u00fclkenin tarihine kap\u0131 aralayan Y\u0131ld\u0131z Alb\u00fcm\u00fc \u00fczerine konu\u015fan \u0130\u00dc Rekt\u00f6r\u00fc Prof. Dr. Mahmut Ak, \u201cAlb\u00fcmdeki foto\u011fraflarda tarihi eserleri, sivil ve resmi mimari yap\u0131lar\u0131, insanlar\u0131, adet ve geleneklerini yans\u0131tan k\u0131yafetleri ve t\u00fcketim malzemelerini g\u00f6rebilece\u011fimiz geni\u015f bir ar\u015fiv durumundad\u0131r\u201d ifadelerini kulland\u0131.<\/p>\n<p>Foto\u011fraflar\u0131n dijital ortama aktar\u0131lmas\u0131yla ilgili T\u00fcrkiye B\u00fcy\u00fck Millet Meclisi (TBMM) ile \u0130stanbul \u00dcniversitesi aras\u0131nda protokol yap\u0131ld\u0131. Konu \u00fczerine bilgi veren TBMM Genel Sekreter Yard\u0131mc\u0131s\u0131 Dr. Yasin Y\u0131ld\u0131z, koleksiyonda bulunan her alb\u00fcm\u00fcn sanat eseri oldu\u011funu belirtip, \u201cAlb\u00fcmler \u00e7ok ciddi i\u015f\u00e7iliklerle, ah\u015faptan, deriden, alt\u0131n i\u015fleme gibi \u00e7ok farkl\u0131 ciltlerden olu\u015fturulmu\u015f.\u00a0 TBMM\u2019nin \u00f6z kaynaklar\u0131yla, dijitalle\u015ftirme ekipmanlar\u0131yla ve ekipleriyle bunu yapman\u0131n m\u00fcmk\u00fcn oldu\u011funu arkada\u015flar\u0131m\u0131z \u00e7al\u0131\u015fmalar sonucu ortaya \u00e7\u0131karm\u0131\u015ft\u0131r\u201d a\u00e7\u0131klamas\u0131nda bulundu.<\/p>\n<p>Dijital ortama aktarma \u00e7al\u0131\u015fmalar\u0131n\u0131n 19 \u015eubat\u2019ta ba\u015flad\u0131\u011f\u0131n\u0131 belirten \u0130\u00dc K\u00fct\u00fcphane ve Dok\u00fcmantasyon Daire Ba\u015fkan\u0131 Dr. Pervin Bezirci ise,\u00a0 \u201c\u00c7al\u0131\u015fmalar\u0131n ba\u015flad\u0131\u011f\u0131 g\u00fcnden bug\u00fcne 10 bin 500 foto\u011fraf ve 310 alb\u00fcm dijital ortama aktar\u0131ld\u0131. Ayn\u0131 zamanda ara\u015ft\u0131rmac\u0131lar\u0131n foto\u011fraflara kolay ula\u015fabilmesi i\u00e7in e\u015f zamanl\u0131 olarak katalog k\u00fcnye \u00e7al\u0131\u015fmalar\u0131 devam etmektedir\u201d ifadelerini aktard\u0131.<\/p>\n<p>Nanoteknoloji ile \u00f6nce tozu al\u0131nan foto\u011fraflar, kurulan \u00f6zel bir mekanizma ile foto\u011fraflan\u0131p dijital ortama aktar\u0131l\u0131yor. Foto\u011fraflar, dijital ortama aktar\u0131lmas\u0131yla beraber kamunun ve ara\u015ft\u0131rmac\u0131lar\u0131n hizmetine a\u00e7\u0131lacak.<\/p>\n<div id='gallery_1' class='gallery galleryid-4070 gallery-columns-5 gallery-size-large'><figure class='gallery-item'>\n                <div class='gallery-icon landscape'>\n                    <a href='https:\/\/iletim.istanbul.edu.tr\/wp-content\/uploads\/DSC_9124.jpg'><img loading=\"lazy\" decoding=\"async\" width=\"1024\" height=\"683\" src=\"\" class=\"attachment-large size-large lazyload\" alt=\"\" data-src=\"https:\/\/iletim.istanbul.edu.tr\/wp-content\/uploads\/DSC_9124-1024x683.jpg\" data-sizes=\"auto\" data-srcset=\"https:\/\/iletim.istanbul.edu.tr\/wp-content\/uploads\/DSC_9124-1024x683.jpg 1024w, https:\/\/iletim.istanbul.edu.tr\/wp-content\/uploads\/DSC_9124-300x200.jpg 300w, https:\/\/iletim.istanbul.edu.tr\/wp-content\/uploads\/DSC_9124-768x512.jpg 768w\" data-expand=\"700\" \/><\/a>\n                <\/div><\/figure><figure class='gallery-item'>\n                <div class='gallery-icon landscape'>\n                    <a href='https:\/\/iletim.istanbul.edu.tr\/wp-content\/uploads\/DSC_9147.jpg'><img loading=\"lazy\" decoding=\"async\" width=\"1024\" height=\"683\" src=\"\" class=\"attachment-large size-large lazyload\" alt=\"\" data-src=\"https:\/\/iletim.istanbul.edu.tr\/wp-content\/uploads\/DSC_9147-1024x683.jpg\" data-sizes=\"auto\" data-srcset=\"https:\/\/iletim.istanbul.edu.tr\/wp-content\/uploads\/DSC_9147-1024x683.jpg 1024w, https:\/\/iletim.istanbul.edu.tr\/wp-content\/uploads\/DSC_9147-300x200.jpg 300w, https:\/\/iletim.istanbul.edu.tr\/wp-content\/uploads\/DSC_9147-768x512.jpg 768w\" data-expand=\"700\" \/><\/a>\n                <\/div><\/figure><figure class='gallery-item'>\n                <div class='gallery-icon landscape'>\n                    <a href='https:\/\/iletim.istanbul.edu.tr\/wp-content\/uploads\/DSC_9144.jpg'><img loading=\"lazy\" decoding=\"async\" width=\"1024\" height=\"683\" src=\"\" class=\"attachment-large size-large lazyload\" alt=\"\" data-src=\"https:\/\/iletim.istanbul.edu.tr\/wp-content\/uploads\/DSC_9144-1024x683.jpg\" data-sizes=\"auto\" data-srcset=\"https:\/\/iletim.istanbul.edu.tr\/wp-content\/uploads\/DSC_9144-1024x683.jpg 1024w, https:\/\/iletim.istanbul.edu.tr\/wp-content\/uploads\/DSC_9144-300x200.jpg 300w, https:\/\/iletim.istanbul.edu.tr\/wp-content\/uploads\/DSC_9144-768x512.jpg 768w\" data-expand=\"700\" \/><\/a>\n                <\/div><\/figure><figure class='gallery-item'>\n                <div class='gallery-icon landscape'>\n                    <a href='https:\/\/iletim.istanbul.edu.tr\/wp-content\/uploads\/DSC_9129.jpg'><img loading=\"lazy\" decoding=\"async\" width=\"1024\" height=\"683\" src=\"\" class=\"attachment-large size-large lazyload\" alt=\"\" data-src=\"https:\/\/iletim.istanbul.edu.tr\/wp-content\/uploads\/DSC_9129-1024x683.jpg\" data-sizes=\"auto\" data-srcset=\"https:\/\/iletim.istanbul.edu.tr\/wp-content\/uploads\/DSC_9129-1024x683.jpg 1024w, https:\/\/iletim.istanbul.edu.tr\/wp-content\/uploads\/DSC_9129-300x200.jpg 300w, https:\/\/iletim.istanbul.edu.tr\/wp-content\/uploads\/DSC_9129-768x512.jpg 768w\" data-expand=\"700\" \/><\/a>\n                <\/div><\/figure><figure class='gallery-item'>\n                <div class='gallery-icon landscape'>\n                    <a href='https:\/\/iletim.istanbul.edu.tr\/wp-content\/uploads\/DSC_9137.jpg'><img loading=\"lazy\" decoding=\"async\" width=\"1024\" height=\"683\" src=\"\" class=\"attachment-large size-large lazyload\" alt=\"\" data-src=\"https:\/\/iletim.istanbul.edu.tr\/wp-content\/uploads\/DSC_9137-1024x683.jpg\" data-sizes=\"auto\" data-srcset=\"https:\/\/iletim.istanbul.edu.tr\/wp-content\/uploads\/DSC_9137-1024x683.jpg 1024w, https:\/\/iletim.istanbul.edu.tr\/wp-content\/uploads\/DSC_9137-300x200.jpg 300w, https:\/\/iletim.istanbul.edu.tr\/wp-content\/uploads\/DSC_9137-768x512.jpg 768w\" data-expand=\"700\" \/><\/a>\n                <\/div><\/figure><br style=\"clear: both\" \/>\n            <\/div>\n\n<p><strong>Haberi a\u015fa\u011f\u0131daki linkten izleyebilirsiniz:\u00a0<\/strong><\/p>\n<div class=\"jeg_video_container jeg_video_content\"><iframe loading=\"lazy\" title=\"II. Abd\u00fclhamit&#039;in Y\u0131ld\u0131z Alb\u00fcmleri Dijital Ortama Aktar\u0131l\u0131yor\" width=\"500\" height=\"281\" src=\"https:\/\/www.youtube.com\/embed\/laS9ZYKXyQA?feature=oembed\" frameborder=\"0\" allow=\"accelerometer; autoplay; clipboard-write; encrypted-media; gyroscope; picture-in-picture; web-share\" referrerpolicy=\"strict-origin-when-cross-origin\" allowfullscreen><\/iframe><\/div>\n","protected":false},"excerpt":{"rendered":"<p>Halil SA\u00c7 \u0130stanbul \u00dcniversitesi Rekt\u00f6r\u00fc Prof. Dr. Mahmut Ak, Sultan 2. Abd\u00fclhamit\u2019in Y\u0131ld\u0131z Alb\u00fcm\u00fc\u2019nde bulunan foto\u011fraflar\u0131n\u0131n dijital ortama aktar\u0131lmas\u0131yla ilgili Habert\u00fcrk\u2019e a\u00e7\u0131klamalarda bulundu. Osmanl\u0131 tarihinin 150 y\u0131l\u0131na \u0131\u015f\u0131k tutan ve \u0130stanbul \u00dcniversitesi Nadir Eserler K\u00fct\u00fcphanesi\u2019nde bulunan Sultan 2. Abd\u00fclhamit\u2019in Y\u0131ld\u0131z Alb\u00fcm\u00fc\u2019n\u00fcn dijital ortama aktar\u0131lmas\u0131 \u00fczerine Habert\u00fcrk\u2019e bilgi veren \u0130\u00dc Rekt\u00f6r\u00fc Prof. Dr. Mahmut Ak, toplamda [&hellip;]<\/p>\n","protected":false},"author":14,"featured_media":4072,"comment_status":"open","ping_status":"open","sticky":false,"template":"","format":"standard","meta":{"jnews-multi-image_gallery":[],"jnews_single_post":[],"jnews_primary_category":[],"jnews_social_meta":[],"jnews_override_counter":[],"footnotes":""},"categories":[34,30],"tags":[],"class_list":["post-4070","post","type-post","status-publish","format-standard","has-post-thumbnail","hentry","category-universite","category-kultur-sanat"],"_links":{"self":[{"href":"https:\/\/iletim.istanbul.edu.tr\/index.php\/wp-json\/wp\/v2\/posts\/4070","targetHints":{"allow":["GET"]}}],"collection":[{"href":"https:\/\/iletim.istanbul.edu.tr\/index.php\/wp-json\/wp\/v2\/posts"}],"about":[{"href":"https:\/\/iletim.istanbul.edu.tr\/index.php\/wp-json\/wp\/v2\/types\/post"}],"author":[{"embeddable":true,"href":"https:\/\/iletim.istanbul.edu.tr\/index.php\/wp-json\/wp\/v2\/users\/14"}],"replies":[{"embeddable":true,"href":"https:\/\/iletim.istanbul.edu.tr\/index.php\/wp-json\/wp\/v2\/comments?post=4070"}],"version-history":[{"count":0,"href":"https:\/\/iletim.istanbul.edu.tr\/index.php\/wp-json\/wp\/v2\/posts\/4070\/revisions"}],"wp:featuredmedia":[{"embeddable":true,"href":"https:\/\/iletim.istanbul.edu.tr\/index.php\/wp-json\/wp\/v2\/media\/4072"}],"wp:attachment":[{"href":"https:\/\/iletim.istanbul.edu.tr\/index.php\/wp-json\/wp\/v2\/media?parent=4070"}],"wp:term":[{"taxonomy":"category","embeddable":true,"href":"https:\/\/iletim.istanbul.edu.tr\/index.php\/wp-json\/wp\/v2\/categories?post=4070"},{"taxonomy":"post_tag","embeddable":true,"href":"https:\/\/iletim.istanbul.edu.tr\/index.php\/wp-json\/wp\/v2\/tags?post=4070"}],"curies":[{"name":"wp","href":"https:\/\/api.w.org\/{rel}","templated":true}]}}