{"id":4099,"date":"2018-04-19T16:00:18","date_gmt":"2018-04-19T13:00:18","guid":{"rendered":"https:\/\/iletim.istanbul.edu.tr\/?p=4099"},"modified":"2018-04-19T16:00:18","modified_gmt":"2018-04-19T13:00:18","slug":"turk-sinemasi-haftalarinin-ilk-konugu-hulya-kocyigit","status":"publish","type":"post","link":"https:\/\/iletim.istanbul.edu.tr\/index.php\/2018\/04\/19\/turk-sinemasi-haftalarinin-ilk-konugu-hulya-kocyigit\/","title":{"rendered":"T\u00fcrk Sinemas\u0131 Haftalar\u0131\u2019n\u0131n \u0130lk Konu\u011fu H\u00fclya Ko\u00e7yi\u011fit"},"content":{"rendered":"<p><strong>Tu\u011f\u00e7e AY\u00c7\u0130N<\/strong><\/p>\n<p><strong>Foto\u011fraf- \u00d6zge TAN, Halil SA\u00c7<\/strong><\/p>\n<p>\u00dcnl\u00fc sinema sanat\u00e7\u0131s\u0131 H\u00fclya Ko\u00e7yi\u011fit, T\u00fcrk Sinemas\u0131 Haftalar\u0131\u2019n\u0131n ilk konu\u011fu olarak 18 Nisan\u2019da \u0130leti\u015fim Fak\u00fcltesi Konferans Salonu\u2019nda \u00f6\u011frencilerle bulu\u015ftu.<\/p>\n<p>Moderat\u00f6rl\u00fc\u011f\u00fcn\u00fc \u0130leti\u015fim Fak\u00fcltesi Dekan\u0131 Prof. Dr. Erg\u00fcn Yolcu\u2019nun yapt\u0131\u011f\u0131 s\u00f6yle\u015fi, H\u00fclya Ko\u00e7yi\u011fit\u2019in hayat hikayesinin anlat\u0131ld\u0131\u011f\u0131 film g\u00f6sterimiyle ba\u015flad\u0131. Film g\u00f6steriminin ard\u0131ndan Prof. Dr. Yolcu, a\u00e7\u0131l\u0131\u015f konu\u015fmas\u0131n\u0131 ger\u00e7ekle\u015ftirdi. \u201c\u00dclkemizin ileti\u015fim alan\u0131ndaki ilk fak\u00fcltesi olarak bu ilklere yenilerini katmak istiyoruz ve bunun i\u00e7in sinema ile ilgili haftalar d\u00fczenliyoruz. \u0130lk konu\u011fumuz da sinemam\u0131z\u0131n bu seviyelere gelmesinde emek vermi\u015f, yapt\u0131\u011f\u0131 \u00e7al\u0131\u015fmalar ile devlet sanat\u00e7\u0131s\u0131 olmay\u0131 hak etmi\u015f sanat\u00e7\u0131m\u0131z H\u00fclya Ko\u00e7yi\u011fit oldu\u201d \u015feklinde konu\u015fan Prof. Dr. Yolcu, Ko\u00e7yi\u011fit\u2019e te\u015fekk\u00fcrlerini iletti.<\/p>\n<p>Prof. Dr. Yolcu\u2019nun ard\u0131ndan s\u00f6z alan Ko\u00e7yi\u011fit, gen\u00e7lerle bir zaman dilimini payla\u015fmay\u0131 \u00f6nemsedi\u011fine de\u011finerek, oyunculuk kariyerine nas\u0131l ba\u015flad\u0131\u011f\u0131n\u0131 anlatt\u0131. Oyuncu olmas\u0131nda annesinin \u00e7ok b\u00fcy\u00fck bir etkisinin oldu\u011funu belirten Ko\u00e7yi\u011fit, 16 ya\u015f\u0131nda bir \u00e7ocukken Susuz Yaz gibi bir filmde oynaman\u0131n kendisi i\u00e7in \u00e7ok b\u00fcy\u00fck bir \u015fans oldu\u011funu s\u00f6yledi.<\/p>\n<p><img decoding=\"async\" class=\"alignnone wp-image-4100 size-large\" src=\"https:\/\/iletim.istanbul.edu.tr\/wp-content\/uploads\/1-hulya-kocyigit-1024x683.jpg\" alt=\"\" width=\"702\" height=\"468\" srcset=\"https:\/\/iletim.istanbul.edu.tr\/wp-content\/uploads\/1-hulya-kocyigit-1024x683.jpg 1024w, https:\/\/iletim.istanbul.edu.tr\/wp-content\/uploads\/1-hulya-kocyigit-300x200.jpg 300w, https:\/\/iletim.istanbul.edu.tr\/wp-content\/uploads\/1-hulya-kocyigit-768x512.jpg 768w\" sizes=\"(max-width: 702px) 100vw, 702px\" \/><\/p>\n<p><strong>\u201cSusuz Yaz Yoklukla Var Edilmi\u015f Bir Filmdir\u201d<\/strong><\/p>\n<p>Metin Erksan\u2019dan sinemaya dair bir\u00e7ok \u015fey \u00f6\u011frendi\u011fini aktaran Ko\u00e7yi\u011fit, Susuz Yaz filmi ile ilgili \u015funlar\u0131 s\u00f6yledi: \u201cFilmi \u015fimdi tekrar seyretti\u011fimde bug\u00fcnk\u00fc teknoloji ile \u00e7ekilmesinin m\u00fcmk\u00fcn olmad\u0131\u011f\u0131n\u0131 g\u00f6r\u00fcyorum. Metin Erksan\u2019\u0131n dehas\u0131n\u0131 bir kez daha fark ediyorum. O d\u00f6nemlerde teknik imkanlar\u0131m\u0131z yoktu. \u00c7ok ilkel aletlerle \u00e7al\u0131\u015f\u0131yorduk. Her \u015fey \u00e7ok pahal\u0131yd\u0131. \u00c7ekim esnas\u0131nda hata yapm\u0131\u015fsak, tekrar \u00e7ekme \u015fans\u0131m\u0131z yoktu. Bug\u00fcn\u00fcn insan\u0131 Susuz Yaz\u2019\u0131n yoklukla var edilmi\u015f bir film oldu\u011funu anlamal\u0131d\u0131r.\u201d<\/p>\n<p><strong>\u201c\u00c7al\u0131\u015ft\u0131\u011f\u0131m \u0130simlerden Hem Mesle\u011fi Hem Hayat\u0131 \u00d6\u011frendim\u201d<\/strong><\/p>\n<p>Filmlerde rol ald\u0131k\u00e7a, halk\u0131n ya\u015fam\u0131n\u0131n, talebinin ve sosyal ya\u015famda fark edilmesi gereken \u015feyler oldu\u011funun fark\u0131na vard\u0131\u011f\u0131n\u0131 kaydeden Ko\u00e7yi\u011fit, \u201cBu filmleri yaparken bir yandan da ya\u015fam\u0131n i\u00e7inde b\u00fcy\u00fcmeye, olgunla\u015fmaya ba\u015fl\u0131yorsunuz\u201d dedi. Ko\u00e7yi\u011fit, bir\u00e7ok \u00f6nemli y\u00f6netmenle \u00e7al\u0131\u015fma imk\u00e2n\u0131 buldu\u011funu vurgulayarak, \u201cBu b\u00fcy\u00fck isimlerden hem mesle\u011fi hem hayat\u0131 \u00f6\u011frendim. \u00dclkemi ve tarihimi tan\u0131d\u0131m. Bu durum benim i\u00e7in bir yandan \u00e7al\u0131\u015fmak bir yandan e\u011fitim g\u00f6rmek gibiydi. Onlara \u015f\u00fckran bor\u00e7luyum\u201d ifadelerini kulland\u0131.<\/p>\n<p><strong>\u201cGer\u00e7ek Bir Sanat Fikri Her Zaman Kendini G\u00f6sterir\u201d<\/strong><\/p>\n<p>T\u00fcrk sinema ve dizi sekt\u00f6r\u00fcn\u00fcn bug\u00fcnk\u00fc durumu ile ilgili de\u011ferlendirmelerde bulunan Ko\u00e7yi\u011fit, sineman\u0131n e\u011flendirici rol\u00fcn\u00fcn yan\u0131 s\u0131ra esas g\u00f6revinin topluma ayna tutabilmek oldu\u011funu s\u00f6yledi. Ko\u00e7yi\u011fit, sinema ile insanlar\u0131n fikir d\u00fcnyalar\u0131n\u0131 olu\u015fturabilmek i\u00e7in onlara sorular sorabilmek ve cevaplar\u0131n\u0131 fark etmelerini sa\u011flayacak i\u015fler yapabilmek gerekti\u011fini vurgularken, g\u00fcn\u00fcm\u00fczdeki dizilerin ise \u00f6\u011freticilikten ziyade daha \u00e7ok ho\u015f\u00e7a vakit ge\u00e7irmek i\u00e7in var olduklar\u0131n\u0131 s\u00f6yledi. Arz talep konusunun \u00e7ok \u00f6nemli oldu\u011funu belirten Ko\u00e7yi\u011fit ifadelerini \u015fu \u015fekilde s\u00fcrd\u00fcrd\u00fc: \u201cSeyirci burada a\u011f\u0131rl\u0131\u011f\u0131n\u0131 kullanmal\u0131. Bu sekt\u00f6rde yer almak isteyen gen\u00e7lerin \u015fu anki sanc\u0131lar\u0131n\u0131 \u00e7ok iyi anl\u0131yorum. Ama onlar\u0131n sab\u0131rla ve y\u0131lmadan \u00e7al\u0131\u015fmaya devam etmesi gerekiyor. En yoksul ve en olumsuz g\u00fcnlerde dahi ger\u00e7ek anlamda bir sanat fikri mutlaka kendini g\u00f6sterir. Samimi olun, d\u00fcr\u00fcst olun. Bir s\u00f6z\u00fc pop\u00fcler olmak i\u00e7in de\u011fil, ger\u00e7ekten \u00f6yle olmas\u0131n\u0131 istedi\u011finiz i\u00e7in s\u00f6yleyin.\u201d<\/p>\n<p><img decoding=\"async\" class=\"alignnone wp-image-4101 size-large\" src=\"https:\/\/iletim.istanbul.edu.tr\/wp-content\/uploads\/2-hulya-kocyigit-1024x680.jpg\" alt=\"\" width=\"702\" height=\"466\" srcset=\"https:\/\/iletim.istanbul.edu.tr\/wp-content\/uploads\/2-hulya-kocyigit-1024x680.jpg 1024w, https:\/\/iletim.istanbul.edu.tr\/wp-content\/uploads\/2-hulya-kocyigit-300x199.jpg 300w, https:\/\/iletim.istanbul.edu.tr\/wp-content\/uploads\/2-hulya-kocyigit-768x510.jpg 768w\" sizes=\"(max-width: 702px) 100vw, 702px\" \/><\/p>\n<p><strong>\u201cSadece G\u00f6rsel Malzeme De\u011filiz, Bir Ruh Ta\u015f\u0131yoruz\u201d<\/strong><\/p>\n<p>Ye\u015fil\u00e7am d\u00f6neminde y\u00f6netmen- oyuncu ili\u015fkisine de\u011finen Ko\u00e7yi\u011fit, senaryo \u00e7al\u0131\u015fmalar\u0131na bizzat kat\u0131lmalar\u0131n\u0131n ho\u015f kar\u015f\u0131lanan bir durum oldu\u011funu s\u00f6yledi. Sineman\u0131n kolektif bir i\u015f oldu\u011funun alt\u0131n\u0131 \u00e7izen Ko\u00e7yi\u011fit, \u201cY\u00f6netmen bir\u00e7ok fikre yer a\u00e7\u0131yor. Bu da bizi daha \u00e7ok \u00e7abalamaya y\u00f6neltiyor. B\u00f6ylelikle i\u015fe daha \u00e7ok sahip \u00e7\u0131km\u0131\u015f oluyoruz. \u00c7\u00fcnk\u00fc biz oyuncular sadece g\u00f6rsel malzeme de\u011filiz. Bir ruh ta\u015f\u0131yoruz ve bu ruhu aktarmaya ihtiyac\u0131m\u0131z var\u201d dedi.<\/p>\n<p><strong>\u201cHer \u015eey \u0130stemek ve Hayal Etmekle Olur\u201d<\/strong><\/p>\n<p>S\u00f6zlerini \u00f6\u011frencilere tavsiyelerde bulunarak s\u00fcrd\u00fcren Ko\u00e7yi\u011fit, konu\u015fmas\u0131n\u0131 \u015fu \u015fekilde noktalad\u0131: \u201cHer \u015fey istemekle ve hayal etmekle olur. Ger\u00e7ekten istiyorsan\u0131z, y\u00fcre\u011finizde b\u00f6yle bir yang\u0131n varsa yolunuzu bulursunuz. \u0130nsanlar\u0131 tan\u0131mak, sevmek, onlara anlad\u0131\u011f\u0131n\u0131z\u0131 anlatmaya \u00e7al\u0131\u015fmak, d\u00fcnya sinemas\u0131n\u0131 takip ederek, do\u011fru y\u00f6netmenlerle do\u011fru projelere y\u00f6nelmek sizler i\u00e7in en do\u011fru yol olacakt\u0131r.\u201d<\/p>\n<p>S\u00f6yle\u015fi, \u201cH\u00fclya Han\u0131m\u2019a gelip bize destek verdi\u011fi i\u00e7in ve projemizin ilk aya\u011f\u0131n\u0131 olu\u015fturdu\u011fu i\u00e7in \u00e7ok te\u015fekk\u00fcr ederim\u201d diyen Prof. Dr. Yolcu\u2019nun Ko\u00e7yi\u011fit\u2019e \u00e7i\u00e7ek ve hediye takdim etmesiyle sona erdi.<\/p>\n<p><img decoding=\"async\" class=\"alignnone wp-image-4102 size-large\" src=\"https:\/\/iletim.istanbul.edu.tr\/wp-content\/uploads\/3-hulya-kocyigit-1024x683.jpg\" alt=\"\" width=\"702\" height=\"468\" srcset=\"https:\/\/iletim.istanbul.edu.tr\/wp-content\/uploads\/3-hulya-kocyigit-1024x683.jpg 1024w, https:\/\/iletim.istanbul.edu.tr\/wp-content\/uploads\/3-hulya-kocyigit-300x200.jpg 300w, https:\/\/iletim.istanbul.edu.tr\/wp-content\/uploads\/3-hulya-kocyigit-768x512.jpg 768w, https:\/\/iletim.istanbul.edu.tr\/wp-content\/uploads\/3-hulya-kocyigit.jpg 1620w\" sizes=\"(max-width: 702px) 100vw, 702px\" \/> <img decoding=\"async\" class=\"alignnone wp-image-4103 size-large\" src=\"https:\/\/iletim.istanbul.edu.tr\/wp-content\/uploads\/4-hulya-kocyigit-1024x837.jpg\" alt=\"\" width=\"702\" height=\"574\" srcset=\"https:\/\/iletim.istanbul.edu.tr\/wp-content\/uploads\/4-hulya-kocyigit-1024x837.jpg 1024w, https:\/\/iletim.istanbul.edu.tr\/wp-content\/uploads\/4-hulya-kocyigit-300x245.jpg 300w, https:\/\/iletim.istanbul.edu.tr\/wp-content\/uploads\/4-hulya-kocyigit-768x627.jpg 768w, https:\/\/iletim.istanbul.edu.tr\/wp-content\/uploads\/4-hulya-kocyigit-168x137.jpg 168w, https:\/\/iletim.istanbul.edu.tr\/wp-content\/uploads\/4-hulya-kocyigit.jpg 1322w\" sizes=\"(max-width: 702px) 100vw, 702px\" \/><\/p>\n<div id='gallery_1' class='gallery galleryid-4099 gallery-columns-5 gallery-size-thumbnail'><figure class='gallery-item'>\n                <div class='gallery-icon landscape'>\n                    <a href='https:\/\/iletim.istanbul.edu.tr\/wp-content\/uploads\/FileHandler-1-13.jpg'><img loading=\"lazy\" decoding=\"async\" width=\"150\" height=\"150\" src=\"\" class=\"attachment-thumbnail size-thumbnail lazyload\" alt=\"\" data-src=\"https:\/\/iletim.istanbul.edu.tr\/wp-content\/uploads\/FileHandler-1-13-150x150.jpg\" data-sizes=\"auto\" data-srcset=\"\" data-expand=\"700\" \/><\/a>\n                <\/div><\/figure><figure class='gallery-item'>\n                <div class='gallery-icon landscape'>\n                    <a href='https:\/\/iletim.istanbul.edu.tr\/wp-content\/uploads\/FileHandler-2-12.jpg'><img loading=\"lazy\" decoding=\"async\" width=\"150\" height=\"150\" src=\"\" class=\"attachment-thumbnail size-thumbnail lazyload\" alt=\"\" data-src=\"https:\/\/iletim.istanbul.edu.tr\/wp-content\/uploads\/FileHandler-2-12-150x150.jpg\" data-sizes=\"auto\" data-srcset=\"\" data-expand=\"700\" \/><\/a>\n                <\/div><\/figure><figure class='gallery-item'>\n                <div class='gallery-icon landscape'>\n                    <a href='https:\/\/iletim.istanbul.edu.tr\/wp-content\/uploads\/FileHandler-3-10.jpg'><img loading=\"lazy\" decoding=\"async\" width=\"150\" height=\"150\" src=\"\" class=\"attachment-thumbnail size-thumbnail lazyload\" alt=\"\" data-src=\"https:\/\/iletim.istanbul.edu.tr\/wp-content\/uploads\/FileHandler-3-10-150x150.jpg\" data-sizes=\"auto\" data-srcset=\"\" data-expand=\"700\" \/><\/a>\n                <\/div><\/figure><figure class='gallery-item'>\n                <div class='gallery-icon landscape'>\n                    <a href='https:\/\/iletim.istanbul.edu.tr\/wp-content\/uploads\/FileHandler-4-9.jpg'><img loading=\"lazy\" decoding=\"async\" width=\"150\" height=\"150\" src=\"\" class=\"attachment-thumbnail size-thumbnail lazyload\" alt=\"\" data-src=\"https:\/\/iletim.istanbul.edu.tr\/wp-content\/uploads\/FileHandler-4-9-150x150.jpg\" data-sizes=\"auto\" data-srcset=\"\" data-expand=\"700\" \/><\/a>\n                <\/div><\/figure><figure class='gallery-item'>\n                <div class='gallery-icon landscape'>\n                    <a href='https:\/\/iletim.istanbul.edu.tr\/wp-content\/uploads\/FileHandler-6-8.jpg'><img loading=\"lazy\" decoding=\"async\" width=\"150\" height=\"150\" src=\"\" class=\"attachment-thumbnail size-thumbnail lazyload\" alt=\"\" data-src=\"https:\/\/iletim.istanbul.edu.tr\/wp-content\/uploads\/FileHandler-6-8-150x150.jpg\" data-sizes=\"auto\" data-srcset=\"\" data-expand=\"700\" \/><\/a>\n                <\/div><\/figure><br style=\"clear: both\" \/><figure class='gallery-item'>\n                <div class='gallery-icon landscape'>\n                    <a href='https:\/\/iletim.istanbul.edu.tr\/wp-content\/uploads\/FileHandler-28.jpg'><img loading=\"lazy\" decoding=\"async\" width=\"150\" height=\"150\" src=\"\" class=\"attachment-thumbnail size-thumbnail lazyload\" alt=\"\" data-src=\"https:\/\/iletim.istanbul.edu.tr\/wp-content\/uploads\/FileHandler-28-150x150.jpg\" data-sizes=\"auto\" data-srcset=\"\" data-expand=\"700\" \/><\/a>\n                <\/div><\/figure>\n                <br style='clear: both' \/>\n            <\/div>\n\n","protected":false},"excerpt":{"rendered":"<p>\u00dcnl\u00fc sinema sanat\u00e7\u0131s\u0131 H\u00fclya Ko\u00e7yi\u011fit, T\u00fcrk Sinemas\u0131 Haftalar\u0131\u2019n\u0131n ilk konu\u011fu olarak 18 Nisan\u2019da \u0130leti\u015fim Fak\u00fcltesi Konferans Salonu\u2019nda \u00f6\u011frencilerle bulu\u015ftu.<\/p>\n","protected":false},"author":14,"featured_media":4112,"comment_status":"open","ping_status":"open","sticky":false,"template":"","format":"standard","meta":{"jnews-multi-image_gallery":[],"jnews_single_post":[],"jnews_primary_category":[],"jnews_social_meta":[],"jnews_override_counter":[],"footnotes":""},"categories":[178,30],"tags":[319,336,316],"class_list":["post-4099","post","type-post","status-publish","format-standard","has-post-thumbnail","hentry","category-fakultemizden","category-kultur-sanat","tag-hulya-kocyigit","tag-turk-sinemasi","tag-turk-sinemasi-haftalari"],"_links":{"self":[{"href":"https:\/\/iletim.istanbul.edu.tr\/index.php\/wp-json\/wp\/v2\/posts\/4099","targetHints":{"allow":["GET"]}}],"collection":[{"href":"https:\/\/iletim.istanbul.edu.tr\/index.php\/wp-json\/wp\/v2\/posts"}],"about":[{"href":"https:\/\/iletim.istanbul.edu.tr\/index.php\/wp-json\/wp\/v2\/types\/post"}],"author":[{"embeddable":true,"href":"https:\/\/iletim.istanbul.edu.tr\/index.php\/wp-json\/wp\/v2\/users\/14"}],"replies":[{"embeddable":true,"href":"https:\/\/iletim.istanbul.edu.tr\/index.php\/wp-json\/wp\/v2\/comments?post=4099"}],"version-history":[{"count":0,"href":"https:\/\/iletim.istanbul.edu.tr\/index.php\/wp-json\/wp\/v2\/posts\/4099\/revisions"}],"wp:featuredmedia":[{"embeddable":true,"href":"https:\/\/iletim.istanbul.edu.tr\/index.php\/wp-json\/wp\/v2\/media\/4112"}],"wp:attachment":[{"href":"https:\/\/iletim.istanbul.edu.tr\/index.php\/wp-json\/wp\/v2\/media?parent=4099"}],"wp:term":[{"taxonomy":"category","embeddable":true,"href":"https:\/\/iletim.istanbul.edu.tr\/index.php\/wp-json\/wp\/v2\/categories?post=4099"},{"taxonomy":"post_tag","embeddable":true,"href":"https:\/\/iletim.istanbul.edu.tr\/index.php\/wp-json\/wp\/v2\/tags?post=4099"}],"curies":[{"name":"wp","href":"https:\/\/api.w.org\/{rel}","templated":true}]}}