{"id":4158,"date":"2018-04-24T14:13:35","date_gmt":"2018-04-24T11:13:35","guid":{"rendered":"https:\/\/iletim.istanbul.edu.tr\/?p=4158"},"modified":"2019-05-30T16:28:52","modified_gmt":"2019-05-30T13:28:52","slug":"sunuculuk-atolyesinin-bu-haftaki-konugu-cigdem-ceylan","status":"publish","type":"post","link":"https:\/\/iletim.istanbul.edu.tr\/index.php\/2018\/04\/24\/sunuculuk-atolyesinin-bu-haftaki-konugu-cigdem-ceylan\/","title":{"rendered":"\u0130\u00dcWEBTV Sunuculuk At\u00f6lyesi&#8217;nin Bu Haftaki Konu\u011fu \u00c7i\u011fdem Ceylan"},"content":{"rendered":"<p><strong> Murat KASAP<\/strong><\/p>\n<p>\u0130stanbul \u00dcniversitesi \u0130leti\u015fim Fak\u00fcltesi Cep Sinemas\u0131&#8217;nda 20 Nisan Cuma g\u00fcn\u00fc ger\u00e7ekle\u015ftiren Sunuculuk At\u00f6lyesi&#8217;nin bu haftaki konu\u011fu \u00c7i\u011fdem Ceylan oldu.<\/p>\n<p>A Spor ekranlar\u0131nda g\u00f6rmeye al\u0131\u015fk\u0131n oldu\u011fumuz \u00c7i\u011fdem Ceylan, sunum yaparken beden dilini ve diyafram\u0131 kullanman\u0131n \u00f6neminden bahsetti. Ceylan, &#8220;Sunum yaparken a\u011fz\u0131n\u0131zdaki tonlamay\u0131 ve nefesi ayarlamak \u00e7ok \u00f6nemli. Bunu yapabilmek i\u00e7in \u00e7ok fazla \u00e7al\u0131\u015fman\u0131z gerekir \u00e7\u00fcnk\u00fc tonlama ve nefes zamanla yap\u0131lacabilecek bir \u015fey. Konu\u015fmadan \u00f6nce temeli iyi olu\u015fturursan\u0131z devam\u0131 da iyi gelir. Harflerin okunu\u015funda ince ve kal\u0131n harfleri okumak ve kendini do\u011fru bir \u015fekilde ifade etmek insanlar\u0131n sizi daha dikkatli dinlemesine yol a\u00e7ar&#8221; diyerek s\u00f6zlerini tamamlad\u0131.<\/p>\n<p>3 hafta boyunca s\u00fcrecek olan sunuculuk at\u00f6lyesinin ilk haftas\u0131 yap\u0131lan sahne \u00e7al\u0131\u015fmas\u0131 ve seslendirme \u00e7al\u0131\u015fmas\u0131n\u0131n ard\u0131ndan sona erdi.<\/p>\n<div id='gallery_1' class='gallery galleryid-4158 gallery-columns-3 gallery-size-thumbnail'><figure class='gallery-item'>\n                <div class='gallery-icon landscape'>\n                    <a href='https:\/\/iletim.istanbul.edu.tr\/wp-content\/uploads\/DSC0404.jpg'><img loading=\"lazy\" decoding=\"async\" width=\"150\" height=\"150\" src=\"\" class=\"attachment-thumbnail size-thumbnail lazyload\" alt=\"\" data-src=\"https:\/\/iletim.istanbul.edu.tr\/wp-content\/uploads\/DSC0404-150x150.jpg\" data-sizes=\"auto\" data-srcset=\"\" data-expand=\"700\" \/><\/a>\n                <\/div><\/figure><figure class='gallery-item'>\n                <div class='gallery-icon landscape'>\n                    <a href='https:\/\/iletim.istanbul.edu.tr\/wp-content\/uploads\/DSC0398.jpg'><img loading=\"lazy\" decoding=\"async\" width=\"150\" height=\"150\" src=\"\" class=\"attachment-thumbnail size-thumbnail lazyload\" alt=\"\" data-src=\"https:\/\/iletim.istanbul.edu.tr\/wp-content\/uploads\/DSC0398-150x150.jpg\" data-sizes=\"auto\" data-srcset=\"\" data-expand=\"700\" \/><\/a>\n                <\/div><\/figure><figure class='gallery-item'>\n                <div class='gallery-icon landscape'>\n                    <a href='https:\/\/iletim.istanbul.edu.tr\/wp-content\/uploads\/DSC0396-1.jpg'><img loading=\"lazy\" decoding=\"async\" width=\"150\" height=\"150\" src=\"\" class=\"attachment-thumbnail size-thumbnail lazyload\" alt=\"\" data-src=\"https:\/\/iletim.istanbul.edu.tr\/wp-content\/uploads\/DSC0396-1-150x150.jpg\" data-sizes=\"auto\" data-srcset=\"\" data-expand=\"700\" \/><\/a>\n                <\/div><\/figure><br style=\"clear: both\" \/>\n            <\/div>\n\n","protected":false},"excerpt":{"rendered":"<p>\u0130stanbul \u00dcniversitesi \u0130leti\u015fim Fak\u00fcltesi cep sinemas\u0131nda 20 Nisan Cuma g\u00fcn\u00fc ger\u00e7ekle\u015ftiren sunuculuk at\u00f6lyesinin bu haftaki konu\u011fu \u00c7i\u011fdem Ceylan oldu.<\/p>\n","protected":false},"author":14,"featured_media":4161,"comment_status":"open","ping_status":"open","sticky":false,"template":"","format":"standard","meta":{"jnews-multi-image_gallery":[],"jnews_single_post":[],"jnews_primary_category":[],"jnews_social_meta":[],"jnews_override_counter":[],"footnotes":""},"categories":[178],"tags":[340,308],"class_list":["post-4158","post","type-post","status-publish","format-standard","has-post-thumbnail","hentry","category-fakultemizden","tag-cigdem-ceylan","tag-sunuculuk-atolyesi"],"_links":{"self":[{"href":"https:\/\/iletim.istanbul.edu.tr\/index.php\/wp-json\/wp\/v2\/posts\/4158","targetHints":{"allow":["GET"]}}],"collection":[{"href":"https:\/\/iletim.istanbul.edu.tr\/index.php\/wp-json\/wp\/v2\/posts"}],"about":[{"href":"https:\/\/iletim.istanbul.edu.tr\/index.php\/wp-json\/wp\/v2\/types\/post"}],"author":[{"embeddable":true,"href":"https:\/\/iletim.istanbul.edu.tr\/index.php\/wp-json\/wp\/v2\/users\/14"}],"replies":[{"embeddable":true,"href":"https:\/\/iletim.istanbul.edu.tr\/index.php\/wp-json\/wp\/v2\/comments?post=4158"}],"version-history":[{"count":0,"href":"https:\/\/iletim.istanbul.edu.tr\/index.php\/wp-json\/wp\/v2\/posts\/4158\/revisions"}],"wp:featuredmedia":[{"embeddable":true,"href":"https:\/\/iletim.istanbul.edu.tr\/index.php\/wp-json\/wp\/v2\/media\/4161"}],"wp:attachment":[{"href":"https:\/\/iletim.istanbul.edu.tr\/index.php\/wp-json\/wp\/v2\/media?parent=4158"}],"wp:term":[{"taxonomy":"category","embeddable":true,"href":"https:\/\/iletim.istanbul.edu.tr\/index.php\/wp-json\/wp\/v2\/categories?post=4158"},{"taxonomy":"post_tag","embeddable":true,"href":"https:\/\/iletim.istanbul.edu.tr\/index.php\/wp-json\/wp\/v2\/tags?post=4158"}],"curies":[{"name":"wp","href":"https:\/\/api.w.org\/{rel}","templated":true}]}}