{"id":4194,"date":"2018-04-24T16:53:09","date_gmt":"2018-04-24T13:53:09","guid":{"rendered":"https:\/\/iletim.istanbul.edu.tr\/?p=4194"},"modified":"2018-04-24T17:32:38","modified_gmt":"2018-04-24T14:32:38","slug":"eger-umut-yoksa-umut-siz-olun","status":"publish","type":"post","link":"https:\/\/iletim.istanbul.edu.tr\/index.php\/2018\/04\/24\/eger-umut-yoksa-umut-siz-olun\/","title":{"rendered":"\u201cE\u011fer Umut Yoksa Umut Siz Olun\u201d"},"content":{"rendered":"<p><strong>Hande Nur OCAK<\/strong><\/p>\n<p>\u201cOyuncu ve Mizah\u00e7\u0131 \u0130ki Mezun\u201d s\u00f6yle\u015fisi 24 Nisan\u2019da \u0130leti\u015fim Fak\u00fcltesi Konferans Salonu\u2019nda ger\u00e7ekle\u015ftirildi.<\/p>\n<p>Tiyatro, sinema, dizi oyuncusu ve seslendirme sanat\u00e7\u0131s\u0131 Kerem Atabeyo\u011flu ile mizah yazar\u0131 Vedat \u00d6zdemiro\u011flu \u201cOyuncu ve Mizah\u00e7\u0131 \u0130ki Mezunun S\u00f6yle\u015fisi\u201dnde \u00f6\u011frencilerle bulu\u015ftu.<\/p>\n<p><img decoding=\"async\" class=\"alignnone wp-image-4198 size-large\" src=\"https:\/\/iletim.istanbul.edu.tr\/wp-content\/uploads\/DSC0436-1024x680.jpg\" alt=\"\" width=\"702\" height=\"466\" srcset=\"https:\/\/iletim.istanbul.edu.tr\/wp-content\/uploads\/DSC0436-1024x680.jpg 1024w, https:\/\/iletim.istanbul.edu.tr\/wp-content\/uploads\/DSC0436-300x199.jpg 300w, https:\/\/iletim.istanbul.edu.tr\/wp-content\/uploads\/DSC0436-768x510.jpg 768w\" sizes=\"(max-width: 702px) 100vw, 702px\" \/><\/p>\n<p>S\u00f6yle\u015fide, kendi \u00f6\u011frencilik y\u0131llar\u0131ndan bug\u00fcne kadar ge\u00e7en s\u00fcre\u00e7ten bahseden Kerem Atabeyo\u011flu ve Vedat \u00d6zdemiro\u011flu \u00f6\u011frencilere tavsiyelerde bulundu. Kerem Atabeyo\u011flu, \u201c\u00dcniversite, \u00a0hayat\u0131n\u0131z\u0131 kimlerle ge\u00e7irece\u011finizi g\u00f6steriyor. \u015eu an biz de Vedat\u2019la yan yanaysak bu da \u00fcniversite sayesindedir\u201d diyerek, her gencin umutsuzluktan \u015fik\u00e2yet\u00e7i olmas\u0131 durumundan s\u00f6z etti. Umut konusunda d\u0131\u015fa ba\u011fl\u0131 oldu\u011fumuzu ve s\u00fcrekli bir kurtar\u0131c\u0131 beklendi\u011fini ifade eden Atabeyo\u011flu, \u201cE\u011fer umut yoksa umut siz olun\u201d dedi.<\/p>\n<p>\u201cHayatta bir anlam bulam\u0131yorsan\u0131z o anlam\u0131 siz yarat\u0131n\u201d \u015feklinde konu\u015fan \u00d6zdemiro\u011flu, \u201cTek iste\u011fim vard\u0131, o da oldu. Bu okula \u00e7ok \u015fey bor\u00e7luyum, burada bize gereken her \u015feyi \u00f6\u011fretildi\u201d ifadelerini kulland\u0131.<\/p>\n<p>S\u00f6yle\u015fi, \u00f6\u011frencilerden gelen sorular\u0131n yan\u0131tlanmas\u0131n\u0131n ard\u0131ndan sona erdi.<\/p>\n","protected":false},"excerpt":{"rendered":"<p>\u201cOyuncu ve Mizah\u00e7\u0131 \u0130ki Mezun\u201d s\u00f6yle\u015fisi 24 Nisan\u2019da \u0130leti\u015fim Fak\u00fcltesi Konferans Salonu\u2019nda ger\u00e7ekle\u015ftirildi.<\/p>\n","protected":false},"author":14,"featured_media":4197,"comment_status":"open","ping_status":"open","sticky":false,"template":"","format":"standard","meta":{"jnews-multi-image_gallery":[],"jnews_single_post":[],"jnews_primary_category":[],"jnews_social_meta":[],"jnews_override_counter":[],"footnotes":""},"categories":[178,30],"tags":[348,349,347],"class_list":["post-4194","post","type-post","status-publish","format-standard","has-post-thumbnail","hentry","category-fakultemizden","category-kultur-sanat","tag-kerem-atabeyoglu","tag-oyuncu-ve-mizahci-iki-mezun","tag-vedat-ozdemiroglu"],"_links":{"self":[{"href":"https:\/\/iletim.istanbul.edu.tr\/index.php\/wp-json\/wp\/v2\/posts\/4194","targetHints":{"allow":["GET"]}}],"collection":[{"href":"https:\/\/iletim.istanbul.edu.tr\/index.php\/wp-json\/wp\/v2\/posts"}],"about":[{"href":"https:\/\/iletim.istanbul.edu.tr\/index.php\/wp-json\/wp\/v2\/types\/post"}],"author":[{"embeddable":true,"href":"https:\/\/iletim.istanbul.edu.tr\/index.php\/wp-json\/wp\/v2\/users\/14"}],"replies":[{"embeddable":true,"href":"https:\/\/iletim.istanbul.edu.tr\/index.php\/wp-json\/wp\/v2\/comments?post=4194"}],"version-history":[{"count":0,"href":"https:\/\/iletim.istanbul.edu.tr\/index.php\/wp-json\/wp\/v2\/posts\/4194\/revisions"}],"wp:featuredmedia":[{"embeddable":true,"href":"https:\/\/iletim.istanbul.edu.tr\/index.php\/wp-json\/wp\/v2\/media\/4197"}],"wp:attachment":[{"href":"https:\/\/iletim.istanbul.edu.tr\/index.php\/wp-json\/wp\/v2\/media?parent=4194"}],"wp:term":[{"taxonomy":"category","embeddable":true,"href":"https:\/\/iletim.istanbul.edu.tr\/index.php\/wp-json\/wp\/v2\/categories?post=4194"},{"taxonomy":"post_tag","embeddable":true,"href":"https:\/\/iletim.istanbul.edu.tr\/index.php\/wp-json\/wp\/v2\/tags?post=4194"}],"curies":[{"name":"wp","href":"https:\/\/api.w.org\/{rel}","templated":true}]}}