{"id":4228,"date":"2018-04-26T17:20:50","date_gmt":"2018-04-26T14:20:50","guid":{"rendered":"https:\/\/iletim.istanbul.edu.tr\/?p=4228"},"modified":"2018-04-27T10:12:38","modified_gmt":"2018-04-27T07:12:38","slug":"medya-mensubu-israrci-olmalidir","status":"publish","type":"post","link":"https:\/\/iletim.istanbul.edu.tr\/index.php\/2018\/04\/26\/medya-mensubu-israrci-olmalidir\/","title":{"rendered":"\u201cMedya Mensubu Israrc\u0131 Olmal\u0131d\u0131r\u201d"},"content":{"rendered":"<p><strong>Tu\u011f\u00e7e AY\u00c7\u0130N<\/strong><\/p>\n<p><strong>Foto\u011fraf- Ya\u011fmur Ceren KURAL\u00a0<\/strong><\/p>\n<p>Radyo programc\u0131lar\u0131 Cem Arslan ve Adem Metan, \u201cRadyo Sohbetleri\u201d etkinli\u011fi kapsam\u0131nda 26 Nisan\u2019da \u0130leti\u015fim Fak\u00fcltesi Cep Sinemas\u0131\u2019nda \u00f6\u011frencilerle bulu\u015ftu.<\/p>\n<p>Etkinlik Cem Arslan\u2019\u0131n konu\u015fmas\u0131yla ba\u015flad\u0131. Arslan, radyoculuk e\u011fitimi alan \u00f6\u011frencilerin radyo programc\u0131l\u0131\u011f\u0131 derslerine kar\u015f\u0131 ilgili olmas\u0131 gerekti\u011fini belirtti. \u201cMedya d\u00fcnyas\u0131nda tan\u0131d\u0131k birileri olmad\u0131k\u00e7a bir \u015feyler yap\u0131lamayaca\u011f\u0131 d\u00fc\u015f\u00fcncesinin yanl\u0131\u015f oldu\u011funu d\u00fc\u015f\u00fcn\u00fcyorum\u201d \u015feklinde konu\u015fan Arslan, \u0130leti\u015fim Fak\u00fcltesi \u00f6\u011frencilerinin medeni cesarete sahip olmas\u0131 gerekti\u011finin alt\u0131n\u0131 \u00e7izdi. \u201c\u0130ngilizce bilmiyorsan\u0131z bu durumdan rahats\u0131z olmal\u0131 ve gerekli at\u0131l\u0131m\u0131 yapmal\u0131s\u0131n\u0131z\u201d ifadelerini kullanan Arslan, g\u00fcn\u00fcm\u00fczde farkl\u0131l\u0131k yaratmak gerekti\u011fini ve herkesin yapt\u0131\u011f\u0131 \u015feyi yapman\u0131n takdir g\u00f6rmedi\u011fini s\u00f6yledi.<\/p>\n<p><a href=\"https:\/\/iletim.istanbul.edu.tr\/wp-content\/uploads\/DSC0469.jpg\"><img decoding=\"async\" class=\"alignnone wp-image-4229 size-large\" src=\"https:\/\/iletim.istanbul.edu.tr\/wp-content\/uploads\/DSC0469-1024x680.jpg\" alt=\"\" width=\"702\" height=\"466\" srcset=\"https:\/\/iletim.istanbul.edu.tr\/wp-content\/uploads\/DSC0469-1024x680.jpg 1024w, https:\/\/iletim.istanbul.edu.tr\/wp-content\/uploads\/DSC0469-300x199.jpg 300w, https:\/\/iletim.istanbul.edu.tr\/wp-content\/uploads\/DSC0469-768x510.jpg 768w\" sizes=\"(max-width: 702px) 100vw, 702px\" \/><\/a><strong>&#8220;Hayal Etmeden Hi\u00e7bir \u015eey Elde Edilmez&#8221;<\/strong><\/p>\n<p>Arslan, ileti\u015fim alan\u0131n\u0131n da g\u00fczel sanatlar gibi belli bir sistemle geli\u015fmesi gerekti\u011fini vurgularken, \u201cMedya ve ileti\u015fim alan\u0131nda enerjiniz olmal\u0131d\u0131r. Yoksa dersler tek ba\u015f\u0131na yeterli olmayacakt\u0131r\u201d dedi. Arslan, b\u00fct\u00fcn ku\u015faklar\u0131 etkileyecek materyalleri dinleyicilere vermek gerekti\u011fini s\u00f6ylerken ifadelerini \u015fu \u015fekilde s\u00fcrd\u00fcrd\u00fc: \u201cBa\u015far\u0131l\u0131 insanlar nas\u0131l bir yol izlemi\u015f, buna bakmak laz\u0131m. \u2018Benim di\u011fer programc\u0131lardan farkl\u0131 bir \u015fey yapmam gerekiyor\u2019 \u015feklinde d\u00fc\u015f\u00fcnerek hareket etmek gerekir. Farkl\u0131 bir \u015fey yapt\u0131\u011f\u0131n\u0131z zaman bunun kar\u015f\u0131l\u0131\u011f\u0131n\u0131 toplumda mutlak bulursunuz.\u201d Hayal etmeden bir \u015fey elde edilemeyece\u011fini s\u00f6yleyen Arslan, medya mensubunun \u0131srarc\u0131 olmas\u0131 gerekti\u011fini vurgularken, \u201cGerekli \u00e7aba sarf edilmezse, \u015fans sadece itici bir g\u00fc\u00e7 olarak kal\u0131r ve bu da yetersiz olur\u201d dedi.<\/p>\n<p><a href=\"https:\/\/iletim.istanbul.edu.tr\/wp-content\/uploads\/DSC0481.jpg\"><img decoding=\"async\" class=\"alignnone wp-image-4232 size-large\" src=\"https:\/\/iletim.istanbul.edu.tr\/wp-content\/uploads\/DSC0481-1024x680.jpg\" alt=\"\" width=\"702\" height=\"466\" srcset=\"https:\/\/iletim.istanbul.edu.tr\/wp-content\/uploads\/DSC0481-1024x680.jpg 1024w, https:\/\/iletim.istanbul.edu.tr\/wp-content\/uploads\/DSC0481-300x199.jpg 300w, https:\/\/iletim.istanbul.edu.tr\/wp-content\/uploads\/DSC0481-768x510.jpg 768w\" sizes=\"(max-width: 702px) 100vw, 702px\" \/><\/a>Arslan\u2019\u0131n ifadelerini tamamlamas\u0131n\u0131n ard\u0131ndan, Metan s\u00f6z ald\u0131. Art\u0131k herkesin bir dijital cv\u2019sinin oldu\u011funu belirten Metan, \u201cYapt\u0131\u011f\u0131n\u0131z hamleleri 5- 10 y\u0131l sonras\u0131n\u0131 hesap ederek yapmal\u0131s\u0131n\u0131z\u201d \u015feklinde konu\u015ftu. Metan, g\u00fcn\u00fcm\u00fczde her \u015feyin projeler \u00fczerinden y\u00fcr\u00fcd\u00fc\u011f\u00fcn\u00fc ifade ederek, proje yapman\u0131n \u00f6\u011frenciler i\u00e7in son derece \u00f6nemli oldu\u011funu vurgulad\u0131.<\/p>\n<p><a href=\"https:\/\/iletim.istanbul.edu.tr\/wp-content\/uploads\/DSC0479-1.jpg\"><img decoding=\"async\" class=\"alignnone wp-image-4231 size-large\" src=\"https:\/\/iletim.istanbul.edu.tr\/wp-content\/uploads\/DSC0479-1-1024x680.jpg\" alt=\"\" width=\"702\" height=\"466\" srcset=\"https:\/\/iletim.istanbul.edu.tr\/wp-content\/uploads\/DSC0479-1-1024x680.jpg 1024w, https:\/\/iletim.istanbul.edu.tr\/wp-content\/uploads\/DSC0479-1-300x199.jpg 300w, https:\/\/iletim.istanbul.edu.tr\/wp-content\/uploads\/DSC0479-1-768x510.jpg 768w\" sizes=\"(max-width: 702px) 100vw, 702px\" \/><\/a>\u201cRadyo Sohbetleri\u201d etkinli\u011fi, konu\u015fmac\u0131lar\u0131n s\u00f6zlerini tamamlamalar\u0131n\u0131n ard\u0131ndan toplu foto\u011fraf \u00e7ekimi ile sona erdi.<\/p>\n<p><a href=\"https:\/\/iletim.istanbul.edu.tr\/wp-content\/uploads\/DSC0494-1.jpg\"><img decoding=\"async\" class=\"alignnone wp-image-4233 size-large\" src=\"https:\/\/iletim.istanbul.edu.tr\/wp-content\/uploads\/DSC0494-1-1024x680.jpg\" alt=\"\" width=\"702\" height=\"466\" srcset=\"https:\/\/iletim.istanbul.edu.tr\/wp-content\/uploads\/DSC0494-1-1024x680.jpg 1024w, https:\/\/iletim.istanbul.edu.tr\/wp-content\/uploads\/DSC0494-1-300x199.jpg 300w, https:\/\/iletim.istanbul.edu.tr\/wp-content\/uploads\/DSC0494-1-768x510.jpg 768w\" sizes=\"(max-width: 702px) 100vw, 702px\" \/><\/a><\/p>\n","protected":false},"excerpt":{"rendered":"<p>Radyo programc\u0131lar\u0131 Cem Arslan ve Adem Metan, \u201cRadyo Sohbetleri\u201d etkinli\u011fi kapsam\u0131nda 26 Nisan\u2019da \u0130leti\u015fim Fak\u00fcltesi Cep Sinemas\u0131\u2019nda \u00f6\u011frencilerle bulu\u015ftu.<\/p>\n","protected":false},"author":14,"featured_media":4235,"comment_status":"open","ping_status":"open","sticky":false,"template":"","format":"standard","meta":{"jnews-multi-image_gallery":[],"jnews_single_post":[],"jnews_primary_category":[],"jnews_social_meta":[],"jnews_override_counter":[],"footnotes":""},"categories":[31],"tags":[353,352,351],"class_list":["post-4228","post","type-post","status-publish","format-standard","has-post-thumbnail","hentry","category-teknoloji","tag-adem-metan","tag-cem-arslan","tag-radyo-sohbetleri"],"_links":{"self":[{"href":"https:\/\/iletim.istanbul.edu.tr\/index.php\/wp-json\/wp\/v2\/posts\/4228","targetHints":{"allow":["GET"]}}],"collection":[{"href":"https:\/\/iletim.istanbul.edu.tr\/index.php\/wp-json\/wp\/v2\/posts"}],"about":[{"href":"https:\/\/iletim.istanbul.edu.tr\/index.php\/wp-json\/wp\/v2\/types\/post"}],"author":[{"embeddable":true,"href":"https:\/\/iletim.istanbul.edu.tr\/index.php\/wp-json\/wp\/v2\/users\/14"}],"replies":[{"embeddable":true,"href":"https:\/\/iletim.istanbul.edu.tr\/index.php\/wp-json\/wp\/v2\/comments?post=4228"}],"version-history":[{"count":0,"href":"https:\/\/iletim.istanbul.edu.tr\/index.php\/wp-json\/wp\/v2\/posts\/4228\/revisions"}],"wp:featuredmedia":[{"embeddable":true,"href":"https:\/\/iletim.istanbul.edu.tr\/index.php\/wp-json\/wp\/v2\/media\/4235"}],"wp:attachment":[{"href":"https:\/\/iletim.istanbul.edu.tr\/index.php\/wp-json\/wp\/v2\/media?parent=4228"}],"wp:term":[{"taxonomy":"category","embeddable":true,"href":"https:\/\/iletim.istanbul.edu.tr\/index.php\/wp-json\/wp\/v2\/categories?post=4228"},{"taxonomy":"post_tag","embeddable":true,"href":"https:\/\/iletim.istanbul.edu.tr\/index.php\/wp-json\/wp\/v2\/tags?post=4228"}],"curies":[{"name":"wp","href":"https:\/\/api.w.org\/{rel}","templated":true}]}}