{"id":4330,"date":"2018-05-02T16:29:13","date_gmt":"2018-05-02T13:29:13","guid":{"rendered":"https:\/\/iletim.istanbul.edu.tr\/?p=4330"},"modified":"2018-05-02T16:33:57","modified_gmt":"2018-05-02T13:33:57","slug":"sorumlu-liderler-zirvesi-duzenlendi","status":"publish","type":"post","link":"https:\/\/iletim.istanbul.edu.tr\/index.php\/2018\/05\/02\/sorumlu-liderler-zirvesi-duzenlendi\/","title":{"rendered":"Sorumlu Liderler Zirvesi D\u00fczenlendi"},"content":{"rendered":"<p><strong>Halil SA\u00c7<\/strong><\/p>\n<p>Siyasal Bilgiler Fak\u00fcltesi Sosyal Sorumluluk ve Liderlik Kul\u00fcb\u00fc taraf\u0131ndan d\u00fczenlenen Sorumlu Liderler Zirvesi 2 May\u0131s&#8217;ta Fen Fak\u00fcltesi Ord. Prof. Cemil Bilsel Konferans Salonu\u2019nda aralar\u0131nda \u00e7e\u015fitli sivil toplum kurulu\u015fu y\u00f6neticileri, i\u015f d\u00fcnyas\u0131 y\u00f6neticilerinin ve Sanat\u00e7\u0131 \u00d6zg\u00fcn\u2019\u00fcn de oldu\u011fu bir\u00e7ok ismin kat\u0131l\u0131m\u0131yla ger\u00e7ekle\u015ftirildi.<\/p>\n<p>Zirve, Siyasal Bilgiler Fak\u00fcltesi Dekan Yard\u0131mc\u0131s\u0131 Prof. Dr. Serhat Yan\u0131k\u2019\u0131n a\u00e7\u0131l\u0131\u015f konu\u015fmas\u0131yla ba\u015flad\u0131. Sosyal sorumlulu\u011fun \u00f6nemine de\u011finen ve \u00f6rnek veren Prof. Dr. Yan\u0131k, \u201cHer birinizin i\u00e7inde bir lider potansiyeli oldu\u011funu d\u00fc\u015f\u00fcn\u00fcyorum. \u00a0Kul\u00fcp olarak bug\u00fcne kadar bir\u00e7ok projeye imza att\u0131\u011f\u0131n\u0131z\u0131 g\u00f6r\u00fcyorum. Meslek hayatlar\u0131n\u0131zda da daha bir\u00e7ok projeye imza ataca\u011f\u0131n\u0131z\u0131 da biliyorum. \u2018Herkes kendini kurtar\u0131rsa \u00fclke kurtulur\u2019 felsefesinden \u2018Herkes birbirine yard\u0131m ederse toplum kurtulur\u2019 felsefesine do\u011fru y\u00fcr\u00fcy\u00fc\u015f\u00fcn daha iyi oldu\u011funu d\u00fc\u015f\u00fcn\u00fcyorum\u201d s\u00f6zlerini sarf ederek konu\u015fmas\u0131n\u0131 tamamlad\u0131.<\/p>\n<p>A\u00e7\u0131l\u0131\u015f konu\u015fmalar\u0131n\u0131n devam\u0131nda konu\u015fan kul\u00fcb\u00fcn dan\u0131\u015fman\u0131 Dr. \u00d6\u011fr. \u00dcyesi Ay\u015feg\u00fcl \u00d6zbebek Tun\u00e7, zirvenin yap\u0131lmas\u0131nda ba\u015fta kul\u00fcp ba\u015fkan\u0131 ve \u00fcyeleri olmak \u00fczere eme\u011fi ge\u00e7en herkese te\u015fekk\u00fcr edip, \u201cBug\u00fcnk\u00fc zirvenin bir ki\u015fide bile sosyal sorumluluk heyecan\u0131 olu\u015fturmas\u0131 b\u00fcy\u00fck bir \u015fey\u201d dedi.<\/p>\n<p>Zirvenin bir di\u011fer a\u00e7\u0131l\u0131\u015f konu\u015fmac\u0131s\u0131 olan Siyasal Bilgiler Fak\u00fcltesi Mezunlar\u0131 Derne\u011fi Ba\u015fkan\u0131 Av. B\u00fclent Balkan ise sosyal sorumlulu\u011fun \u00f6nemine de\u011findi. A\u00e7\u0131l\u0131\u015f konu\u015fmalar\u0131 kul\u00fcb\u00fcn ba\u015fkan\u0131 Ba\u015fkan\u0131 Gamze Karabulut\u2019un konu\u015fmas\u0131 ile tamamland\u0131.<\/p>\n<p>D\u00f6rt oturumda tamamlanan Sorumlu Liderler Zirvesi\u2019nin ilk oturumunda \u201cG\u00f6n\u00fcll\u00fc Kurulu\u015flara \u00d6zg\u00fc Liderlik\u201d konusunu Toplum G\u00f6n\u00fcll\u00fcleri Vakf\u0131 Genel M\u00fcd\u00fcr\u00fc J\u00fclide Erdo\u011fan, TEMA Vakf\u0131 \u00d6rg\u00fctlenme ve Saha Y\u00f6netimi B\u00f6l\u00fcm Ba\u015fkan Yard\u0131mc\u0131s\u0131 Zeynep Burcu \u015eahinler, G\u00f6n\u00fcll\u00fc Hizmet Vakf\u0131 Ba\u015fkan\u0131 \u0130nal Ayd\u0131no\u011flu ve Greenpeace Akdeniz Y\u00f6netim Kurulu \u00dcyesi \u0130. Renay Onur ele ald\u0131.<\/p>\n<p>Zirvenin ikinci oturumunda, \u201c\u0130\u015f D\u00fcnyas\u0131ndan Liderlik Hikayeleri\u201d ba\u015fl\u0131\u011f\u0131 alt\u0131nda; 360+ Media Interactive CEO\u2019su Zehra \u00d6nay\u00a0 ve BlaBlaCar T\u00fcrkiye \u00dclke M\u00fcd\u00fcr\u00fc Esin \u0130mer konu\u015fmac\u0131 olarak yer ald\u0131.<\/p>\n<p>Sorumlu liderlerin neler yapt\u0131\u011f\u0131, ne gibi giri\u015fimlerinin oldu\u011fu konusunun i\u015flenildi\u011fi \u00fc\u00e7\u00fcnc\u00fc oturumda Memorial Hastaneleri Medya ve \u0130leti\u015fim Direkt\u00f6r\u00fc Yeliz Soydan \u015eeng\u00fcl, &#8220;Yuvarla&#8221; isimli yard\u0131mla\u015fma sitesinin kurucusu Emre Danac\u0131 ve Coca-Cola T\u00fcrkiye S\u00fcrd\u00fcr\u00fclebilirlik ve Kurumsal Sorumluluk M\u00fcd\u00fcr\u00fc T\u00fclin Kara \u00d6zger konu\u015ftu.<\/p>\n<p>Zirvenin son oturumunda ise \u201cSpor ve Sanat D\u00fcnyas\u0131nda Sosyal Sorumluluk\u201d ba\u015fl\u0131\u011f\u0131 alt\u0131nda Radyo-Tv Programc\u0131s\u0131 ve Y\u00f6netmeni Mehmet Ayhan ve Sanat\u00e7\u0131 \u00d6zg\u00fcn g\u00f6r\u00fc\u015flerini aktard\u0131. Zirve Hayal Meyal Do\u011fa\u00e7lama Tiyatro Toplulu\u011fu\u2019nun g\u00f6sterisi ile sona erdi.<\/p>\n<div id='gallery_1' class='gallery galleryid-4330 gallery-columns-5 gallery-size-large'><figure class='gallery-item'>\n                <div class='gallery-icon landscape'>\n                    <a href='https:\/\/iletim.istanbul.edu.tr\/wp-content\/uploads\/DSC0980.jpg'><img loading=\"lazy\" decoding=\"async\" width=\"1024\" height=\"680\" src=\"\" class=\"attachment-large size-large lazyload\" alt=\"\" data-src=\"https:\/\/iletim.istanbul.edu.tr\/wp-content\/uploads\/DSC0980-1024x680.jpg\" data-sizes=\"auto\" data-srcset=\"https:\/\/iletim.istanbul.edu.tr\/wp-content\/uploads\/DSC0980-1024x680.jpg 1024w, https:\/\/iletim.istanbul.edu.tr\/wp-content\/uploads\/DSC0980-300x199.jpg 300w, https:\/\/iletim.istanbul.edu.tr\/wp-content\/uploads\/DSC0980-768x510.jpg 768w\" data-expand=\"700\" \/><\/a>\n                <\/div><\/figure><figure class='gallery-item'>\n                <div class='gallery-icon landscape'>\n                    <a href='https:\/\/iletim.istanbul.edu.tr\/wp-content\/uploads\/DSC0990.jpg'><img loading=\"lazy\" decoding=\"async\" width=\"1024\" height=\"680\" src=\"\" class=\"attachment-large size-large lazyload\" alt=\"\" data-src=\"https:\/\/iletim.istanbul.edu.tr\/wp-content\/uploads\/DSC0990-1024x680.jpg\" data-sizes=\"auto\" data-srcset=\"https:\/\/iletim.istanbul.edu.tr\/wp-content\/uploads\/DSC0990-1024x680.jpg 1024w, https:\/\/iletim.istanbul.edu.tr\/wp-content\/uploads\/DSC0990-300x199.jpg 300w, https:\/\/iletim.istanbul.edu.tr\/wp-content\/uploads\/DSC0990-768x510.jpg 768w\" data-expand=\"700\" \/><\/a>\n                <\/div><\/figure><figure class='gallery-item'>\n                <div class='gallery-icon landscape'>\n                    <a href='https:\/\/iletim.istanbul.edu.tr\/wp-content\/uploads\/DSC1007.jpg'><img loading=\"lazy\" decoding=\"async\" width=\"1024\" height=\"680\" src=\"\" class=\"attachment-large size-large lazyload\" alt=\"\" data-src=\"https:\/\/iletim.istanbul.edu.tr\/wp-content\/uploads\/DSC1007-1024x680.jpg\" data-sizes=\"auto\" data-srcset=\"https:\/\/iletim.istanbul.edu.tr\/wp-content\/uploads\/DSC1007-1024x680.jpg 1024w, https:\/\/iletim.istanbul.edu.tr\/wp-content\/uploads\/DSC1007-300x199.jpg 300w, https:\/\/iletim.istanbul.edu.tr\/wp-content\/uploads\/DSC1007-768x510.jpg 768w\" data-expand=\"700\" \/><\/a>\n                <\/div><\/figure><figure class='gallery-item'>\n                <div class='gallery-icon landscape'>\n                    <a href='https:\/\/iletim.istanbul.edu.tr\/wp-content\/uploads\/DSC1012.jpg'><img loading=\"lazy\" decoding=\"async\" width=\"1024\" height=\"680\" src=\"\" class=\"attachment-large size-large lazyload\" alt=\"\" data-src=\"https:\/\/iletim.istanbul.edu.tr\/wp-content\/uploads\/DSC1012-1024x680.jpg\" data-sizes=\"auto\" data-srcset=\"https:\/\/iletim.istanbul.edu.tr\/wp-content\/uploads\/DSC1012-1024x680.jpg 1024w, https:\/\/iletim.istanbul.edu.tr\/wp-content\/uploads\/DSC1012-300x199.jpg 300w, https:\/\/iletim.istanbul.edu.tr\/wp-content\/uploads\/DSC1012-768x510.jpg 768w\" data-expand=\"700\" \/><\/a>\n                <\/div><\/figure><figure class='gallery-item'>\n                <div class='gallery-icon landscape'>\n                    <a href='https:\/\/iletim.istanbul.edu.tr\/wp-content\/uploads\/DSC1020.jpg'><img loading=\"lazy\" decoding=\"async\" width=\"1024\" height=\"680\" src=\"\" class=\"attachment-large size-large lazyload\" alt=\"\" data-src=\"https:\/\/iletim.istanbul.edu.tr\/wp-content\/uploads\/DSC1020-1024x680.jpg\" data-sizes=\"auto\" data-srcset=\"https:\/\/iletim.istanbul.edu.tr\/wp-content\/uploads\/DSC1020-1024x680.jpg 1024w, https:\/\/iletim.istanbul.edu.tr\/wp-content\/uploads\/DSC1020-300x199.jpg 300w, https:\/\/iletim.istanbul.edu.tr\/wp-content\/uploads\/DSC1020-768x510.jpg 768w\" data-expand=\"700\" \/><\/a>\n                <\/div><\/figure><br style=\"clear: both\" \/>\n            <\/div>\n\n","protected":false},"excerpt":{"rendered":"<p>Siyasal Bilgiler Fak\u00fcltesi Sosyal Sorumluluk ve Liderlik Kul\u00fcb\u00fc taraf\u0131ndan d\u00fczenlenen Sorumlu Liderler Zirvesi 2 May\u0131s g\u00fcn\u00fc Ord. Prof. Cemil Bilsel Konferans Salonu\u2019nda aralar\u0131nda \u00e7e\u015fitli sivil toplum kurulu\u015flar\u0131 y\u00f6neticileri, i\u015f d\u00fcnyas\u0131 y\u00f6neticilerinde ve aralar\u0131nda Sanat\u00e7\u0131 \u00d6zg\u00fcn\u2019\u00fcn de oldu\u011fu bir\u00e7ok ismin kat\u0131l\u0131m\u0131yla ger\u00e7ekle\u015ftirildi.<\/p>\n","protected":false},"author":14,"featured_media":4332,"comment_status":"open","ping_status":"open","sticky":false,"template":"","format":"standard","meta":{"jnews-multi-image_gallery":[],"jnews_single_post":[],"jnews_primary_category":[],"jnews_social_meta":[],"jnews_override_counter":[],"footnotes":""},"categories":[35],"tags":[376,61,375],"class_list":["post-4330","post","type-post","status-publish","format-standard","has-post-thumbnail","hentry","category-yasam","tag-liderlik","tag-siyasal-bilgiler-fakultesi","tag-sosyal-sorumluluk"],"_links":{"self":[{"href":"https:\/\/iletim.istanbul.edu.tr\/index.php\/wp-json\/wp\/v2\/posts\/4330","targetHints":{"allow":["GET"]}}],"collection":[{"href":"https:\/\/iletim.istanbul.edu.tr\/index.php\/wp-json\/wp\/v2\/posts"}],"about":[{"href":"https:\/\/iletim.istanbul.edu.tr\/index.php\/wp-json\/wp\/v2\/types\/post"}],"author":[{"embeddable":true,"href":"https:\/\/iletim.istanbul.edu.tr\/index.php\/wp-json\/wp\/v2\/users\/14"}],"replies":[{"embeddable":true,"href":"https:\/\/iletim.istanbul.edu.tr\/index.php\/wp-json\/wp\/v2\/comments?post=4330"}],"version-history":[{"count":0,"href":"https:\/\/iletim.istanbul.edu.tr\/index.php\/wp-json\/wp\/v2\/posts\/4330\/revisions"}],"wp:featuredmedia":[{"embeddable":true,"href":"https:\/\/iletim.istanbul.edu.tr\/index.php\/wp-json\/wp\/v2\/media\/4332"}],"wp:attachment":[{"href":"https:\/\/iletim.istanbul.edu.tr\/index.php\/wp-json\/wp\/v2\/media?parent=4330"}],"wp:term":[{"taxonomy":"category","embeddable":true,"href":"https:\/\/iletim.istanbul.edu.tr\/index.php\/wp-json\/wp\/v2\/categories?post=4330"},{"taxonomy":"post_tag","embeddable":true,"href":"https:\/\/iletim.istanbul.edu.tr\/index.php\/wp-json\/wp\/v2\/tags?post=4330"}],"curies":[{"name":"wp","href":"https:\/\/api.w.org\/{rel}","templated":true}]}}