{"id":4482,"date":"2018-05-08T11:41:31","date_gmt":"2018-05-08T08:41:31","guid":{"rendered":"https:\/\/iletim.istanbul.edu.tr\/?p=4482"},"modified":"2018-05-10T15:34:38","modified_gmt":"2018-05-10T12:34:38","slug":"avrupa-birligi-ile-iliskimiz-daima-surecek","status":"publish","type":"post","link":"https:\/\/iletim.istanbul.edu.tr\/index.php\/2018\/05\/08\/avrupa-birligi-ile-iliskimiz-daima-surecek\/","title":{"rendered":"\u201cAvrupa Birli\u011fi ile \u0130li\u015fkimiz Daima S\u00fcrecek\u201d"},"content":{"rendered":"<p><strong>Ya\u011fmur Ceren KURAL<\/strong><\/p>\n<p>D\u0131\u015f Politika Seminerleri kapsam\u0131nda d\u00fczenlenen \u201cD\u00fcnden Bug\u00fcne T\u00fcrkiye-Avrupa Birli\u011fi \u0130li\u015fkileri\u201d semineri \u0130leti\u015fim Fak\u00fcltesi Konferans Salonu\u2019nda ger\u00e7ekle\u015fti. Moderat\u00f6rl\u00fc\u011f\u00fcn\u00fc \u0130leti\u015fim Fak\u00fcltesi Gazetecilik B\u00f6l\u00fcm\u00fc \u00d6\u011fretim \u00dcyesi Do\u00e7. Dr. Meltem Bostanc\u0131\u2019n\u0131n yapt\u0131\u011f\u0131 seminere, Avrupa Birli\u011fi Bakanl\u0131\u011f\u0131 M\u00fcste\u015far\u0131 B\u00fcy\u00fckel\u00e7i Selim Yenel konuk oldu.<\/p>\n<p>A\u00e7\u0131l\u0131\u015f konu\u015fmas\u0131n\u0131 ger\u00e7ekle\u015ftiren Do\u00e7. Dr. Bostanc\u0131, T\u00fcrkiye i\u00e7in Avrupa Birli\u011fi (AB) yolunu karanl\u0131k bir t\u00fcnel olarak g\u00f6rd\u00fc\u011f\u00fcn\u00fc belirterek, T\u00fcrkiye\u2019yi de bu yoldaki araca benzeten bir tan\u0131mlama yapt\u0131. Bu t\u00fcnelden ne zaman \u00e7\u0131k\u0131laca\u011f\u0131n\u0131n bilinmedi\u011fini, t\u00fcnelin sonunun g\u00f6r\u00fclemedi\u011fini belirten Bostanc\u0131, \u00fcstelik t\u00fcnelin yeterince ayd\u0131nlat\u0131lmad\u0131\u011f\u0131n\u0131, bu y\u00fczden T\u00fcrkiye\u2019nin ilerisini g\u00f6remedi\u011fini ve a\u011f\u0131r aksak bu yolda ilerlemeye \u00e7al\u0131\u015ft\u0131\u011f\u0131n\u0131 dile getirdi: \u00a0\u201cGe\u00e7mi\u015ften g\u00fcn\u00fcm\u00fcze AB ile ili\u015fkilerimize bakt\u0131\u011f\u0131m\u0131zda, T\u00fcrkiye\u2019nin y\u0131llard\u0131r bekleme odas\u0131nda bekletildi\u011fini s\u00f6yleyebilirim. Avrupa Birli\u011fi\u2019nin kap\u0131lar\u0131 bize hi\u00e7bir zaman ard\u0131na kadar a\u00e7\u0131k olmad\u0131. Biz darac\u0131k bir kap\u0131dan girmeye \u00e7al\u0131\u015f\u0131yoruz. Ard\u0131na kadar a\u00e7\u0131lmamas\u0131n\u0131n nedenini ideolojik, k\u00fclt\u00fcrel ve dini farkl\u0131l\u0131klar olarak g\u00f6r\u00fcyorum. Bu nedenle bu kap\u0131 bize hi\u00e7bir zaman ard\u0131na kadar a\u00e7\u0131k olmayacak. Ama tamamen de kapanmayacak bu kap\u0131\u2026 Kapanmamas\u0131n\u0131n nedeni ise T\u00fcrkiye\u2019nin jeopolitik ve jeostratejik konumudur. Bu nedenle T\u00fcrkiye AB taraf\u0131ndan tamamen g\u00f6zden \u00e7\u0131kar\u0131lamaz\u201d dedi.<\/p>\n<p>Do\u00e7. Dr. Bostanc\u0131\u2019n\u0131n ard\u0131ndan s\u00f6z alan B\u00fcy\u00fckel\u00e7i Selim Yenel, So\u011fuk Sava\u015f sonras\u0131nda T\u00fcrkiye\u2019nin Avrupa kurumlar\u0131n\u0131n t\u00fcm\u00fcne d\u00e2hil oldu\u011funu s\u00f6yleyerek, \u201c1974\u2019te K\u0131br\u0131s \u00e7\u0131kartmas\u0131ndan sonra Yunanistan demokrasiye ad\u0131m att\u0131 ve Avrupa Birli\u011fi\u2019ne ba\u015fvurdu. Biz ba\u015fvurmad\u0131k. Yunanistan d\u00e2hil oldu\u011fu halde T\u00fcrkiye dahil olmad\u0131 ve o tarihte makas ayr\u0131ld\u0131. Bu Cumhuriyet tarihinin en b\u00fcy\u00fck hatas\u0131d\u0131r\u201d \u015feklinde konu\u015ftu.<\/p>\n<p>AB ile ili\u015fkilerimizin hep ini\u015fli \u00e7\u0131k\u0131\u015fl\u0131 oldu\u011funu kaydeden Yenel, \u201c2005\u2019te sonunda \u00fcye aday\u0131 olduk ama AB art\u0131k \u00e7ok geni\u015flemi\u015fti ve yeni engeller olu\u015fmaya ba\u015flam\u0131\u015ft\u0131\u201d dedi. AB ile ili\u015fkilerde temel unsurun m\u00fczakere s\u00fcreci oldu\u011funu bildiren Yenel, Avrupa \u00fclkeleriyle \u00fcyelik olsun ya da olmas\u0131n ili\u015fkilerimizin daima s\u00fcrece\u011fini ifade etti.<\/p>\n<p>\u00dcyeli\u011fimizin hem T\u00fcrkiye\u2019nin hem de AB\u2019nin de\u011fi\u015fmesiyle m\u00fcmk\u00fcn olaca\u011f\u0131n\u0131 dile getiren Yenel, \u201cS\u00f6z sahipli\u011fi n\u00fcfusla ilgili. T\u00fcrkiye 10-20 milyonluk n\u00fcfusa sahip bir \u00fclke olsayd\u0131 belki daha \u00e7abuk kabul edilebilirdi. 70-80 milyonluk bir \u00fclkeyiz ve masada ciddi bir s\u00f6z sahibi olaca\u011f\u0131z ve bu durum da AB i\u00e7in olumsuz bir fakt\u00f6r\u201d dedi. AB\u2019de her \u00fclkenin bizim kar\u015f\u0131m\u0131zda olmad\u0131\u011f\u0131n\u0131 a\u00e7\u0131klayan Yenel, \u201cBizim \u00fcye olmam\u0131z\u0131 isteyen \u00fclkeler de mevcut. Mesela bizi \u015fu ana kadar her zaman destekleyen \u00fclke \u0130ngiltere olmu\u015ftur\u201d \u015feklinde konu\u015ftu.<\/p>\n<p>AB\u2019ye kabul edilirsek psikolojik bir rahatl\u0131\u011fa girece\u011fimizi a\u00e7\u0131klayan Yenel, \u201cAB\u2019ye sonunda \u00fcye olmasak da kat etti\u011fimiz yol bize yarar sa\u011flayacak. \u00d6nemli olan T\u00fcrkiye\u2019nin m\u00fcnhas\u0131r devletler d\u00fczeyine ula\u015fabilmesidir\u201d dedi.<\/p>\n<p>Etkinlik sonunda B\u00fcy\u00fckel\u00e7i Selim Yenel\u2019e \u0130leti\u015fim Fak\u00fcltesi Gazetecilik B\u00f6l\u00fcm Ba\u015fkan\u0131 Prof. Dr. Murat \u00d6zgen taraf\u0131ndan \u0130stanbul \u00dcniversitesi rozeti, Do\u00e7. Dr. Meltem Bostanc\u0131 taraf\u0131ndan da te\u015fekk\u00fcr belgesi takdim edildi.<\/p>\n<div id='gallery_1' class='gallery galleryid-4482 gallery-columns-4 gallery-size-large'><figure class='gallery-item'>\n                <div class='gallery-icon landscape'>\n                    <a href='https:\/\/iletim.istanbul.edu.tr\/wp-content\/uploads\/DSC0605.jpg'><img loading=\"lazy\" decoding=\"async\" width=\"1024\" height=\"680\" src=\"\" class=\"attachment-large size-large lazyload\" alt=\"\" data-src=\"https:\/\/iletim.istanbul.edu.tr\/wp-content\/uploads\/DSC0605-1024x680.jpg\" data-sizes=\"auto\" data-srcset=\"https:\/\/iletim.istanbul.edu.tr\/wp-content\/uploads\/DSC0605-1024x680.jpg 1024w, https:\/\/iletim.istanbul.edu.tr\/wp-content\/uploads\/DSC0605-300x199.jpg 300w, https:\/\/iletim.istanbul.edu.tr\/wp-content\/uploads\/DSC0605-768x510.jpg 768w\" data-expand=\"700\" \/><\/a>\n                <\/div><\/figure><figure class='gallery-item'>\n                <div class='gallery-icon landscape'>\n                    <a href='https:\/\/iletim.istanbul.edu.tr\/wp-content\/uploads\/DSC0639.jpg'><img loading=\"lazy\" decoding=\"async\" width=\"1024\" height=\"680\" src=\"\" class=\"attachment-large size-large lazyload\" alt=\"\" data-src=\"https:\/\/iletim.istanbul.edu.tr\/wp-content\/uploads\/DSC0639-1024x680.jpg\" data-sizes=\"auto\" data-srcset=\"https:\/\/iletim.istanbul.edu.tr\/wp-content\/uploads\/DSC0639-1024x680.jpg 1024w, https:\/\/iletim.istanbul.edu.tr\/wp-content\/uploads\/DSC0639-300x199.jpg 300w, https:\/\/iletim.istanbul.edu.tr\/wp-content\/uploads\/DSC0639-768x510.jpg 768w\" data-expand=\"700\" \/><\/a>\n                <\/div><\/figure><figure class='gallery-item'>\n                <div class='gallery-icon landscape'>\n                    <a href='https:\/\/iletim.istanbul.edu.tr\/wp-content\/uploads\/DSC0632.jpg'><img loading=\"lazy\" decoding=\"async\" width=\"1024\" height=\"680\" src=\"\" class=\"attachment-large size-large lazyload\" alt=\"\" data-src=\"https:\/\/iletim.istanbul.edu.tr\/wp-content\/uploads\/DSC0632-1024x680.jpg\" data-sizes=\"auto\" data-srcset=\"https:\/\/iletim.istanbul.edu.tr\/wp-content\/uploads\/DSC0632-1024x680.jpg 1024w, https:\/\/iletim.istanbul.edu.tr\/wp-content\/uploads\/DSC0632-300x199.jpg 300w, https:\/\/iletim.istanbul.edu.tr\/wp-content\/uploads\/DSC0632-768x510.jpg 768w\" data-expand=\"700\" \/><\/a>\n                <\/div><\/figure><figure class='gallery-item'>\n                <div class='gallery-icon landscape'>\n                    <a href='https:\/\/iletim.istanbul.edu.tr\/wp-content\/uploads\/DSC0614.jpg'><img loading=\"lazy\" decoding=\"async\" width=\"1024\" height=\"680\" src=\"\" class=\"attachment-large size-large lazyload\" alt=\"\" data-src=\"https:\/\/iletim.istanbul.edu.tr\/wp-content\/uploads\/DSC0614-1024x680.jpg\" data-sizes=\"auto\" data-srcset=\"https:\/\/iletim.istanbul.edu.tr\/wp-content\/uploads\/DSC0614-1024x680.jpg 1024w, https:\/\/iletim.istanbul.edu.tr\/wp-content\/uploads\/DSC0614-300x199.jpg 300w, https:\/\/iletim.istanbul.edu.tr\/wp-content\/uploads\/DSC0614-768x510.jpg 768w\" data-expand=\"700\" \/><\/a>\n                <\/div><\/figure><br style=\"clear: both\" \/>\n            <\/div>\n\n","protected":false},"excerpt":{"rendered":"<p>D\u0131\u015f Politika Seminerleri kapsam\u0131nda d\u00fczenlenen D\u00fcnden Bug\u00fcne T\u00fcrkiye-Avrupa Birli\u011fi \u0130li\u015fkileri semineri \u0130leti\u015fim Fak\u00fcltesi Konferans Salonu\u2019nda ger\u00e7ekle\u015fti.<\/p>\n","protected":false},"author":14,"featured_media":4490,"comment_status":"open","ping_status":"open","sticky":false,"template":"","format":"standard","meta":{"jnews-multi-image_gallery":[],"jnews_single_post":[],"jnews_primary_category":[],"jnews_social_meta":[],"jnews_override_counter":[],"footnotes":""},"categories":[178],"tags":[396,397,395],"class_list":["post-4482","post","type-post","status-publish","format-standard","has-post-thumbnail","hentry","category-fakultemizden","tag-avrupa-birligi","tag-doc-dr-meltem-bostanci","tag-selim-yenel"],"_links":{"self":[{"href":"https:\/\/iletim.istanbul.edu.tr\/index.php\/wp-json\/wp\/v2\/posts\/4482","targetHints":{"allow":["GET"]}}],"collection":[{"href":"https:\/\/iletim.istanbul.edu.tr\/index.php\/wp-json\/wp\/v2\/posts"}],"about":[{"href":"https:\/\/iletim.istanbul.edu.tr\/index.php\/wp-json\/wp\/v2\/types\/post"}],"author":[{"embeddable":true,"href":"https:\/\/iletim.istanbul.edu.tr\/index.php\/wp-json\/wp\/v2\/users\/14"}],"replies":[{"embeddable":true,"href":"https:\/\/iletim.istanbul.edu.tr\/index.php\/wp-json\/wp\/v2\/comments?post=4482"}],"version-history":[{"count":0,"href":"https:\/\/iletim.istanbul.edu.tr\/index.php\/wp-json\/wp\/v2\/posts\/4482\/revisions"}],"wp:featuredmedia":[{"embeddable":true,"href":"https:\/\/iletim.istanbul.edu.tr\/index.php\/wp-json\/wp\/v2\/media\/4490"}],"wp:attachment":[{"href":"https:\/\/iletim.istanbul.edu.tr\/index.php\/wp-json\/wp\/v2\/media?parent=4482"}],"wp:term":[{"taxonomy":"category","embeddable":true,"href":"https:\/\/iletim.istanbul.edu.tr\/index.php\/wp-json\/wp\/v2\/categories?post=4482"},{"taxonomy":"post_tag","embeddable":true,"href":"https:\/\/iletim.istanbul.edu.tr\/index.php\/wp-json\/wp\/v2\/tags?post=4482"}],"curies":[{"name":"wp","href":"https:\/\/api.w.org\/{rel}","templated":true}]}}