{"id":4735,"date":"2018-05-23T13:39:38","date_gmt":"2018-05-23T10:39:38","guid":{"rendered":"https:\/\/iletim.istanbul.edu.tr\/?p=4735"},"modified":"2018-05-29T13:29:47","modified_gmt":"2018-05-29T10:29:47","slug":"tatarli-hoyuk-kazisindaki-kadin-muhru-pati","status":"publish","type":"post","link":"https:\/\/iletim.istanbul.edu.tr\/index.php\/2018\/05\/23\/tatarli-hoyuk-kazisindaki-kadin-muhru-pati\/","title":{"rendered":"Tatarl\u0131 H\u00f6y\u00fck Kaz\u0131s\u0131ndaki Kad\u0131n M\u00fchr\u00fc: Pati"},"content":{"rendered":"<p><strong>Beste BUDAN<\/strong><\/p>\n<p>K\u00fclt\u00fcr ve Turizm Bakanl\u0131\u011f\u0131, K\u00fclt\u00fcr Varl\u0131klar\u0131 ve M\u00fczeler Genel M\u00fcd\u00fcrl\u00fc\u011f\u00fc, Adana B\u00fcy\u00fck\u015fehir Belediyesi ve \u00c7ukurova \u00dcniversitesi\u2019nin katk\u0131lar\u0131yla s\u00fcrd\u00fcr\u00fclen Tatarl\u0131 H\u00f6y\u00fck kaz\u0131 \u00e7al\u0131\u015fmalar\u0131nda an\u0131tsal bir yap\u0131da kil topa\u011f\u0131 bulundu. Bu kil topa\u011f\u0131n\u0131n \u00fczerinde bulunan m\u00fch\u00fcr bask\u0131lar\u0131nda Hititler D\u00f6nemi\u2019ne ait bir kad\u0131n ad\u0131na rastland\u0131.<\/p>\n<p>Tatarl\u0131 H\u00f6y\u00fck kaz\u0131s\u0131n\u0131n Heyet \u00dcyesi ve Filolo\u011fu, \u0130stanbul \u00dcniversitesi Edebiyat Fak\u00fcltesi Hititoloji Anabilim Dal\u0131 Ba\u015fkan\u0131 Dr. \u00d6\u011fr. \u00dcyesi Meltem Do\u011fan Alparslan, m\u00fch\u00fcr bask\u0131s\u0131ndaki ismi okuyarak bu eseri M.\u00d6.13.yy\u2019a, yani Hitit D\u00f6nemi Krallar\u0131ndan III. Hattu\u015fili\u2019nin e\u015fi ve Kizzuvatnal\u0131 bir rahibin k\u0131z\u0131 olan \u00fcnl\u00fc Hitit Krali\u00e7esi Puduhepa\u2019n\u0131n da ya\u015fad\u0131\u011f\u0131 d\u00f6neme tarihledi. Tatarl\u0131 H\u00f6y\u00fck kaz\u0131lar\u0131n\u0131n, 2005 y\u0131l\u0131ndan beri devam eden \u00e7ok gen\u00e7 bir kaz\u0131 oldu\u011funu s\u00f6yleyen Dr. \u00d6\u011fr. \u00dcyesi Do\u011fan Alparslan, kaz\u0131 ekibine kaz\u0131 heyet \u00fcyesi ve Hititolog olarak 2016 y\u0131l\u0131nda kat\u0131ld\u0131\u011f\u0131n\u0131 belirtti.<\/p>\n<p>Hititler D\u00f6neminde, Kizzuvatna b\u00f6lgesinin \u00f6nemli bir k\u00fclt\u00fcr merkezi oldu\u011funu belirten Dr. \u00d6\u011fr. \u00dcyesi Do\u011fan Alparslan, \u201cTatarl\u0131 H\u00f6y\u00fck\u2019\u00fcn bulundu\u011fu b\u00f6lge, \u00e7e\u015fitli d\u00f6nemlerde k\u00fclt\u00fcr ve din merkezi olarak kar\u015f\u0131m\u0131za \u00e7\u0131kar. \u00d6zellikle Hititler d\u00f6neminde, Kizzuvatna b\u00f6lgesi \u00f6nemli bir ge\u00e7i\u015f noktas\u0131 olarak kullan\u0131lm\u0131\u015f, \u00e7ok k\u00fclt\u00fcrl\u00fc bir co\u011frafyad\u0131r. \u00d6zellikle Hitit co\u011frafyas\u0131nda, farkl\u0131 k\u00fclt\u00fcrlerin entegrasyonu, farkl\u0131 k\u00fclt\u00fcrlerin bir arada ya\u015fam\u0131\u015f olmas\u0131n\u0131n yans\u0131malar\u0131n\u0131 arkeolojik eserlerde ve yaz\u0131l\u0131 belgelerde g\u00f6r\u00fcyoruz\u201d dedi.<\/p>\n<p><strong>\u00a0\u201cM\u00fch\u00fcr Bask\u0131s\u0131nda Pati Ad\u0131nda Bir Kad\u0131n Ad\u0131\u201d<\/strong><\/p>\n<p>Dr. \u00d6\u011fr. \u00dcyesi Do\u011fan Alparslan, kad\u0131na ait bir m\u00fch\u00fcr bask\u0131s\u0131n\u0131n en son olan kaz\u0131lar i\u00e7erisinde bulundu\u011funu kaydederek kad\u0131n m\u00fch\u00fcrlerinin ve kad\u0131n m\u00fch\u00fcr bask\u0131lar\u0131n\u0131n az\u0131nl\u0131kta oldu\u011funa vurgu yapt\u0131. Dr. \u00d6\u011fr. \u00dcyesi Do\u011fan Alparslan, \u201cS\u00f6z konusu m\u00fch\u00fcr, Pati ad\u0131n\u0131 ta\u015f\u0131yan bir kad\u0131n\u0131n, b\u00f6lgede n\u00fcfuzlu biri oldu\u011funu ya da \u00f6nemli pozisyonda bir g\u00f6revli olabilece\u011fini d\u00fc\u015f\u00fcn\u00fcyoruz. M\u00fch\u00fcr bask\u0131s\u0131n\u0131n bulundu\u011fu arkeolojik buluntular da g\u00f6z \u00f6n\u00fcnde bulunduruldu\u011funda, Pati\u2019nin dini bir g\u00f6revli olabilece\u011fini ve acaba majik rit\u00fcelleri y\u00f6neten, \u015fifa yetene\u011fine sahip olan ve \u00e7ivi yaz\u0131l\u0131 metinlerde ge\u00e7en biri mi oldu\u011funu sormam\u0131za neden olmaktad\u0131r. Tatarl\u0131 H\u00f6y\u00fck kaz\u0131lar\u0131nda bulunacak yeni veriler ile sorular\u0131m\u0131z\u0131 cevapland\u0131rabilece\u011fimize inan\u0131yorum\u201d dedi.<\/p>\n<p>Buluntunun \u00fc\u00e7\u00fcnc\u00fc Hattu\u015fili\u2019nin e\u015fi Krali\u00e7e Puduhepa d\u00f6nemine ait olabilece\u011fini aktaran Dr. \u00d6\u011fr. \u00dcyesi Do\u011fan Alparslan, \u201cTabi bunu kesin bir dille s\u00f6ylemek m\u00fcmk\u00fcn de\u011fil. Biz bu pati ad\u0131n\u0131 \u015fimdiye kadar tarad\u0131\u011f\u0131m\u0131z di\u011fer Kizzuvatna b\u00f6lgesiyle alakal\u0131 Macit rit\u00fcel metinlerinde ya da bir tak\u0131m fal ve kehanet m\u00fch\u00fcrlerinde ismine rastlamad\u0131k. Ama Pati ad\u0131 belgelenmi\u015f. Hatta \u00f6yle belgelenmi\u015f pati isimleri var ki bunlar \u00fc\u00e7\u00fcnc\u00fc Hattu\u015fili ve e\u015fi Puduhepa tarihlerine denk geliyor\u201d \u015feklinde konu\u015ftu.<\/p>\n<div id='gallery_1' class='gallery galleryid-4735 gallery-columns-3 gallery-size-large'><figure class='gallery-item'>\n                <div class='gallery-icon landscape'>\n                    <a href='https:\/\/iletim.istanbul.edu.tr\/wp-content\/uploads\/tatarl\u0131_kaz\u0131s\u0131-22.jpg'><img loading=\"lazy\" decoding=\"async\" width=\"1024\" height=\"683\" src=\"\" class=\"attachment-large size-large lazyload\" alt=\"\" data-src=\"https:\/\/iletim.istanbul.edu.tr\/wp-content\/uploads\/tatarl\u0131_kaz\u0131s\u0131-22-1024x683.jpg\" data-sizes=\"auto\" data-srcset=\"https:\/\/iletim.istanbul.edu.tr\/wp-content\/uploads\/tatarl\u0131_kaz\u0131s\u0131-22-1024x683.jpg 1024w, https:\/\/iletim.istanbul.edu.tr\/wp-content\/uploads\/tatarl\u0131_kaz\u0131s\u0131-22-300x200.jpg 300w, https:\/\/iletim.istanbul.edu.tr\/wp-content\/uploads\/tatarl\u0131_kaz\u0131s\u0131-22-768x512.jpg 768w, https:\/\/iletim.istanbul.edu.tr\/wp-content\/uploads\/tatarl\u0131_kaz\u0131s\u0131-22.jpg 1500w\" data-expand=\"700\" \/><\/a>\n                <\/div><\/figure><figure class='gallery-item'>\n                <div class='gallery-icon landscape'>\n                    <a href='https:\/\/iletim.istanbul.edu.tr\/wp-content\/uploads\/Resim17.jpg'><img loading=\"lazy\" decoding=\"async\" width=\"1024\" height=\"753\" src=\"\" class=\"attachment-large size-large lazyload\" alt=\"\" data-src=\"https:\/\/iletim.istanbul.edu.tr\/wp-content\/uploads\/Resim17-1024x753.jpg\" data-sizes=\"auto\" data-srcset=\"https:\/\/iletim.istanbul.edu.tr\/wp-content\/uploads\/Resim17-1024x753.jpg 1024w, https:\/\/iletim.istanbul.edu.tr\/wp-content\/uploads\/Resim17-300x221.jpg 300w, https:\/\/iletim.istanbul.edu.tr\/wp-content\/uploads\/Resim17-768x565.jpg 768w, https:\/\/iletim.istanbul.edu.tr\/wp-content\/uploads\/Resim17.jpg 1213w\" data-expand=\"700\" \/><\/a>\n                <\/div><\/figure><figure class='gallery-item'>\n                <div class='gallery-icon landscape'>\n                    <a href='https:\/\/iletim.istanbul.edu.tr\/wp-content\/uploads\/DSC_0076.jpg'><img loading=\"lazy\" decoding=\"async\" width=\"500\" height=\"332\" src=\"\" class=\"attachment-large size-large lazyload\" alt=\"\" data-src=\"https:\/\/iletim.istanbul.edu.tr\/wp-content\/uploads\/DSC_0076.jpg\" data-sizes=\"auto\" data-srcset=\"https:\/\/iletim.istanbul.edu.tr\/wp-content\/uploads\/DSC_0076.jpg 500w, https:\/\/iletim.istanbul.edu.tr\/wp-content\/uploads\/DSC_0076-300x199.jpg 300w\" data-expand=\"700\" \/><\/a>\n                <\/div><\/figure><br style=\"clear: both\" \/>\n            <\/div>\n\n","protected":false},"excerpt":{"rendered":"<p>K\u00fclt\u00fcr ve Turizm Bakanl\u0131\u011f\u0131, K\u00fclt\u00fcr Varl\u0131klar\u0131 ve M\u00fczeler Genel M\u00fcd\u00fcrl\u00fc\u011f\u00fc, Adana B\u00fcy\u00fck\u015fehir Belediyesi ve \u00c7ukurova \u00dcniversitesi\u2019nin katk\u0131lar\u0131yla s\u00fcrd\u00fcr\u00fclen Tatarl\u0131 H\u00f6y\u00fck kaz\u0131 \u00e7al\u0131\u015fmalar\u0131nda an\u0131tsal bir yap\u0131da kil topa\u011f\u0131 bulundu. Bu kil topa\u011f\u0131n\u0131n \u00fczerinde bulunan m\u00fch\u00fcr bask\u0131lar\u0131nda Hititler D\u00f6nemi\u2019ne ait bir kad\u0131n ad\u0131na rastland\u0131.<\/p>\n","protected":false},"author":14,"featured_media":4736,"comment_status":"open","ping_status":"open","sticky":false,"template":"","format":"standard","meta":{"jnews-multi-image_gallery":[],"jnews_single_post":[],"jnews_primary_category":[],"jnews_social_meta":[],"jnews_override_counter":[],"footnotes":""},"categories":[35],"tags":[],"class_list":["post-4735","post","type-post","status-publish","format-standard","has-post-thumbnail","hentry","category-yasam"],"_links":{"self":[{"href":"https:\/\/iletim.istanbul.edu.tr\/index.php\/wp-json\/wp\/v2\/posts\/4735","targetHints":{"allow":["GET"]}}],"collection":[{"href":"https:\/\/iletim.istanbul.edu.tr\/index.php\/wp-json\/wp\/v2\/posts"}],"about":[{"href":"https:\/\/iletim.istanbul.edu.tr\/index.php\/wp-json\/wp\/v2\/types\/post"}],"author":[{"embeddable":true,"href":"https:\/\/iletim.istanbul.edu.tr\/index.php\/wp-json\/wp\/v2\/users\/14"}],"replies":[{"embeddable":true,"href":"https:\/\/iletim.istanbul.edu.tr\/index.php\/wp-json\/wp\/v2\/comments?post=4735"}],"version-history":[{"count":0,"href":"https:\/\/iletim.istanbul.edu.tr\/index.php\/wp-json\/wp\/v2\/posts\/4735\/revisions"}],"wp:featuredmedia":[{"embeddable":true,"href":"https:\/\/iletim.istanbul.edu.tr\/index.php\/wp-json\/wp\/v2\/media\/4736"}],"wp:attachment":[{"href":"https:\/\/iletim.istanbul.edu.tr\/index.php\/wp-json\/wp\/v2\/media?parent=4735"}],"wp:term":[{"taxonomy":"category","embeddable":true,"href":"https:\/\/iletim.istanbul.edu.tr\/index.php\/wp-json\/wp\/v2\/categories?post=4735"},{"taxonomy":"post_tag","embeddable":true,"href":"https:\/\/iletim.istanbul.edu.tr\/index.php\/wp-json\/wp\/v2\/tags?post=4735"}],"curies":[{"name":"wp","href":"https:\/\/api.w.org\/{rel}","templated":true}]}}