{"id":4748,"date":"2018-05-21T12:57:18","date_gmt":"2018-05-21T09:57:18","guid":{"rendered":"https:\/\/iletim.istanbul.edu.tr\/?p=4748"},"modified":"2018-05-21T12:57:18","modified_gmt":"2018-05-21T09:57:18","slug":"turkiye-soy-bilgisini-arastiriyor","status":"publish","type":"post","link":"https:\/\/iletim.istanbul.edu.tr\/index.php\/2018\/05\/21\/turkiye-soy-bilgisini-arastiriyor\/","title":{"rendered":"T\u00fcrkiye Soy Bilgisini Ara\u015ft\u0131r\u0131yor"},"content":{"rendered":"<p><strong>Neslihan KALKAN<\/strong><\/p>\n<p>N\u00fcfus ve Vatanda\u015fl\u0131k \u0130\u015fleri Genel M\u00fcd\u00fcrl\u00fc\u011f\u00fc taraf\u0131ndan sunulan Alt-\u00dcst Soy Bilgisi Sorgulama hizmeti ile birlikte vatanda\u015flar 1800&#8217;l\u00fc y\u0131llara kadar soy k\u00fct\u00fcklerine eri\u015febiliyorlar. Bir\u00e7ok vatanda\u015f taraf\u0131ndan ilgi g\u00f6ren hizmet ile ilgili konu\u015fan \u0130leti\u015fim Fak\u00fcltesi \u00d6\u011fretim \u00dcyesi Do\u00e7. Dr. U\u011fur G\u00fcnd\u00fcz konu hakk\u0131nda \u00f6nemli noktalara de\u011findi.<\/p>\n<p>Son g\u00fcnlerde e-devlet sitesinden soy a\u011fac\u0131 sorgulama ile ilgili bas\u0131nda bir\u00e7ok haberin yer ald\u0131\u011f\u0131ndan bahseden Do\u00e7. Dr. G\u00fcnd\u00fcz ilk \u00f6nce bunun toplumsal yap\u0131 ve ya\u015fan\u0131lan co\u011frafya ile ba\u011flant\u0131s\u0131n\u0131n kurulmas\u0131 gerekti\u011fini anlatt\u0131.<\/p>\n<p>T\u00fcrkiye&#8217;nin geni\u015f ve kitlesel g\u00f6\u00e7 hareketlerinin yo\u011fun oldu\u011fu bir konumda oldu\u011funu ifadelerine ekleyen Do\u00e7. Dr. G\u00fcnd\u00fcz, &#8220;B\u00f6ylesine hareketli bir konarg\u00f6\u00e7er toplumsal yap\u0131n\u0131n oldu\u011fu yerde haliyle \u00e7ok s\u0131k yer de\u011fi\u015ftirmelerin ya\u015fand\u0131\u011f\u0131 ailelerin \u00e7ok geni\u015f farkl\u0131 b\u00f6lgelerden, co\u011frafyalardan kentlerden bir araya geldi\u011fi bir pop\u00fclasyona sahibiz&#8221; dedi. Do\u00e7. Dr. G\u00fcnd\u00fcz bu durumun insanlar\u0131n soy k\u00fct\u00fcklerini merak etmesine neden oldu\u011funa de\u011finerek, konmak ve g\u00f6\u00e7mek kelimelerinin k\u00fclt\u00fcr\u00fcm\u00fczde \u00e7ok geni\u015f anlamlara geldi\u011fini belirtti.<\/p>\n<p><a href=\"https:\/\/iletim.istanbul.edu.tr\/wp-content\/uploads\/DSC_0090.jpg\"><img decoding=\"async\" class=\"alignnone wp-image-4750 size-large\" src=\"https:\/\/iletim.istanbul.edu.tr\/wp-content\/uploads\/DSC_0090-1024x683.jpg\" alt=\"\" width=\"702\" height=\"468\" srcset=\"https:\/\/iletim.istanbul.edu.tr\/wp-content\/uploads\/DSC_0090-1024x683.jpg 1024w, https:\/\/iletim.istanbul.edu.tr\/wp-content\/uploads\/DSC_0090-300x200.jpg 300w, https:\/\/iletim.istanbul.edu.tr\/wp-content\/uploads\/DSC_0090-768x512.jpg 768w\" sizes=\"(max-width: 702px) 100vw, 702px\" \/><\/a><\/p>\n<p><strong>\u201c\u00c7ocuk Sahibi Oldu\u011funuzda Bir Eser B\u0131rakm\u0131\u015f Gibi Oluyorsunuz\u201d<\/strong><\/p>\n<p>Do\u00e7. Dr. G\u00fcnd\u00fcz konu ile ilgili psikanalitik bir bak\u0131\u015f a\u00e7\u0131s\u0131yla bakan uzmanlar\u0131n durumu \u015fu \u015fekilde a\u00e7\u0131klad\u0131klar\u0131n\u0131 s\u00f6yledi.&#8221; \u0130nsanlar\u0131n soy k\u00fct\u00fcklerini ara\u015ft\u0131rmas\u0131 t\u0131pk\u0131 \u00e7ocuk sahibi olmak ya da \u00f6l\u00fcm kayg\u0131s\u0131ndan uzakla\u015fmaktan kaynaklan\u0131yor. \u00c7\u00fcnk\u00fc bir \u00e7ocuk sahibi oldu\u011funuzda bir eser b\u0131rakm\u0131\u015f gibi oluyorsunuz. Bu durum size bir anlamda \u00f6l\u00fcms\u00fczl\u00fck ya da \u00f6ld\u00fckten sonra geride bir \u015feyler b\u0131rakma ve \u00f6l\u00fcm kayg\u0131s\u0131na kar\u015f\u0131 rahatlatma olana\u011f\u0131 sunuyor&#8221; dedi.<\/p>\n<p><strong>&#8220;Var Olan Bir \u015eeyin G\u00fcn I\u015f\u0131\u011f\u0131na \u00c7\u0131kt\u0131\u011f\u0131na Tan\u0131k Oluyoruz&#8221;<\/strong><\/p>\n<p>Do\u00e7. Dr. G\u00fcnd\u00fcz, T\u00fcrkiye gibi s\u0131kl\u0131kla g\u00fcndemin de\u011fi\u015fti\u011fi bir \u00fclkede ve insanlar\u0131n \u00e7ok \u00e7abuk yak\u0131n ge\u00e7mi\u015fini bile unutma e\u011filiminde oldu\u011fu bir toplumsal yap\u0131da, insanlar\u0131n soy a\u011fac\u0131n\u0131 ara\u015ft\u0131rmas\u0131n\u0131n bir \u00e7eli\u015fki gibi g\u00f6z\u00fckebilece\u011fini de ifade etti. Yaz\u0131l\u0131 k\u00fclt\u00fcr\u00fcn asl\u0131nda soy a\u011fac\u0131n\u0131 ortaya koydu\u011funa de\u011finen Do\u00e7. Dr. G\u00fcnd\u00fcz ar\u015fiv kay\u0131tlar\u0131, n\u00fcfus ve g\u00f6\u00e7 hareketlerinin yaz\u0131l\u0131 kay\u0131tlara ge\u00e7mesinin Osmanl\u0131&#8217;dan beri var oldu\u011funu belirtti. Do\u00e7. Dr. G\u00fcnd\u00fcz, asl\u0131nda bu kay\u0131tlar\u0131n her zaman mevcut oldu\u011funu bildirerek Osmanl\u0131 ar\u015fivleri, tahrir defterleri, n\u00fcfusla ilgili hareketler ve bir tak\u0131m n\u00fcfus kay\u0131tlar\u0131n\u0131n yak\u0131n zamana kadar sadece merakl\u0131 ve ilgili ara\u015ft\u0131rmac\u0131lara a\u00e7\u0131k oldu\u011funu s\u00f6ylerken, bu sayede herkese a\u00e7\u0131k olaca\u011f\u0131n\u0131 ifade etti.<\/p>\n<p>\u00d6nceki kay\u0131tlar\u0131n da g\u00fcn \u0131\u015f\u0131\u011f\u0131na \u00e7\u0131kmas\u0131 ile uzak bir ge\u00e7mi\u015fe d\u00f6n\u00fck kay\u0131tlar\u0131n g\u00fcncellenebilece\u011fini aktaran Do\u00e7. Dr. G\u00fcnd\u00fcz, s\u00f6zlerini \u015fu \u015fekilde noktalad\u0131: &#8220;Asl\u0131nda var olan bir \u015feyin g\u00fcn \u0131\u015f\u0131\u011f\u0131na \u00e7\u0131kt\u0131\u011f\u0131na tan\u0131k oluyoruz.&#8221;<\/p>\n","protected":false},"excerpt":{"rendered":"<p>N\u00fcfus ve Vatanda\u015fl\u0131k \u0130\u015fleri Genel M\u00fcd\u00fcrl\u00fc\u011f\u00fc taraf\u0131ndan sunulan Alt-\u00dcst Soy Bilgisi Sorgulama hizmeti ile birlikte vatanda\u015flar 1800&#8217;l\u00fc y\u0131llara kadar soy k\u00fct\u00fcklerine eri\u015febiliyorlar. Bir\u00e7ok vatanda\u015f taraf\u0131ndan ilgi g\u00f6ren hizmet ile ilgili konu\u015fan \u0130leti\u015fim Fak\u00fcltesi \u00d6\u011fretim \u00dcyesi Do\u00e7. Dr. U\u011fur G\u00fcnd\u00fcz konu hakk\u0131nda \u00f6nemli noktalara de\u011findi.<\/p>\n","protected":false},"author":14,"featured_media":4749,"comment_status":"open","ping_status":"open","sticky":false,"template":"","format":"standard","meta":{"jnews-multi-image_gallery":[],"jnews_single_post":[],"jnews_primary_category":[],"jnews_social_meta":[],"jnews_override_counter":[],"footnotes":""},"categories":[178,35],"tags":[],"class_list":["post-4748","post","type-post","status-publish","format-standard","has-post-thumbnail","hentry","category-fakultemizden","category-yasam"],"_links":{"self":[{"href":"https:\/\/iletim.istanbul.edu.tr\/index.php\/wp-json\/wp\/v2\/posts\/4748","targetHints":{"allow":["GET"]}}],"collection":[{"href":"https:\/\/iletim.istanbul.edu.tr\/index.php\/wp-json\/wp\/v2\/posts"}],"about":[{"href":"https:\/\/iletim.istanbul.edu.tr\/index.php\/wp-json\/wp\/v2\/types\/post"}],"author":[{"embeddable":true,"href":"https:\/\/iletim.istanbul.edu.tr\/index.php\/wp-json\/wp\/v2\/users\/14"}],"replies":[{"embeddable":true,"href":"https:\/\/iletim.istanbul.edu.tr\/index.php\/wp-json\/wp\/v2\/comments?post=4748"}],"version-history":[{"count":0,"href":"https:\/\/iletim.istanbul.edu.tr\/index.php\/wp-json\/wp\/v2\/posts\/4748\/revisions"}],"wp:featuredmedia":[{"embeddable":true,"href":"https:\/\/iletim.istanbul.edu.tr\/index.php\/wp-json\/wp\/v2\/media\/4749"}],"wp:attachment":[{"href":"https:\/\/iletim.istanbul.edu.tr\/index.php\/wp-json\/wp\/v2\/media?parent=4748"}],"wp:term":[{"taxonomy":"category","embeddable":true,"href":"https:\/\/iletim.istanbul.edu.tr\/index.php\/wp-json\/wp\/v2\/categories?post=4748"},{"taxonomy":"post_tag","embeddable":true,"href":"https:\/\/iletim.istanbul.edu.tr\/index.php\/wp-json\/wp\/v2\/tags?post=4748"}],"curies":[{"name":"wp","href":"https:\/\/api.w.org\/{rel}","templated":true}]}}