{"id":4823,"date":"2018-04-16T13:21:01","date_gmt":"2018-04-16T10:21:01","guid":{"rendered":"https:\/\/iletim.istanbul.edu.tr\/?p=4823"},"modified":"2018-05-18T13:30:57","modified_gmt":"2018-05-18T10:30:57","slug":"ovunc-ozdem-tribun-spora-konuk-oldu","status":"publish","type":"post","link":"https:\/\/iletim.istanbul.edu.tr\/index.php\/2018\/04\/16\/ovunc-ozdem-tribun-spora-konuk-oldu\/","title":{"rendered":"\u00d6v\u00fcn\u00e7 \u00d6zdem Trib\u00fcn Spor\u2019a Konuk Oldu\u00a0"},"content":{"rendered":"<p><strong>Murat KASAP<\/strong><\/p>\n<p>\u00dcnl\u00fc spor muhabiri \u00d6v\u00fcn\u00e7 \u00d6zdem, sunuculu\u011funu U\u011fur Yap\u0131c\u0131 ve Caner Bak\u0131r\u2019\u0131n yapt\u0131\u011f\u0131 \u0130\u00dcWEBTV\u2019nin futbol program\u0131 Trib\u00fcn Spor\u2019a konuk oldu.<\/p>\n<p>Programda \u00d6zdem, \u201cT\u00fcrkiye\u2019de yabanc\u0131 futbolcular standartlar\u0131n\u0131n \u00e7ok \u00fcst\u00fcnde y\u00fcksek \u00fccretler al\u0131yorlar. Avrupa\u2019da \u00e7ok iyi oyuncular\u0131n ald\u0131\u011f\u0131 \u00fccretleri burada normal bir futbolcu alabiliyor. Bu y\u00fczden k\u0131yaslama yaparken \u00fclke ger\u00e7eklerinin d\u0131\u015f\u0131na \u00e7\u0131kmadan bunu yapmam\u0131z laz\u0131m. Futbolda \u00e7ok daha iyi yerlere gelebilmek i\u00e7in \u00f6nce bir futbol k\u00fclt\u00fcr\u00fcm\u00fcz\u00fcn olmas\u0131 laz\u0131m. \u00d6rne\u011fin \u0130ngiltere\u2019de 150 y\u0131ll\u0131k bir futbol k\u00fclt\u00fcr\u00fc var. Futbolcular ya da teknik direkt\u00f6rler emekliye ayr\u0131ld\u0131ktan sonra kitap dahi yaz\u0131yorlar bizde b\u00f6yle bir k\u00fclt\u00fcr tam anlam\u0131yla yok\u201d dedi.<\/p>\n<p>Futbol ile ilgili yaz\u0131lan kitaplar\u0131n al\u0131c\u0131s\u0131n\u0131n da T\u00fcrkiye\u2019de olmayabilece\u011fine de\u011finen \u00d6zdem, \u201cFutbolcular \u00fczerinden de\u011ferlendirmek d\u0131\u015f\u0131nda zaten edebiyata y\u00f6neli\u015f ve kitap okuma al\u0131\u015fkanl\u0131\u011f\u0131 az olan bir \u00fclkeyiz\u201d \u015feklinde konu\u015ftu.<\/p>\n<p>Program\u0131n soru cevap b\u00f6l\u00fcm\u00fcnde \u00d6zdem\u2019e \u00f6zel sorular soruldu. Ayr\u0131ca haftan\u0131n dikkat \u00e7eken tweetleri okunarak, \u00f6ne \u00e7\u0131kan foto\u011fraflar\u0131 g\u00f6sterildi.<\/p>\n<p><a href=\"https:\/\/iletim.istanbul.edu.tr\/?attachment_id=4595\"><img decoding=\"async\" class=\"alignnone wp-image-4595 size-full\" src=\"https:\/\/iletim.istanbul.edu.tr\/wp-content\/uploads\/Ads\u0131z-21.png\" alt=\"\" width=\"851\" height=\"437\" srcset=\"https:\/\/iletim.istanbul.edu.tr\/wp-content\/uploads\/Ads\u0131z-21.png 851w, https:\/\/iletim.istanbul.edu.tr\/wp-content\/uploads\/Ads\u0131z-21-300x154.png 300w, https:\/\/iletim.istanbul.edu.tr\/wp-content\/uploads\/Ads\u0131z-21-768x394.png 768w\" sizes=\"(max-width: 851px) 100vw, 851px\" \/><\/a><\/p>\n<p>Trib\u00fcn Spor\u2019un bu b\u00f6l\u00fcm\u00fcnde \u015fu isimler g\u00f6rev ald\u0131:\u00a0 Cevat Ula\u015f Ceylan (Y\u00f6netmen), Serdar Ayd\u0131n, Yusuf Y\u0131lmaz, S\u00fcmeyye Mete (Kamera), Kawthar Saleh (Teknik Ekip), E\u015fref G\u00fcrkan K\u0131l\u0131\u00e7 (Jenerik), Kutlu Safa Olga\u00e7 (Kurgu)<\/p>\n<p>Trib\u00fcn Spor\u2019un 19. b\u00f6l\u00fcm\u00fcn\u00fc izlemek i\u00e7in linke t\u0131klay\u0131n\u0131z: <a href=\"https:\/\/www.youtube.com\/watch?v=DWFUyuHyFQA\">https:\/\/www.youtube.com\/watch?v=DWFUyuHyFQA<\/a><\/p>\n","protected":false},"excerpt":{"rendered":"<p>\u00dcnl\u00fc spor muhabiri \u00d6v\u00fcn\u00e7 \u00d6zdem, sunuculu\u011funu U\u011fur Yap\u0131c\u0131 ve Caner Bak\u0131r\u2019\u0131n yapt\u0131\u011f\u0131 \u0130\u00dcWEBTV\u2019nin futbol program\u0131 Trib\u00fcn Spor\u2019a konuk oldu.<\/p>\n","protected":false},"author":14,"featured_media":4593,"comment_status":"open","ping_status":"open","sticky":false,"template":"","format":"standard","meta":{"jnews-multi-image_gallery":[],"jnews_single_post":[],"jnews_primary_category":[],"jnews_social_meta":[],"jnews_override_counter":[],"footnotes":""},"categories":[178,33],"tags":[],"class_list":["post-4823","post","type-post","status-publish","format-standard","has-post-thumbnail","hentry","category-fakultemizden","category-spor"],"_links":{"self":[{"href":"https:\/\/iletim.istanbul.edu.tr\/index.php\/wp-json\/wp\/v2\/posts\/4823","targetHints":{"allow":["GET"]}}],"collection":[{"href":"https:\/\/iletim.istanbul.edu.tr\/index.php\/wp-json\/wp\/v2\/posts"}],"about":[{"href":"https:\/\/iletim.istanbul.edu.tr\/index.php\/wp-json\/wp\/v2\/types\/post"}],"author":[{"embeddable":true,"href":"https:\/\/iletim.istanbul.edu.tr\/index.php\/wp-json\/wp\/v2\/users\/14"}],"replies":[{"embeddable":true,"href":"https:\/\/iletim.istanbul.edu.tr\/index.php\/wp-json\/wp\/v2\/comments?post=4823"}],"version-history":[{"count":0,"href":"https:\/\/iletim.istanbul.edu.tr\/index.php\/wp-json\/wp\/v2\/posts\/4823\/revisions"}],"wp:featuredmedia":[{"embeddable":true,"href":"https:\/\/iletim.istanbul.edu.tr\/index.php\/wp-json\/wp\/v2\/media\/4593"}],"wp:attachment":[{"href":"https:\/\/iletim.istanbul.edu.tr\/index.php\/wp-json\/wp\/v2\/media?parent=4823"}],"wp:term":[{"taxonomy":"category","embeddable":true,"href":"https:\/\/iletim.istanbul.edu.tr\/index.php\/wp-json\/wp\/v2\/categories?post=4823"},{"taxonomy":"post_tag","embeddable":true,"href":"https:\/\/iletim.istanbul.edu.tr\/index.php\/wp-json\/wp\/v2\/tags?post=4823"}],"curies":[{"name":"wp","href":"https:\/\/api.w.org\/{rel}","templated":true}]}}