{"id":4829,"date":"2018-05-18T14:14:39","date_gmt":"2018-05-18T11:14:39","guid":{"rendered":"https:\/\/iletim.istanbul.edu.tr\/?p=4829"},"modified":"2026-03-17T15:50:48","modified_gmt":"2026-03-17T12:50:48","slug":"iletisim-fakultesinden-ispartada-yeni-proje","status":"publish","type":"post","link":"https:\/\/iletim.istanbul.edu.tr\/index.php\/2018\/05\/18\/iletisim-fakultesinden-ispartada-yeni-proje\/","title":{"rendered":"\u0130leti\u015fim Fak\u00fcltesi\u2019nden Isparta\u2019da Yeni Proje"},"content":{"rendered":"<p><strong>\u00d6zge TAN<\/strong><\/p>\n<p>\u0130stanbul \u00dcniversitesi \u0130leti\u015fim Fak\u00fcltesi ve Edebiyat Fak\u00fcltesi Sosyal Antropoloji Ana Bilim Dal\u0131 ortakl\u0131\u011f\u0131yla y\u00fcr\u00fct\u00fclen \u201cIsparta etnografik belgeseli projesi\u201d kapsam\u0131nda Isparta \u2013 Ke\u00e7iborlu\u2019nun Kuyucak, \u00c7ukur\u00f6ren, \u0130ncesu ve Ard\u0131\u00e7l\u0131 k\u00f6ylerini gezen ekip 6-10 May\u0131s tarihleri aras\u0131nda \u00f6n \u00e7al\u0131\u015fma yapt\u0131.<\/p>\n<p>Edebiyat Fak\u00fcltesi Sosyal Antropoloji Ana Bilim Dal\u0131 Ba\u015fkan\u0131 Prof. Dr. Y\u00fcksel K\u0131r\u0131ml\u0131 ve \u0130leti\u015fim Fak\u00fcltesi Gazetecilik B\u00f6l\u00fcm\u00fc Dr. \u00d6\u011fr. \u00dcyesi Ersin Turan\u2019\u0131n kat\u0131l\u0131m\u0131yla y\u00fcr\u00fct\u00fclen \u00e7al\u0131\u015fmada \u0130leti\u015fim Fak\u00fcltesi \u00f6\u011frencilerinden Ula\u015f Ceylan, Petek Sancakl\u0131, Muhammed Akku\u015f ve \u00d6zge Tan yer ald\u0131. \u0130leti\u015fim fak\u00fcltesi uygulama birimlerinde \u0130\u00dcWEBTV ve \u0130letim Gazetesi taraf\u0131ndan video ve foto\u011fraf \u00e7ekimi ger\u00e7ekle\u015ftirildi.<\/p>\n<p>Projede \u0130leti\u015fim Fak\u00fcltesi Dekan Yard\u0131mc\u0131s\u0131 Dr. \u00d6\u011fr. \u00dcyesi \u00dcmit Sar\u0131 ve Gazetecilik B\u00f6l\u00fcm\u00fc \u00d6\u011fretim \u00dcyesi Ar\u015f. G\u00f6r. Dr. Ahmet Kadri Kur\u015fun\u2019un yan\u0131 s\u0131ra Sosyal Antropoloji B\u00f6l\u00fcm\u00fc Dr. \u00d6\u011fr. \u00dcyesi Ebrar Ak\u0131nc\u0131 da yer al\u0131yor.<\/p>\n<figure id=\"attachment_4850\" aria-describedby=\"caption-attachment-4850\" style=\"width: 702px\" class=\"wp-caption alignnone\"><a href=\"https:\/\/iletim.istanbul.edu.tr\/?attachment_id=4850\"><img decoding=\"async\" class=\"wp-image-4850 size-large\" src=\"https:\/\/iletim.istanbul.edu.tr\/wp-content\/uploads\/DSC02230-1-1024x684.jpg\" alt=\"\" width=\"702\" height=\"469\" srcset=\"https:\/\/iletim.istanbul.edu.tr\/wp-content\/uploads\/DSC02230-1-1024x684.jpg 1024w, https:\/\/iletim.istanbul.edu.tr\/wp-content\/uploads\/DSC02230-1-300x200.jpg 300w, https:\/\/iletim.istanbul.edu.tr\/wp-content\/uploads\/DSC02230-1-768x513.jpg 768w\" sizes=\"(max-width: 702px) 100vw, 702px\" \/><\/a><figcaption id=\"caption-attachment-4850\" class=\"wp-caption-text\">Proje ekibi, sabah 05.00 civar\u0131nda yap\u0131lan g\u00fcl hasad\u0131na kat\u0131ld\u0131.<\/figcaption><\/figure>\n<p>Proje kapsam\u0131nda Sosyal Antropoloji \u00f6\u011frencileri taraf\u0131ndan y\u00fcr\u00fct\u00fclen etnografik inceleme \u00e7al\u0131\u015fmalar\u0131 g\u00f6rsel olarak belgelenmek \u00fczere belgesel ve foto\u011fraf \u00e7ekimi yap\u0131ld\u0131. Antropoloji \u00f6\u011frencileri bu \u00e7ekimlerin \u00f6ncesinde \u00e7al\u0131\u015fmalar\u0131n\u0131 y\u00fcr\u00fctecekleri k\u00f6ylerde \u00f6n ara\u015ft\u0131rma yapmak i\u00e7in bir haftal\u0131k bir ziyarette bulunmu\u015ftu. \u00d6\u011frenciler, b\u00f6lgenin temel ge\u00e7im kayna\u011f\u0131 olan g\u00fcl\u00fcn hasat d\u00f6neminde d\u00fczenlenen bu ziyarette ise etnografik \u00e7al\u0131\u015fmalar\u0131 kapsam\u0131nda y\u00f6re halk\u0131yla m\u00fclakatlar ger\u00e7ekle\u015ftirdi. Sosyal Antropoloji b\u00f6l\u00fcm\u00fc \u00f6\u011frencileri, G\u00fcl sonras\u0131nda b\u00f6lge i\u00e7in \u00f6nem arz eden bir di\u011fer etken olan Lavanta mevsimi olan Temmuz ay\u0131nda bu k\u00f6ylere bir ay boyunca y\u00f6re halk\u0131n\u0131n ev sahipli\u011fiyle k\u00f6yde kalmak \u00fczere tekrar gidecek ve \u00e7al\u0131\u015fmalar\u0131n\u0131 tamamlayacaklar.<\/p>\n<p>Sosyal Antropoloji b\u00f6l\u00fcm\u00fc \u00f6\u011frencilerinden Burcu D\u00fclger, Caner P\u0131narc\u0131, Erman \u00c7ak\u0131r ve Berna Agalar Kuyucak k\u00f6y\u00fcnde Nurdan \u00d6zal, Demet Fatma Alkan ve Hakan Alt\u0131nta\u015f Ard\u0131\u00e7l\u0131\u2019da; Faruk Kanber, Nur Deniz \u00c7\u0131ld\u0131r ve Seda Erdem \u00c7ukur\u00f6ren K\u00f6y\u00fcnde H\u00fcseyin Kayap\u0131nar, Hande Y\u00fcksel, Maral Dindar ve Maria Ialanj\u0131 ise \u0130ncesu k\u00f6y\u00fcnde \u00e7al\u0131\u015fmas\u0131n\u0131 y\u00fcr\u00fct\u00fcyor.<\/p>\n<p>\u00d6\u011frenciler, Projeye deste\u011finden dolay\u0131\u00a0 \u0130\u00dc Sa\u011fl\u0131k K\u00fclt\u00fcr ve Spor Daire Ba\u015fkan\u0131 Yavuz Padem&#8217;e\u00a0 sosyal medya payla\u015f\u0131mlar\u0131nda te\u015fekk\u00fcr etti.<\/p>\n<p><strong>Ard\u0131\u00e7l\u0131, G\u00fcl\u00fcn A\u00e7t\u0131\u011f\u0131 K\u00f6y<\/strong><\/p>\n<p>\u201cG\u00fcl bah\u00e7esi\u201d olarak tan\u0131nan Ard\u0131\u00e7l\u0131 k\u00f6y\u00fc, b\u00f6lgede g\u00fcl\u00fcn ilk a\u00e7t\u0131\u011f\u0131 k\u00f6y olarak da biliniyor. Bu y\u0131l \u0130lk kez Ard\u0131\u00e7l\u0131\u2019da belediyenin deste\u011fiyle muhtar Yakup Yolcu \u00f6nc\u00fcl\u00fc\u011f\u00fcnde g\u00fcl festivali d\u00fczenlenecek. G\u00fcl yeti\u015ftiricili\u011fi b\u00f6lge i\u00e7in ekonomik getirinin d\u0131\u015f\u0131nda turizm a\u00e7\u0131s\u0131ndan da \u00f6nem te\u015fkil ediyor. Ard\u0131\u00e7l\u0131 k\u00f6y\u00fcn\u00fcn kendine ait bir d\u00fc\u011f\u00fcn salonu da bulunmakta. Etnografik \u00e7al\u0131\u015fma esnas\u0131nda bir d\u00fc\u011f\u00fcn\u00fc g\u00f6zlemleme \u015fans\u0131 yakalayan ekip belgesel i\u00e7in de g\u00f6r\u00fcnt\u00fc ald\u0131. K\u00f6yde misafirlere \u201ck\u0131st\u0131rma\u201d olarak adland\u0131r\u0131lan b\u00fcsk\u00fcvi aras\u0131na konulmu\u015f g\u00fcl lokumu ikram etmek y\u00f6renin adetlerinden biri.<\/p>\n<p>Ekipten Nurdan \u00d6zal, projenin amac\u0131n\u0131 \u201c\u00f6nce k\u00f6yl\u00fcyle ortak bir bak\u0131\u015f a\u00e7\u0131s\u0131 benimsemek daha sonras\u0131nda bu a\u00e7\u0131ya d\u0131\u015far\u0131dan bir g\u00f6z olarak bakmak\u201d \u015feklinde tan\u0131mlad\u0131. Demet Fatma Alkan, k\u00f6ye ilk geli\u015finde onu en \u00e7ok \u015fa\u015f\u0131rtan \u015feyin k\u00f6y\u00fcn modernitesi oldu\u011funu s\u00f6yledi. Alkan, \u201cinsanlar evlerinde mikrodalga f\u0131r\u0131n ve ak\u0131ll\u0131 televizyon kullan\u0131yor. Bu geli\u015fimin temel sebebinin ekonomik \u015fartlar\u0131n\u0131n iyi olmas\u0131 ve okuryazar seviyesinin y\u00fcksek olmas\u0131 oldu\u011funu d\u00fc\u015f\u00fcn\u00fcyorum\u201d diye konu\u015ftu. Hakan Alt\u0131nta\u015f ise \u201cArd\u0131\u00e7l\u0131 k\u00f6y\u00fcnde end\u00fcstriyel tar\u0131m\u0131n k\u0131sa ve orta vadede k\u00f6ye etkisini g\u00f6zlemleyebiliyoruz, \u00e7\u00fcnk\u00fc k\u00f6yde \u00fc\u00e7 g\u00fcl fabrikas\u0131 bulunuyor ve bu k\u00f6y\u00fcn ekonomik ve sosyal ya\u015fant\u0131s\u0131n\u0131 \u015fekillendiriyor\u201d s\u00f6zleriyle g\u00f6zlemlerini aktard\u0131.<\/p>\n<p><strong>Tarihi An\u0131tlar\u0131n \u0130\u00e7inde \u00c7ukur\u00f6ren K\u00f6y\u00fc<\/strong><\/p>\n<p>2007\u2019de 6 bilim insan\u0131n\u0131n da i\u00e7lerinde bulundu\u011fu 57 ki\u015finin kayb\u0131yla sonu\u00e7lanan Atlasjet\u2019in u\u00e7ak kazas\u0131yla ad\u0131n\u0131 duydu\u011fumuz \u00c7ukur\u00f6ren k\u00f6y\u00fc, projedeki rotalardan bir di\u011feriydi. K\u00f6y y\u00fcksek rak\u0131mda bulunmas\u0131ndan dolay\u0131 ormanlar y\u00f6n\u00fcnden zengin ve k\u00f6yde orman g\u00f6zetleme kuleleri mevcut. Tepelerle \u00e7evrili bir alanda yer alan k\u00f6y etkileyici bir manzaran\u0131n par\u00e7as\u0131 oluyor. G\u00fcl fabrikas\u0131n\u0131n da bulundu\u011fu k\u00f6yde g\u00fcl tar\u0131m\u0131 d\u0131\u015f\u0131nda ar\u0131c\u0131l\u0131k da yap\u0131l\u0131yor. Proje ekibi etnografik a\u00e7\u0131dan \u00f6nemli buldu\u011fu bir \u201cMevl\u00fct\u201de de kat\u0131larak burada da \u00e7ekim ger\u00e7ekle\u015ftirdi.<\/p>\n<p>\u00c7ukur\u00f6ren\u2019de \u201cfad\u0131ll\u0131 \u015fehri\u201d olarak an\u0131lan eski medeniyetlerden kalma an\u0131tlar\u0131n ve mezarlar\u0131n bulundu\u011fu bir b\u00f6lge mevcut. \u00a0Ekipte yer alan Faruk Kanber, bu b\u00f6lgeyle ilgili g\u00f6zlemini \u201cB\u00f6lge halk\u0131 bu tarihi yap\u0131larla i\u00e7 i\u00e7e ya\u015fad\u0131\u011f\u0131ndan onlar tarihi de\u011ferlerini \u00e7ok da fark\u0131nda de\u011filler\u201d \u015feklinde aktard\u0131. Ayr\u0131ca Kanber projeyle ilgili olarak hislerini \u201cBir y\u00f6r\u00fck k\u00f6y\u00fc oldu\u011fu i\u00e7in insanlarda g\u00f6\u00e7ebe olman\u0131n s\u0131cakl\u0131\u011f\u0131n\u0131 ta\u015f\u0131yor. \u0130lk kez k\u00f6ye gitti\u011fimizde \u00e7ok s\u0131cak kar\u015f\u0131land\u0131k\u201d \u015feklinde a\u00e7\u0131klad\u0131. K\u00f6y\u00fcn y\u00fcksek rak\u0131mda bulunmas\u0131 nedeniyle do\u011fal yap\u0131s\u0131n\u0131n Karadeniz y\u00f6resine benzetti\u011fini de s\u00f6zlerine ekledi.<\/p>\n<p><strong>\u201cLavanta Kokulu K\u00f6y Projesi\u201d<\/strong><\/p>\n<p>Kuyucak k\u00f6y\u00fc, 2015 y\u0131l\u0131nda \u201cLavanta Kokulu K\u00f6y Projesi\u201d ile K\u00fclt\u00fcr ve Turizm Bakanl\u0131\u011f\u0131 taraf\u0131ndan se\u00e7ilen bir k\u00f6y. Lavanta yeti\u015ftiricili\u011fiyle turistik \u00f6nem kazanan Kuyucak k\u00f6y\u00fc, ge\u00e7en y\u0131l yakla\u015f\u0131k 150 bin turisti a\u011f\u0131rlad\u0131. Turizm y\u00f6n\u00fcyle \u00f6ne \u00e7\u0131kan k\u00f6yde lavanta, g\u00fcl ve zambak yeti\u015ftiricili\u011fi d\u0131\u015f\u0131nda pansiyonculuk da yap\u0131l\u0131yor. K\u00f6y\u00fcn proje kapsam\u0131nda kurulmu\u015f Kad\u0131n Kooperatifi bulunuyor. Kuyucak halk\u0131 bu y\u0131l 300 bin turist a\u011f\u0131rlamay\u0131 hedefliyor. Kuyucak k\u00f6y\u00fcnde Lavantalar\u0131n a\u00e7t\u0131\u011f\u0131 Temmuz ay\u0131nda Lavanta Vadisi\u2019nde foto\u011fraf \u00e7ekim etkinlikleri de d\u00fczenlenecek.<\/p>\n<p>Proje ekibinden Burcu D\u00fclger Kuyucak k\u00f6y\u00fc ile ilgili Lavanta kokulu k\u00f6y unvan\u0131na sahip olmas\u0131 d\u0131\u015f\u0131nda T\u00fcrkiye\u2019de zambak yeti\u015ftirilen tek k\u00f6y oldu\u011funu belirtti. Erman \u00c7ak\u0131r ise \u201cBiz projemiz kapsam\u0131nda sosyal hayat ve ekonomi \u00fczerinden inceleme yap\u0131yoruz. Bunun i\u00e7in de bir y\u00f6r\u00fck k\u00f6y\u00fc se\u00e7tik. Kuyucak\u2019ta tar\u0131m, turizm ve hayvanc\u0131l\u0131\u011f\u0131n birbirlerini nas\u0131l etkiledi\u011fini g\u00f6zlemleyebiliyoruz\u201d dedi.<\/p>\n<p><strong>\u0130ncesu K\u00f6y\u00fc, Opet \u00d6rnek K\u00f6y\u00fc<\/strong><\/p>\n<p>Proje kapsam\u0131nda \u00e7al\u0131\u015fma y\u00fcr\u00fct\u00fclen k\u00f6ylerden biri olan \u0130ncesu k\u00f6y\u00fc, Opet taraf\u0131ndan 2012 y\u0131l\u0131nda \u00f6rnek k\u00f6y se\u00e7ilmesinin ard\u0131ndan kahvehanesi yenilendi ve k\u00f6y m\u00fczesi a\u00e7\u0131ld\u0131. K\u00f6yde pek \u00e7ok \u00e7e\u015fme bulunuyor. Bunlardan en \u00fcnl\u00fcs\u00fc Aslanl\u0131 \u00e7e\u015fme. Bu \u00e7e\u015fmelerin y\u00f6re halk\u0131n\u0131n k\u00fclt\u00fcr\u00fcne yans\u0131mas\u0131n\u0131 k\u00f6y kad\u0131nlar\u0131n\u0131n \u201cdef\u201d \u00e7alarak s\u00f6yledi\u011fi Kerem denilen y\u00f6resel t\u00fcrk\u00fclerde g\u00f6zlemlemek m\u00fcmk\u00fcn. Bunun yan\u0131 s\u0131ra k\u00f6yde y\u00f6re a\u011fz\u0131yla b\u00fcy\u00fckl\u00fc\u011f\u00fc vurgulanarak \u00a0\u201cGoca Pelit\u201d \u015feklinde adland\u0131r\u0131lan y\u00f6re i\u00e7in \u00e7ok de\u011ferli ve olduk\u00e7a eski bir a\u011fa\u00e7 var. K\u00f6yl\u00fcler bu a\u011fac\u0131n aileyi simgeledi\u011fini d\u00fc\u015f\u00fcn\u00fcyor ve bunun \u00fczerine pek \u00e7ok hik\u00e2ye anlat\u0131l\u0131yor. \u0130ncesu k\u00f6y\u00fcn\u00fcn \u015fu an be\u015finci ku\u015fa\u011f\u0131n\u0131n yeti\u015ftirildi\u011fi bir halk oyunlar\u0131 ekibi var. Ayr\u0131ca \u0130ncesu k\u00f6y\u00fc, yaln\u0131zca devlet izniyle yeti\u015ftirilen ve al\u0131m-sat\u0131m\u0131 kontrol alt\u0131nda tutulan ha\u015fha\u015f ekicili\u011finin T\u00fcrkiye\u2019de yap\u0131ld\u0131\u011f\u0131 nadir b\u00f6lgelerden biri olma \u00f6zelli\u011fini de ta\u015f\u0131yor.<\/p>\n<p>Projeyle ilgili olarak \u00f6\u011frenci ekibinden H\u00fcseyin Kayap\u0131nar, \u201cK\u00f6ye ilk geli\u015fimde bize olumsuz yakla\u015fabileceklerine dair bir tedirginli\u011fim vard\u0131, fakat insanlar bizi \u00e7ok s\u0131cak kar\u015f\u0131lad\u0131. Bu projede bulunmaktan \u00e7ok mutluyum, bana \u00e7ok \u015fey katt\u0131 \u201d \u015feklinde konu\u015ftu.<\/p>\n<div id='gallery_1' class='gallery galleryid-4829 gallery-columns-4 gallery-size-large'><figure class='gallery-item'>\n                <div class='gallery-icon landscape'>\n                    <a href='https:\/\/iletim.istanbul.edu.tr\/wp-content\/uploads\/DSC01999.jpg'><img loading=\"lazy\" decoding=\"async\" width=\"1024\" height=\"684\" src=\"\" class=\"attachment-large size-large lazyload\" alt=\"\" data-src=\"https:\/\/iletim.istanbul.edu.tr\/wp-content\/uploads\/DSC01999-1024x684.jpg\" data-sizes=\"auto\" data-srcset=\"https:\/\/iletim.istanbul.edu.tr\/wp-content\/uploads\/DSC01999-1024x684.jpg 1024w, https:\/\/iletim.istanbul.edu.tr\/wp-content\/uploads\/DSC01999-300x200.jpg 300w, https:\/\/iletim.istanbul.edu.tr\/wp-content\/uploads\/DSC01999-768x513.jpg 768w\" data-expand=\"700\" \/><\/a>\n                <\/div><\/figure><figure class='gallery-item'>\n                <div class='gallery-icon landscape'>\n                    <a href='https:\/\/iletim.istanbul.edu.tr\/wp-content\/uploads\/DSC02038.jpg'><img loading=\"lazy\" decoding=\"async\" width=\"1024\" height=\"684\" src=\"\" class=\"attachment-large size-large lazyload\" alt=\"\" data-src=\"https:\/\/iletim.istanbul.edu.tr\/wp-content\/uploads\/DSC02038-1024x684.jpg\" data-sizes=\"auto\" data-srcset=\"https:\/\/iletim.istanbul.edu.tr\/wp-content\/uploads\/DSC02038-1024x684.jpg 1024w, https:\/\/iletim.istanbul.edu.tr\/wp-content\/uploads\/DSC02038-300x200.jpg 300w, https:\/\/iletim.istanbul.edu.tr\/wp-content\/uploads\/DSC02038-768x513.jpg 768w\" data-expand=\"700\" \/><\/a>\n                <\/div><\/figure><figure class='gallery-item'>\n                <div class='gallery-icon landscape'>\n                    <a href='https:\/\/iletim.istanbul.edu.tr\/wp-content\/uploads\/DSC02131.jpg'><img loading=\"lazy\" decoding=\"async\" width=\"1024\" height=\"684\" src=\"\" class=\"attachment-large size-large lazyload\" alt=\"\" data-src=\"https:\/\/iletim.istanbul.edu.tr\/wp-content\/uploads\/DSC02131-1024x684.jpg\" data-sizes=\"auto\" data-srcset=\"https:\/\/iletim.istanbul.edu.tr\/wp-content\/uploads\/DSC02131-1024x684.jpg 1024w, https:\/\/iletim.istanbul.edu.tr\/wp-content\/uploads\/DSC02131-300x200.jpg 300w, https:\/\/iletim.istanbul.edu.tr\/wp-content\/uploads\/DSC02131-768x513.jpg 768w\" data-expand=\"700\" \/><\/a>\n                <\/div><\/figure><figure class='gallery-item'>\n                <div class='gallery-icon landscape'>\n                    <a href='https:\/\/iletim.istanbul.edu.tr\/wp-content\/uploads\/DSC02172.jpg'><img loading=\"lazy\" decoding=\"async\" width=\"1024\" height=\"684\" src=\"\" class=\"attachment-large size-large lazyload\" alt=\"\" data-src=\"https:\/\/iletim.istanbul.edu.tr\/wp-content\/uploads\/DSC02172-1024x684.jpg\" data-sizes=\"auto\" data-srcset=\"https:\/\/iletim.istanbul.edu.tr\/wp-content\/uploads\/DSC02172-1024x684.jpg 1024w, https:\/\/iletim.istanbul.edu.tr\/wp-content\/uploads\/DSC02172-300x200.jpg 300w, https:\/\/iletim.istanbul.edu.tr\/wp-content\/uploads\/DSC02172-768x513.jpg 768w\" data-expand=\"700\" \/><\/a>\n                <\/div><\/figure><br style=\"clear: both\" \/><figure class='gallery-item'>\n                <div class='gallery-icon landscape'>\n                    <a href='https:\/\/iletim.istanbul.edu.tr\/wp-content\/uploads\/DSC02182.jpg'><img loading=\"lazy\" decoding=\"async\" width=\"1024\" height=\"684\" src=\"\" class=\"attachment-large size-large lazyload\" alt=\"\" data-src=\"https:\/\/iletim.istanbul.edu.tr\/wp-content\/uploads\/DSC02182-1024x684.jpg\" data-sizes=\"auto\" data-srcset=\"https:\/\/iletim.istanbul.edu.tr\/wp-content\/uploads\/DSC02182-1024x684.jpg 1024w, https:\/\/iletim.istanbul.edu.tr\/wp-content\/uploads\/DSC02182-300x200.jpg 300w, https:\/\/iletim.istanbul.edu.tr\/wp-content\/uploads\/DSC02182-768x513.jpg 768w\" data-expand=\"700\" \/><\/a>\n                <\/div><\/figure><figure class='gallery-item'>\n                <div class='gallery-icon landscape'>\n                    <a href='https:\/\/iletim.istanbul.edu.tr\/wp-content\/uploads\/DSC02327.jpg'><img loading=\"lazy\" decoding=\"async\" width=\"1024\" height=\"684\" src=\"\" class=\"attachment-large size-large lazyload\" alt=\"\" data-src=\"https:\/\/iletim.istanbul.edu.tr\/wp-content\/uploads\/DSC02327-1024x684.jpg\" data-sizes=\"auto\" data-srcset=\"https:\/\/iletim.istanbul.edu.tr\/wp-content\/uploads\/DSC02327-1024x684.jpg 1024w, https:\/\/iletim.istanbul.edu.tr\/wp-content\/uploads\/DSC02327-300x200.jpg 300w, https:\/\/iletim.istanbul.edu.tr\/wp-content\/uploads\/DSC02327-768x513.jpg 768w\" data-expand=\"700\" \/><\/a>\n                <\/div><\/figure><figure class='gallery-item'>\n                <div class='gallery-icon landscape'>\n                    <a href='https:\/\/iletim.istanbul.edu.tr\/wp-content\/uploads\/DSC02342.jpg'><img loading=\"lazy\" decoding=\"async\" width=\"1024\" height=\"684\" src=\"\" class=\"attachment-large size-large lazyload\" alt=\"\" data-src=\"https:\/\/iletim.istanbul.edu.tr\/wp-content\/uploads\/DSC02342-1024x684.jpg\" data-sizes=\"auto\" data-srcset=\"https:\/\/iletim.istanbul.edu.tr\/wp-content\/uploads\/DSC02342-1024x684.jpg 1024w, https:\/\/iletim.istanbul.edu.tr\/wp-content\/uploads\/DSC02342-300x200.jpg 300w, https:\/\/iletim.istanbul.edu.tr\/wp-content\/uploads\/DSC02342-768x513.jpg 768w\" data-expand=\"700\" \/><\/a>\n                <\/div><\/figure><figure class='gallery-item'>\n                <div class='gallery-icon landscape'>\n                    <a href='https:\/\/iletim.istanbul.edu.tr\/wp-content\/uploads\/DSC02383.jpg'><img loading=\"lazy\" decoding=\"async\" width=\"1024\" height=\"684\" src=\"\" class=\"attachment-large size-large lazyload\" alt=\"\" data-src=\"https:\/\/iletim.istanbul.edu.tr\/wp-content\/uploads\/DSC02383-1024x684.jpg\" data-sizes=\"auto\" data-srcset=\"https:\/\/iletim.istanbul.edu.tr\/wp-content\/uploads\/DSC02383-1024x684.jpg 1024w, https:\/\/iletim.istanbul.edu.tr\/wp-content\/uploads\/DSC02383-300x200.jpg 300w, https:\/\/iletim.istanbul.edu.tr\/wp-content\/uploads\/DSC02383-768x513.jpg 768w\" data-expand=\"700\" \/><\/a>\n                <\/div><\/figure><br style=\"clear: both\" \/><figure class='gallery-item'>\n                <div class='gallery-icon landscape'>\n                    <a href='https:\/\/iletim.istanbul.edu.tr\/wp-content\/uploads\/DSC02414.jpg'><img loading=\"lazy\" decoding=\"async\" width=\"1024\" height=\"684\" src=\"\" class=\"attachment-large size-large lazyload\" alt=\"\" data-src=\"https:\/\/iletim.istanbul.edu.tr\/wp-content\/uploads\/DSC02414-1024x684.jpg\" data-sizes=\"auto\" data-srcset=\"https:\/\/iletim.istanbul.edu.tr\/wp-content\/uploads\/DSC02414-1024x684.jpg 1024w, https:\/\/iletim.istanbul.edu.tr\/wp-content\/uploads\/DSC02414-300x200.jpg 300w, https:\/\/iletim.istanbul.edu.tr\/wp-content\/uploads\/DSC02414-768x513.jpg 768w\" data-expand=\"700\" \/><\/a>\n                <\/div><\/figure><figure class='gallery-item'>\n                <div class='gallery-icon landscape'>\n                    <a href='https:\/\/iletim.istanbul.edu.tr\/wp-content\/uploads\/DSC02514.jpg'><img loading=\"lazy\" decoding=\"async\" width=\"1024\" height=\"684\" src=\"\" class=\"attachment-large size-large lazyload\" alt=\"\" data-src=\"https:\/\/iletim.istanbul.edu.tr\/wp-content\/uploads\/DSC02514-1024x684.jpg\" data-sizes=\"auto\" data-srcset=\"https:\/\/iletim.istanbul.edu.tr\/wp-content\/uploads\/DSC02514-1024x684.jpg 1024w, https:\/\/iletim.istanbul.edu.tr\/wp-content\/uploads\/DSC02514-300x200.jpg 300w, https:\/\/iletim.istanbul.edu.tr\/wp-content\/uploads\/DSC02514-768x513.jpg 768w\" data-expand=\"700\" \/><\/a>\n                <\/div><\/figure><figure class='gallery-item'>\n                <div class='gallery-icon landscape'>\n                    <a href='https:\/\/iletim.istanbul.edu.tr\/wp-content\/uploads\/DSC02533.jpg'><img loading=\"lazy\" decoding=\"async\" width=\"1024\" height=\"684\" src=\"\" class=\"attachment-large size-large lazyload\" alt=\"\" data-src=\"https:\/\/iletim.istanbul.edu.tr\/wp-content\/uploads\/DSC02533-1024x684.jpg\" data-sizes=\"auto\" data-srcset=\"https:\/\/iletim.istanbul.edu.tr\/wp-content\/uploads\/DSC02533-1024x684.jpg 1024w, https:\/\/iletim.istanbul.edu.tr\/wp-content\/uploads\/DSC02533-300x200.jpg 300w, https:\/\/iletim.istanbul.edu.tr\/wp-content\/uploads\/DSC02533-768x513.jpg 768w\" data-expand=\"700\" \/><\/a>\n                <\/div><\/figure><figure class='gallery-item'>\n                <div class='gallery-icon landscape'>\n                    <a href='https:\/\/iletim.istanbul.edu.tr\/wp-content\/uploads\/DSC02679.jpg'><img loading=\"lazy\" decoding=\"async\" width=\"1024\" height=\"684\" src=\"\" class=\"attachment-large size-large lazyload\" alt=\"\" data-src=\"https:\/\/iletim.istanbul.edu.tr\/wp-content\/uploads\/DSC02679-1024x684.jpg\" data-sizes=\"auto\" data-srcset=\"https:\/\/iletim.istanbul.edu.tr\/wp-content\/uploads\/DSC02679-1024x684.jpg 1024w, https:\/\/iletim.istanbul.edu.tr\/wp-content\/uploads\/DSC02679-300x200.jpg 300w, https:\/\/iletim.istanbul.edu.tr\/wp-content\/uploads\/DSC02679-768x513.jpg 768w\" data-expand=\"700\" \/><\/a>\n                <\/div><\/figure><br style=\"clear: both\" \/><figure class='gallery-item'>\n                <div class='gallery-icon landscape'>\n                    <a href='https:\/\/iletim.istanbul.edu.tr\/wp-content\/uploads\/DSC02808.jpg'><img loading=\"lazy\" decoding=\"async\" width=\"1024\" height=\"684\" src=\"\" class=\"attachment-large size-large lazyload\" alt=\"\" data-src=\"https:\/\/iletim.istanbul.edu.tr\/wp-content\/uploads\/DSC02808-1024x684.jpg\" data-sizes=\"auto\" data-srcset=\"https:\/\/iletim.istanbul.edu.tr\/wp-content\/uploads\/DSC02808-1024x684.jpg 1024w, https:\/\/iletim.istanbul.edu.tr\/wp-content\/uploads\/DSC02808-300x200.jpg 300w, https:\/\/iletim.istanbul.edu.tr\/wp-content\/uploads\/DSC02808-768x513.jpg 768w\" data-expand=\"700\" \/><\/a>\n                <\/div><\/figure><figure class='gallery-item'>\n                <div class='gallery-icon landscape'>\n                    <a href='https:\/\/iletim.istanbul.edu.tr\/wp-content\/uploads\/DSC02812.jpg'><img loading=\"lazy\" decoding=\"async\" width=\"1024\" height=\"684\" src=\"\" class=\"attachment-large size-large lazyload\" alt=\"\" data-src=\"https:\/\/iletim.istanbul.edu.tr\/wp-content\/uploads\/DSC02812-1024x684.jpg\" data-sizes=\"auto\" data-srcset=\"https:\/\/iletim.istanbul.edu.tr\/wp-content\/uploads\/DSC02812-1024x684.jpg 1024w, https:\/\/iletim.istanbul.edu.tr\/wp-content\/uploads\/DSC02812-300x200.jpg 300w, https:\/\/iletim.istanbul.edu.tr\/wp-content\/uploads\/DSC02812-768x513.jpg 768w\" data-expand=\"700\" \/><\/a>\n                <\/div><\/figure><figure class='gallery-item'>\n                <div class='gallery-icon landscape'>\n                    <a href='https:\/\/iletim.istanbul.edu.tr\/wp-content\/uploads\/DSC02820.jpg'><img loading=\"lazy\" decoding=\"async\" width=\"1024\" height=\"684\" src=\"\" class=\"attachment-large size-large lazyload\" alt=\"\" data-src=\"https:\/\/iletim.istanbul.edu.tr\/wp-content\/uploads\/DSC02820-1024x684.jpg\" data-sizes=\"auto\" data-srcset=\"https:\/\/iletim.istanbul.edu.tr\/wp-content\/uploads\/DSC02820-1024x684.jpg 1024w, https:\/\/iletim.istanbul.edu.tr\/wp-content\/uploads\/DSC02820-300x200.jpg 300w, https:\/\/iletim.istanbul.edu.tr\/wp-content\/uploads\/DSC02820-768x513.jpg 768w\" data-expand=\"700\" \/><\/a>\n                <\/div><\/figure>\n                <br style='clear: both' \/>\n            <\/div>\n\n","protected":false},"excerpt":{"rendered":"<p>\u0130stanbul \u00dcniversitesi \u0130leti\u015fim Fak\u00fcltesi ve Edebiyat Fak\u00fcltesi Sosyal Antropoloji Ana Bilim Dal\u0131 ortakl\u0131\u011f\u0131yla y\u00fcr\u00fct\u00fclen \u201cIsparta etnografik belgeseli projesi\u201d kapsam\u0131nda Isparta \u2013 Ke\u00e7iborlu\u2019nun Kuyucak, \u00c7ukur\u00f6ren, \u0130ncesu ve Ard\u0131\u00e7l\u0131 k\u00f6ylerini gezen ekip 6-10 May\u0131s tarihleri aras\u0131nda \u00f6n \u00e7al\u0131\u015fma yapt\u0131.<\/p>\n","protected":false},"author":14,"featured_media":4830,"comment_status":"open","ping_status":"open","sticky":false,"template":"","format":"standard","meta":{"jnews-multi-image_gallery":[],"jnews_single_post":{"format":"standard"},"jnews_primary_category":[],"jnews_social_meta":[],"jnews_override_counter":[],"footnotes":""},"categories":[178,35],"tags":[40,446,447],"class_list":["post-4829","post","type-post","status-publish","format-standard","has-post-thumbnail","hentry","category-fakultemizden","category-yasam","tag-iletisim-fakultesi","tag-isparta","tag-sosyal-antropoloji"],"_links":{"self":[{"href":"https:\/\/iletim.istanbul.edu.tr\/index.php\/wp-json\/wp\/v2\/posts\/4829","targetHints":{"allow":["GET"]}}],"collection":[{"href":"https:\/\/iletim.istanbul.edu.tr\/index.php\/wp-json\/wp\/v2\/posts"}],"about":[{"href":"https:\/\/iletim.istanbul.edu.tr\/index.php\/wp-json\/wp\/v2\/types\/post"}],"author":[{"embeddable":true,"href":"https:\/\/iletim.istanbul.edu.tr\/index.php\/wp-json\/wp\/v2\/users\/14"}],"replies":[{"embeddable":true,"href":"https:\/\/iletim.istanbul.edu.tr\/index.php\/wp-json\/wp\/v2\/comments?post=4829"}],"version-history":[{"count":2,"href":"https:\/\/iletim.istanbul.edu.tr\/index.php\/wp-json\/wp\/v2\/posts\/4829\/revisions"}],"predecessor-version":[{"id":28416,"href":"https:\/\/iletim.istanbul.edu.tr\/index.php\/wp-json\/wp\/v2\/posts\/4829\/revisions\/28416"}],"wp:featuredmedia":[{"embeddable":true,"href":"https:\/\/iletim.istanbul.edu.tr\/index.php\/wp-json\/wp\/v2\/media\/4830"}],"wp:attachment":[{"href":"https:\/\/iletim.istanbul.edu.tr\/index.php\/wp-json\/wp\/v2\/media?parent=4829"}],"wp:term":[{"taxonomy":"category","embeddable":true,"href":"https:\/\/iletim.istanbul.edu.tr\/index.php\/wp-json\/wp\/v2\/categories?post=4829"},{"taxonomy":"post_tag","embeddable":true,"href":"https:\/\/iletim.istanbul.edu.tr\/index.php\/wp-json\/wp\/v2\/tags?post=4829"}],"curies":[{"name":"wp","href":"https:\/\/api.w.org\/{rel}","templated":true}]}}