{"id":4862,"date":"2018-05-18T14:11:20","date_gmt":"2018-05-18T11:11:20","guid":{"rendered":"https:\/\/iletim.istanbul.edu.tr\/?p=4862"},"modified":"2018-05-18T14:11:20","modified_gmt":"2018-05-18T11:11:20","slug":"semaver-birebir-kitapta","status":"publish","type":"post","link":"https:\/\/iletim.istanbul.edu.tr\/index.php\/2018\/05\/18\/semaver-birebir-kitapta\/","title":{"rendered":"Semaver Birebir Kitap\u2019ta"},"content":{"rendered":"<p>\u0130\u00dcWEBTV Sunuculuk At\u00f6lyesi\u2019nin haz\u0131rlay\u0131p sundu\u011fu Birebir Kitap\u2019\u0131n 8. b\u00f6l\u00fcm\u00fcnde Sait Faik Abas\u0131yan\u0131k\u2019\u0131n Semaver kitab\u0131 incelendi. Abas\u0131yan\u0131k\u2019\u0131n \u00e7ocukluk ve gen\u00e7lik an\u0131lar\u0131n\u0131n ve g\u00f6zlemlerini aktard\u0131\u011f\u0131 kitab\u0131n ana konular\u0131ndan birisi de hayat\u0131n g\u00fczelli\u011fi ve insan sevgisi olarak aktar\u0131ld\u0131.<\/p>\n<p><a href=\"https:\/\/iletim.istanbul.edu.tr\/?attachment_id=4863\"><img decoding=\"async\" class=\"alignnone wp-image-4863 size-full\" src=\"https:\/\/iletim.istanbul.edu.tr\/wp-content\/uploads\/0-1.png\" alt=\"\" width=\"642\" height=\"359\" srcset=\"https:\/\/iletim.istanbul.edu.tr\/wp-content\/uploads\/0-1.png 642w, https:\/\/iletim.istanbul.edu.tr\/wp-content\/uploads\/0-1-300x168.png 300w\" sizes=\"(max-width: 642px) 100vw, 642px\" \/><\/a><\/p>\n<p>Proje Dan\u0131\u015fmanl\u0131\u011f\u0131n\u0131 Dr. \u00d6\u011fr. \u00dcyesi Mesut Aytekin\u2019in yapt\u0131\u011f\u0131 ve Elif Durmu\u015f\u2019un sundu\u011fu Birebir Kitap\u2019\u0131n bu b\u00f6l\u00fcm\u00fcnde Ay\u015fe Y\u00f6ney, Hande Ocak, B\u00fc\u015fra Nur Dani\u015fment (Program Koordinat\u00f6r\u00fc), Yusuf Y\u0131lmaz, S\u00fcmeyye Mete, Cevat Ula\u015f Ceylan (Teknik Ekip), Hande Ocak (Metin), Mahsun K\u0131l\u0131\u00e7 (Sa\u00e7-Makyaj), Daniil Krasnov, Doruk Y\u0131lmaz (Kurgu), Salih K\u00f6se (Jenerik) g\u00f6rev ald\u0131.<\/p>\n<p>Birebir Kitap\u2019\u0131n 8. b\u00f6l\u00fcm\u00fcn\u00fc linke t\u0131klayarak izleyebilirsiniz: <a href=\"https:\/\/www.youtube.com\/watch?v=0nntAxjydtE\"><strong>https:\/\/www.youtube.com\/watch?v=0nntAxjydtE<\/strong><\/a><\/p>\n","protected":false},"excerpt":{"rendered":"<p>\u0130\u00dcWEBTV Sunuculuk At\u00f6lyesi\u2019nin haz\u0131rlay\u0131p sundu\u011fu Birebir Kitap\u2019\u0131n 8. b\u00f6l\u00fcm\u00fcnde Sait Faik Abas\u0131yan\u0131k\u2019\u0131n Semaver kitab\u0131 incelendi.<\/p>\n","protected":false},"author":14,"featured_media":4864,"comment_status":"open","ping_status":"open","sticky":false,"template":"","format":"standard","meta":{"jnews-multi-image_gallery":[],"jnews_single_post":[],"jnews_primary_category":[],"jnews_social_meta":[],"jnews_override_counter":[],"footnotes":""},"categories":[178,30],"tags":[],"class_list":["post-4862","post","type-post","status-publish","format-standard","has-post-thumbnail","hentry","category-fakultemizden","category-kultur-sanat"],"_links":{"self":[{"href":"https:\/\/iletim.istanbul.edu.tr\/index.php\/wp-json\/wp\/v2\/posts\/4862","targetHints":{"allow":["GET"]}}],"collection":[{"href":"https:\/\/iletim.istanbul.edu.tr\/index.php\/wp-json\/wp\/v2\/posts"}],"about":[{"href":"https:\/\/iletim.istanbul.edu.tr\/index.php\/wp-json\/wp\/v2\/types\/post"}],"author":[{"embeddable":true,"href":"https:\/\/iletim.istanbul.edu.tr\/index.php\/wp-json\/wp\/v2\/users\/14"}],"replies":[{"embeddable":true,"href":"https:\/\/iletim.istanbul.edu.tr\/index.php\/wp-json\/wp\/v2\/comments?post=4862"}],"version-history":[{"count":0,"href":"https:\/\/iletim.istanbul.edu.tr\/index.php\/wp-json\/wp\/v2\/posts\/4862\/revisions"}],"wp:featuredmedia":[{"embeddable":true,"href":"https:\/\/iletim.istanbul.edu.tr\/index.php\/wp-json\/wp\/v2\/media\/4864"}],"wp:attachment":[{"href":"https:\/\/iletim.istanbul.edu.tr\/index.php\/wp-json\/wp\/v2\/media?parent=4862"}],"wp:term":[{"taxonomy":"category","embeddable":true,"href":"https:\/\/iletim.istanbul.edu.tr\/index.php\/wp-json\/wp\/v2\/categories?post=4862"},{"taxonomy":"post_tag","embeddable":true,"href":"https:\/\/iletim.istanbul.edu.tr\/index.php\/wp-json\/wp\/v2\/tags?post=4862"}],"curies":[{"name":"wp","href":"https:\/\/api.w.org\/{rel}","templated":true}]}}