{"id":4996,"date":"2018-05-23T13:33:48","date_gmt":"2018-05-23T10:33:48","guid":{"rendered":"https:\/\/iletim.istanbul.edu.tr\/?p=4996"},"modified":"2018-05-28T11:27:22","modified_gmt":"2018-05-28T08:27:22","slug":"aylak-adam-birebir-kitapta","status":"publish","type":"post","link":"https:\/\/iletim.istanbul.edu.tr\/index.php\/2018\/05\/23\/aylak-adam-birebir-kitapta\/","title":{"rendered":"Aylak Adam Birebir Kitap\u2019ta"},"content":{"rendered":"<p><strong>Hande Nur OCAK<\/strong><\/p>\n<p>\u0130\u00dcWEBTV Sunuculuk At\u00f6lyesi\u2019nin haz\u0131rlay\u0131p sundu\u011fu Birebir Kitap program\u0131n\u0131n 10. b\u00f6l\u00fcm\u00fcnde,\u00a0 Yusuf At\u0131lgan\u2019\u0131n edebiyat\u0131m\u0131zda modernist roman\u0131n ilk \u00f6rne\u011fi diyebilece\u011fimiz \u201cAylak Adam\u201d roman\u0131 ele al\u0131nd\u0131.<\/p>\n<p>Psikolojik yabanc\u0131la\u015fma ve yaln\u0131zl\u0131k temas\u0131n\u0131 ba\u015far\u0131yla i\u015fleyen bir yazar olarak tan\u0131nan Yusuf At\u0131lgan, Aylak Adam roman\u0131nda okuyucusunu C. adl\u0131 karakterle tan\u0131\u015ft\u0131rmaktad\u0131r. Aylak Adam, ge\u00e7imini ailesinden kalan mirasla s\u00fcrd\u00fcren, belirli bir i\u015fte \u00e7al\u0131\u015fmaya ihtiya\u00e7 duymayan, sorumluluk almaktan ka\u00e7\u0131nan, bir yandan da ger\u00e7ek sevgiyi arayan bir adam\u0131n hik\u00e2yesini anlat\u0131r. Babas\u0131ndan kalan mirasla ge\u00e7inen kendi tabiriyle \u201caylak\u201d olan Bay C. g\u00fcnlerini insanlar\u0131n genelinden farkl\u0131 ge\u00e7irir. Kitap okur, film izler, \u00e7evresindeki insanlar\u0131 g\u00f6zlemler ve tam olarak ne arad\u0131\u011f\u0131n\u0131 anlamaya \u00e7al\u0131\u015f\u0131r. \u0130deal bir hayat ya\u015f\u0131yormu\u015f gibi g\u00f6r\u00fcnse de mutlu de\u011fildir. Bay C.\u2019nin sorunlar\u0131ndan birisi asl\u0131nda \u00e7a\u011f\u0131m\u0131z\u0131n en belirgin ve hepimizin zaman zaman kar\u015f\u0131la\u015ft\u0131\u011f\u0131 bir sorun olan, ger\u00e7ek sevgi ve do\u011fru ki\u015fi aray\u0131\u015f\u0131d\u0131r. Bay C.\u2019nin kafas\u0131na takt\u0131\u011f\u0131 sorunlar\u0131 anlat\u0131rken kendinizi bulaca\u011f\u0131n\u0131z bu roman, gerek anlat\u0131m bi\u00e7imi, gerekse karakterlerin derinli\u011fi a\u00e7\u0131s\u0131ndan olduk\u00e7a doyurucu bir i\u00e7eri\u011fe sahip.<\/p>\n<p>Melisa Kara\u015fen\u2019in sundu\u011fu bu b\u00f6l\u00fcmde \u015fu isimler g\u00f6rev ald\u0131: Dr. \u00d6\u011fr. \u00dcyesi Mesut Aytekin (Proje Dan\u0131\u015fman\u0131), Ay\u015fe Y\u00f6ney, Hande Nur Ocak, B\u00fc\u015fra Nur Dani\u015fment (Program Koordinat\u00f6r\u00fc), Yusuf Y\u0131lmaz, S\u00fcmeyye Mete, Cevat Ula\u015f Ceylan (Teknik Ekip), Hande Nur Ocak (Metin), Mahsun K\u0131l\u0131\u00e7 (Sa\u00e7-Makyaj), Daniil Krasnov, Doruk Y\u0131lmaz (Kurgu), Salih K\u00f6se (Jenerik).<\/p>\n<p>Birebir Kitap\u2019\u0131n 10. b\u00f6l\u00fcm\u00fcn\u00fc izlemek i\u00e7in t\u0131klay\u0131n\u0131z: <a href=\"https:\/\/www.youtube.com\/watch?v=isT5iByCA84\">https:\/\/www.youtube.com\/watch?v=isT5iByCA84<\/a><\/p>\n","protected":false},"excerpt":{"rendered":"<p>\u0130\u00dcWEBTV Sunuculuk At\u00f6lyesi\u2019nin haz\u0131rlay\u0131p sundu\u011fu Birebir Kitap program\u0131n\u0131n 10. b\u00f6l\u00fcm\u00fcnde,\u00a0 Yusuf At\u0131lgan\u2019\u0131n edebiyat\u0131m\u0131zda modernist roman\u0131n ilk \u00f6rne\u011fi diyebilece\u011fimiz \u201cAylak Adam\u201d roman\u0131 ele al\u0131nd\u0131.<\/p>\n","protected":false},"author":14,"featured_media":4997,"comment_status":"open","ping_status":"open","sticky":false,"template":"","format":"standard","meta":{"jnews-multi-image_gallery":[],"jnews_single_post":[],"jnews_primary_category":[],"jnews_social_meta":[],"jnews_override_counter":[],"footnotes":""},"categories":[178,30],"tags":[],"class_list":["post-4996","post","type-post","status-publish","format-standard","has-post-thumbnail","hentry","category-fakultemizden","category-kultur-sanat"],"_links":{"self":[{"href":"https:\/\/iletim.istanbul.edu.tr\/index.php\/wp-json\/wp\/v2\/posts\/4996","targetHints":{"allow":["GET"]}}],"collection":[{"href":"https:\/\/iletim.istanbul.edu.tr\/index.php\/wp-json\/wp\/v2\/posts"}],"about":[{"href":"https:\/\/iletim.istanbul.edu.tr\/index.php\/wp-json\/wp\/v2\/types\/post"}],"author":[{"embeddable":true,"href":"https:\/\/iletim.istanbul.edu.tr\/index.php\/wp-json\/wp\/v2\/users\/14"}],"replies":[{"embeddable":true,"href":"https:\/\/iletim.istanbul.edu.tr\/index.php\/wp-json\/wp\/v2\/comments?post=4996"}],"version-history":[{"count":0,"href":"https:\/\/iletim.istanbul.edu.tr\/index.php\/wp-json\/wp\/v2\/posts\/4996\/revisions"}],"wp:featuredmedia":[{"embeddable":true,"href":"https:\/\/iletim.istanbul.edu.tr\/index.php\/wp-json\/wp\/v2\/media\/4997"}],"wp:attachment":[{"href":"https:\/\/iletim.istanbul.edu.tr\/index.php\/wp-json\/wp\/v2\/media?parent=4996"}],"wp:term":[{"taxonomy":"category","embeddable":true,"href":"https:\/\/iletim.istanbul.edu.tr\/index.php\/wp-json\/wp\/v2\/categories?post=4996"},{"taxonomy":"post_tag","embeddable":true,"href":"https:\/\/iletim.istanbul.edu.tr\/index.php\/wp-json\/wp\/v2\/tags?post=4996"}],"curies":[{"name":"wp","href":"https:\/\/api.w.org\/{rel}","templated":true}]}}