{"id":4999,"date":"2018-05-21T13:34:38","date_gmt":"2018-05-21T10:34:38","guid":{"rendered":"https:\/\/iletim.istanbul.edu.tr\/?p=4999"},"modified":"2018-05-23T13:37:53","modified_gmt":"2018-05-23T10:37:53","slug":"kampuste-muzikin-9-bolumu-yayinlandi","status":"publish","type":"post","link":"https:\/\/iletim.istanbul.edu.tr\/index.php\/2018\/05\/21\/kampuste-muzikin-9-bolumu-yayinlandi\/","title":{"rendered":"Kamp\u00fcste M\u00fczik\u2019in 9. B\u00f6l\u00fcm\u00fc Yay\u0131nland\u0131\u00a0"},"content":{"rendered":"<p><strong>Halil SA\u00c7<\/strong><\/p>\n<p>Her b\u00f6l\u00fcm\u00fcnde farkl\u0131 bir m\u00fczisyeni a\u011f\u0131rlayan Kamp\u00fcste M\u00fczik program\u0131 9. b\u00f6l\u00fcm\u00fcnde \u0130leti\u015fim Fak\u00fcltesi mezunlar\u0131ndan \u0130brahim \u00c7olak\u2019\u0131 a\u011f\u0131rlad\u0131.<\/p>\n<p>Sunuculu\u011funu Melisa Kara\u015fen\u2019in yapt\u0131\u011f\u0131 Kamp\u00fcste M\u00fczik\u2019in bu haftaki konu\u011fu Radyo Televizyon B\u00f6l\u00fcm\u00fc \u00f6\u011frencisi \u0130brahim \u00c7olak oldu. \u0130lkokuldan beri m\u00fczi\u011fe merakl\u0131 oldu\u011funu ve ilgilendi\u011fini ancak \u0130leti\u015fim Fak\u00fcltesi\u2019nde okumaya ba\u015flad\u0131ktan sonra m\u00fczikle daha fazla ilgilendi\u011fini belirten \u00c7olak, \u201cM\u00fczik alan\u0131nda kendimi geli\u015ftirmek istiyorum. Kendi m\u00fcziklerime, s\u00f6zlerime ve duygular\u0131ma g\u00fcveniyorum\u201d s\u00f6zlerini sarf etti.<\/p>\n<p>\u00c7olak, dinledi\u011fi ve yapt\u0131\u011f\u0131 m\u00fczik tarz\u0131n\u0131n daha \u00e7ok pop\u00fcler \u015feyler oldu\u011funu belirtip programda \u0130spanyolca, \u0130ngilizce ve T\u00fcrk\u00e7e par\u00e7alar seslendirdi.<\/p>\n<p><a href=\"https:\/\/iletim.istanbul.edu.tr\/?attachment_id=5001\"><img decoding=\"async\" class=\"alignnone wp-image-5001 size-full\" src=\"https:\/\/iletim.istanbul.edu.tr\/wp-content\/uploads\/Ads\u0131z-30.png\" alt=\"\" width=\"856\" height=\"480\" srcset=\"https:\/\/iletim.istanbul.edu.tr\/wp-content\/uploads\/Ads\u0131z-30.png 856w, https:\/\/iletim.istanbul.edu.tr\/wp-content\/uploads\/Ads\u0131z-30-300x168.png 300w, https:\/\/iletim.istanbul.edu.tr\/wp-content\/uploads\/Ads\u0131z-30-768x431.png 768w\" sizes=\"(max-width: 856px) 100vw, 856px\" \/><\/a><\/p>\n<p>Ar\u015f. G\u00f6r. Volkan Erol\u2019un program koordinat\u00f6rl\u00fc\u011f\u00fcn\u00fc yapt\u0131\u011f\u0131 program\u0131n 9. b\u00f6l\u00fcm\u00fcnde Durukan Y\u0131ld\u0131z (Y\u00f6netmen), Damla Pulluk\u00e7u (Sanat Y\u00f6netmeni), Ay\u00e7a \u0130rem T\u00fcrke\u015f (Kamera), Talha \u00c7oban (Kamera), Aleyna Dereli (Kamera), Mehmet Ali Keve (Teknik Ekip), Salih K\u00f6se (Kurgu), Mehmet Ozan K\u00fclte (Jenerik) yer ald\u0131.<\/p>\n<p>Kamp\u00fcste M\u00fczik program\u0131n\u0131n 9. b\u00f6l\u00fcm\u00fcn\u00fc izlemek i\u00e7in linke t\u0131klay\u0131n\u0131z: <a href=\"https:\/\/www.youtube.com\/watch?v=sQhiOxv0xPQ\">https:\/\/www.youtube.com\/watch?v=sQhiOxv0xPQ<\/a><\/p>\n","protected":false},"excerpt":{"rendered":"<p>Her b\u00f6l\u00fcm\u00fcnde farkl\u0131 bir m\u00fczisyeni a\u011f\u0131rlayan Kamp\u00fcste M\u00fczik program\u0131 9. b\u00f6l\u00fcm\u00fcnde \u0130leti\u015fim Fak\u00fcltesi mezunlar\u0131ndan \u0130brahim \u00c7olak\u2019\u0131 a\u011f\u0131rlad\u0131.<\/p>\n","protected":false},"author":14,"featured_media":5000,"comment_status":"open","ping_status":"open","sticky":false,"template":"","format":"standard","meta":{"jnews-multi-image_gallery":[],"jnews_single_post":[],"jnews_primary_category":[],"jnews_social_meta":[],"jnews_override_counter":[],"footnotes":""},"categories":[178,30],"tags":[],"class_list":["post-4999","post","type-post","status-publish","format-standard","has-post-thumbnail","hentry","category-fakultemizden","category-kultur-sanat"],"_links":{"self":[{"href":"https:\/\/iletim.istanbul.edu.tr\/index.php\/wp-json\/wp\/v2\/posts\/4999","targetHints":{"allow":["GET"]}}],"collection":[{"href":"https:\/\/iletim.istanbul.edu.tr\/index.php\/wp-json\/wp\/v2\/posts"}],"about":[{"href":"https:\/\/iletim.istanbul.edu.tr\/index.php\/wp-json\/wp\/v2\/types\/post"}],"author":[{"embeddable":true,"href":"https:\/\/iletim.istanbul.edu.tr\/index.php\/wp-json\/wp\/v2\/users\/14"}],"replies":[{"embeddable":true,"href":"https:\/\/iletim.istanbul.edu.tr\/index.php\/wp-json\/wp\/v2\/comments?post=4999"}],"version-history":[{"count":0,"href":"https:\/\/iletim.istanbul.edu.tr\/index.php\/wp-json\/wp\/v2\/posts\/4999\/revisions"}],"wp:featuredmedia":[{"embeddable":true,"href":"https:\/\/iletim.istanbul.edu.tr\/index.php\/wp-json\/wp\/v2\/media\/5000"}],"wp:attachment":[{"href":"https:\/\/iletim.istanbul.edu.tr\/index.php\/wp-json\/wp\/v2\/media?parent=4999"}],"wp:term":[{"taxonomy":"category","embeddable":true,"href":"https:\/\/iletim.istanbul.edu.tr\/index.php\/wp-json\/wp\/v2\/categories?post=4999"},{"taxonomy":"post_tag","embeddable":true,"href":"https:\/\/iletim.istanbul.edu.tr\/index.php\/wp-json\/wp\/v2\/tags?post=4999"}],"curies":[{"name":"wp","href":"https:\/\/api.w.org\/{rel}","templated":true}]}}