{"id":5053,"date":"2018-05-30T12:18:45","date_gmt":"2018-05-30T09:18:45","guid":{"rendered":"https:\/\/iletim.istanbul.edu.tr\/?p=5053"},"modified":"2018-06-06T14:01:50","modified_gmt":"2018-06-06T11:01:50","slug":"bizim-sinema-yeni-sezonuyla-iuwebtvde","status":"publish","type":"post","link":"https:\/\/iletim.istanbul.edu.tr\/index.php\/2018\/05\/30\/bizim-sinema-yeni-sezonuyla-iuwebtvde\/","title":{"rendered":"Bizim Sinema Yeni Sezonuyla \u0130\u00dcWEBTV\u2019de"},"content":{"rendered":"<p>\u0130\u00dcWEBTV\u2019nin \u0130stanbul \u00dcniversitesi \u00f6\u011frenci ve mezunlar\u0131n\u0131n sinemaya dair fikir ve projelerinin payla\u015f\u0131ld\u0131\u011f\u0131 Bizim Sinema program\u0131 yeni sezonunun ilk b\u00f6l\u00fcm\u00fc yay\u0131nland\u0131.<\/p>\n<p>Programa konuk olan \u0130stanbul \u00dcniversitesi Sosyal Bilimler Enstit\u00fcs\u00fc Radyo TV Sinema Ana Bilim Dal\u0131 Y\u00fcksek Lisans \u00d6\u011frencisi \u00d6zge Se\u00e7kin, programda akademik kariyer ve sekt\u00f6r\u00fc birlikte y\u00fcr\u00fctmenin zorlu\u011fundan bahsederek bu yolculukta neler yapt\u0131\u011f\u0131n\u0131 anlatt\u0131.<\/p>\n<p><img decoding=\"async\" class=\"alignnone wp-image-5057 size-full\" src=\"https:\/\/iletim.istanbul.edu.tr\/wp-content\/uploads\/1.png\" alt=\"\" width=\"642\" height=\"360\" srcset=\"https:\/\/iletim.istanbul.edu.tr\/wp-content\/uploads\/1.png 642w, https:\/\/iletim.istanbul.edu.tr\/wp-content\/uploads\/1-300x168.png 300w\" sizes=\"(max-width: 642px) 100vw, 642px\" \/><\/p>\n<p>\u0130leti\u015fim Fak\u00fcltesi Radyo Televizyon ve Sinema B\u00f6l\u00fcm\u00fc mezunu olan Se\u00e7kin, e\u011fitim hayat\u0131n\u0131 anlatarak b\u00f6l\u00fcm\u00fc isteyerek se\u00e7ti\u011fini s\u00f6yledi. Sekt\u00f6r deneyimlerinden ve e\u011fitim hayat\u0131 boyunca yapt\u0131\u011f\u0131 \u00e7al\u0131\u015fmalardan bahseden Se\u00e7kin, sekt\u00f6rde \u00e7al\u0131\u015fmak isteyenlere tavsiyelerde bulundu.<\/p>\n<p>Simge Erten\u2019in sundu\u011fu ve Dr. \u00d6\u011fr. \u00dcyesi Mesut Aytekin\u2019in Program Koordinat\u00f6r\u00fc oldu\u011fu Bizim Sinema\u2019n\u0131n bu b\u00f6l\u00fcm\u00fcnde ayr\u0131ca Mehmet Ali Keve, Fatih Berkay Kayar (Kamera), Ay\u00e7a \u0130rem T\u00fcrke\u015f, Mehmet Ali Keve (Teknik Ekip), Salih K\u00f6se (Jenerik), Onur Keser (Kurgu), Hande Nur Ocak, Ya\u011fmur Meltem Atik (Y\u00f6netmen) g\u00f6rev ald\u0131.<\/p>\n<p>Bizim Sinema\u2019n\u0131n 10. b\u00f6l\u00fcm\u00fcn\u00fc linke t\u0131klayarak izleyebilirsiniz: <a href=\"https:\/\/www.youtube.com\/watch?v=JBQEU4BM-DM&amp;t=1s\">https:\/\/www.youtube.com\/watch?v=JBQEU4BM-DM&amp;t=1s<\/a><\/p>\n","protected":false},"excerpt":{"rendered":"<p>\u0130\u00dcWEBTV\u2019nin \u0130stanbul \u00dcniversitesi \u00f6\u011frenci ve mezunlar\u0131n\u0131n sinemaya dair fikir ve projelerinin payla\u015f\u0131ld\u0131\u011f\u0131 Bizim Sinema program\u0131 yeni sezonunun ilk b\u00f6l\u00fcm\u00fc yay\u0131nland\u0131.<\/p>\n","protected":false},"author":14,"featured_media":5058,"comment_status":"open","ping_status":"open","sticky":false,"template":"","format":"standard","meta":{"jnews-multi-image_gallery":[],"jnews_single_post":[],"jnews_primary_category":[],"jnews_social_meta":[],"jnews_override_counter":[],"footnotes":""},"categories":[178,30],"tags":[],"class_list":["post-5053","post","type-post","status-publish","format-standard","has-post-thumbnail","hentry","category-fakultemizden","category-kultur-sanat"],"_links":{"self":[{"href":"https:\/\/iletim.istanbul.edu.tr\/index.php\/wp-json\/wp\/v2\/posts\/5053","targetHints":{"allow":["GET"]}}],"collection":[{"href":"https:\/\/iletim.istanbul.edu.tr\/index.php\/wp-json\/wp\/v2\/posts"}],"about":[{"href":"https:\/\/iletim.istanbul.edu.tr\/index.php\/wp-json\/wp\/v2\/types\/post"}],"author":[{"embeddable":true,"href":"https:\/\/iletim.istanbul.edu.tr\/index.php\/wp-json\/wp\/v2\/users\/14"}],"replies":[{"embeddable":true,"href":"https:\/\/iletim.istanbul.edu.tr\/index.php\/wp-json\/wp\/v2\/comments?post=5053"}],"version-history":[{"count":0,"href":"https:\/\/iletim.istanbul.edu.tr\/index.php\/wp-json\/wp\/v2\/posts\/5053\/revisions"}],"wp:featuredmedia":[{"embeddable":true,"href":"https:\/\/iletim.istanbul.edu.tr\/index.php\/wp-json\/wp\/v2\/media\/5058"}],"wp:attachment":[{"href":"https:\/\/iletim.istanbul.edu.tr\/index.php\/wp-json\/wp\/v2\/media?parent=5053"}],"wp:term":[{"taxonomy":"category","embeddable":true,"href":"https:\/\/iletim.istanbul.edu.tr\/index.php\/wp-json\/wp\/v2\/categories?post=5053"},{"taxonomy":"post_tag","embeddable":true,"href":"https:\/\/iletim.istanbul.edu.tr\/index.php\/wp-json\/wp\/v2\/tags?post=5053"}],"curies":[{"name":"wp","href":"https:\/\/api.w.org\/{rel}","templated":true}]}}