{"id":5415,"date":"2018-06-14T11:55:59","date_gmt":"2018-06-14T08:55:59","guid":{"rendered":"https:\/\/iletim.istanbul.edu.tr\/?p=5415"},"modified":"2018-06-28T11:43:08","modified_gmt":"2018-06-28T08:43:08","slug":"felsefe-toplulugu-kulubu-kulup-saatinde","status":"publish","type":"post","link":"https:\/\/iletim.istanbul.edu.tr\/index.php\/2018\/06\/14\/felsefe-toplulugu-kulubu-kulup-saatinde\/","title":{"rendered":"Felsefe Toplulu\u011fu Kul\u00fcb\u00fc Kul\u00fcp Saati\u2019nde"},"content":{"rendered":"<p><strong>\u00d6zge KONDAK\u00c7I<\/strong><\/p>\n<p>\u0130\u00dcWEBTV\u2019nin kul\u00fcp program\u0131 Kul\u00fcp Saati, \u0130stanbul \u00dcniversitesi\u00a0Felsefe Toplulu\u011fu Kul\u00fcb\u00fc\u2019n\u00fc konuk olarak a\u011f\u0131rlad\u0131. Kul\u00fcp Ba\u015fkan\u0131 \u0130rem kanat, Kul\u00fcp Saati\u2019ne konu\u015ftu.<\/p>\n<p>Edebiyat Fak\u00fcltesi Felsefe B\u00f6l\u00fcm\u00fc 3. s\u0131n\u0131f \u00f6\u011frencisi \u0130rem Kanat, Felsefe Toplulu\u011fu Kul\u00fcb\u00fc\u2019n\u00fc anlatt\u0131. 2002 y\u0131l\u0131nda kurulan k\u00f6kl\u00fc bir topluluk oldu\u011funu belirten Kanat, her d\u00f6nem kongre d\u00fczenlediklerini, sinema at\u00f6lyesinde film okumalar\u0131 yapt\u0131klar\u0131n\u0131 ve okuma gruplar\u0131 oldu\u011funu aktard\u0131. \u201cKat\u0131lmak isteyen arkada\u015flar\u0131m\u0131za her zaman a\u00e7\u0131\u011f\u0131z\u201d dedi.<\/p>\n<p>B\u00fc\u015fra Nur Dani\u015fment\u2019in sundu\u011fu ve Ar\u015f. G\u00f6r. Kemal Deniz\u2019in Program Koordinat\u00f6r\u00fc oldu\u011fu program\u0131n bu b\u00f6l\u00fcm\u00fcnde \u015fu isimler g\u00f6rev ald\u0131: G\u00fclay F\u0131\u015fk\u0131n, Samet Kat, Serdar Ta\u015fy\u00fcrek (Kamera), S\u00fcmeyye Maria Mete (Ses), Salih K\u00f6se (Jenerik), Onur Keser (Kurgu), B\u00fc\u015fra Nur Dani\u015fment (Y\u00f6netmen).<\/p>\n<p>Kul\u00fcp Saati\u2019nin 15. b\u00f6l\u00fcm\u00fcne linke t\u0131klayarak ula\u015fabilirsiniz: <a href=\"https:\/\/www.youtube.com\/watch?v=jxgeTIYn6Ek\">https:\/\/www.youtube.com\/watch?v=jxgeTIYn6Ek<\/a><\/p>\n","protected":false},"excerpt":{"rendered":"<p>\u0130\u00dcWEBTV\u2019nin kul\u00fcp program\u0131 Kul\u00fcp Saati, \u0130stanbul \u00dcniversitesi\u00a0Felsefe Toplulu\u011fu Kul\u00fcb\u00fc\u2019n\u00fc konuk olarak a\u011f\u0131rlad\u0131. Kul\u00fcp Ba\u015fkan\u0131 \u0130rem kanat, Kul\u00fcp Saati\u2019ne konu\u015ftu.<\/p>\n","protected":false},"author":14,"featured_media":5416,"comment_status":"open","ping_status":"open","sticky":false,"template":"","format":"standard","meta":{"jnews-multi-image_gallery":[],"jnews_single_post":[],"jnews_primary_category":[],"jnews_social_meta":[],"jnews_override_counter":[],"footnotes":""},"categories":[178,31],"tags":[],"class_list":["post-5415","post","type-post","status-publish","format-standard","has-post-thumbnail","hentry","category-fakultemizden","category-teknoloji"],"_links":{"self":[{"href":"https:\/\/iletim.istanbul.edu.tr\/index.php\/wp-json\/wp\/v2\/posts\/5415","targetHints":{"allow":["GET"]}}],"collection":[{"href":"https:\/\/iletim.istanbul.edu.tr\/index.php\/wp-json\/wp\/v2\/posts"}],"about":[{"href":"https:\/\/iletim.istanbul.edu.tr\/index.php\/wp-json\/wp\/v2\/types\/post"}],"author":[{"embeddable":true,"href":"https:\/\/iletim.istanbul.edu.tr\/index.php\/wp-json\/wp\/v2\/users\/14"}],"replies":[{"embeddable":true,"href":"https:\/\/iletim.istanbul.edu.tr\/index.php\/wp-json\/wp\/v2\/comments?post=5415"}],"version-history":[{"count":0,"href":"https:\/\/iletim.istanbul.edu.tr\/index.php\/wp-json\/wp\/v2\/posts\/5415\/revisions"}],"wp:featuredmedia":[{"embeddable":true,"href":"https:\/\/iletim.istanbul.edu.tr\/index.php\/wp-json\/wp\/v2\/media\/5416"}],"wp:attachment":[{"href":"https:\/\/iletim.istanbul.edu.tr\/index.php\/wp-json\/wp\/v2\/media?parent=5415"}],"wp:term":[{"taxonomy":"category","embeddable":true,"href":"https:\/\/iletim.istanbul.edu.tr\/index.php\/wp-json\/wp\/v2\/categories?post=5415"},{"taxonomy":"post_tag","embeddable":true,"href":"https:\/\/iletim.istanbul.edu.tr\/index.php\/wp-json\/wp\/v2\/tags?post=5415"}],"curies":[{"name":"wp","href":"https:\/\/api.w.org\/{rel}","templated":true}]}}