{"id":5479,"date":"2018-06-20T12:43:38","date_gmt":"2018-06-20T09:43:38","guid":{"rendered":"https:\/\/iletim.istanbul.edu.tr\/?p=5479"},"modified":"2018-07-02T12:49:43","modified_gmt":"2018-07-02T09:49:43","slug":"gez-gor-anlat-bozdagan-su-kemerini-anlatti","status":"publish","type":"post","link":"https:\/\/iletim.istanbul.edu.tr\/index.php\/2018\/06\/20\/gez-gor-anlat-bozdagan-su-kemerini-anlatti\/","title":{"rendered":"Gez G\u00f6r Anlat Bozda\u011fan Su Kemeri\u2019ni Anlatt\u0131"},"content":{"rendered":"<p><strong>Ya\u011fmur Ceren KURAL<\/strong><\/p>\n<p>\u0130\u00dcWEBTV\u2019nin gezi program\u0131 Gez G\u00f6r Anlat\u2019\u0131n 4. b\u00f6l\u00fcm\u00fc yay\u0131nland\u0131.<\/p>\n<p>Zeynep \u00d6zcan\u2019\u0131n sundu\u011fu Gez G\u00f6r Anlat\u2019\u0131n d\u00f6rd\u00fcnc\u00fc b\u00f6l\u00fcm\u00fcnde Sara\u00e7hane\u2019de yer alan ve Valens Su Kemeri olarak da bilinen Bozda\u011fan Su Kemeri anlat\u0131ld\u0131. Tarihi bir ge\u00e7mi\u015fe sahip olan ve su sorununu \u00e7\u00f6zmek amac\u0131yla in\u015fa edilen bu tarihi kemerin ge\u00e7mi\u015fi hakk\u0131nda bilgiler verildi.<\/p>\n<p>Dr. \u00d6\u011fr. \u00dcyesi Mesut Aytekin\u2019in Program Koordin\u00f6t\u00fcr\u00fc oldu\u011fu program\u0131n 4. b\u00f6l\u00fcm\u00fcnde Birdal Arslan (Kamera) ve T\u00fcrkay \u00dcnl\u00fc (Kurgu-Jenerik) de g\u00f6rev ald\u0131.<\/p>\n<p>Gez G\u00f6r Anlat\u2019\u0131n 4. b\u00f6l\u00fcm\u00fcn\u00fc linke t\u0131klayarak izleyebilirsiniz: <a href=\"https:\/\/www.youtube.com\/watch?v=KRgWgTTb2Vg\">https:\/\/www.youtube.com\/watch?v=KRgWgTTb2Vg<\/a><\/p>\n","protected":false},"excerpt":{"rendered":"<p>\u0130\u00dcWEBTV\u2019nin gezi program\u0131 Gez G\u00f6r Anlat\u2019\u0131n d\u00f6rd\u00fcnc\u00fc b\u00f6l\u00fcm\u00fc yay\u0131nland\u0131.<\/p>\n","protected":false},"author":14,"featured_media":5480,"comment_status":"open","ping_status":"open","sticky":false,"template":"","format":"standard","meta":{"jnews-multi-image_gallery":[],"jnews_single_post":[],"jnews_primary_category":[],"jnews_social_meta":[],"jnews_override_counter":[],"footnotes":""},"categories":[28,178],"tags":[],"class_list":["post-5479","post","type-post","status-publish","format-standard","has-post-thumbnail","hentry","category-istanbul","category-fakultemizden"],"_links":{"self":[{"href":"https:\/\/iletim.istanbul.edu.tr\/index.php\/wp-json\/wp\/v2\/posts\/5479","targetHints":{"allow":["GET"]}}],"collection":[{"href":"https:\/\/iletim.istanbul.edu.tr\/index.php\/wp-json\/wp\/v2\/posts"}],"about":[{"href":"https:\/\/iletim.istanbul.edu.tr\/index.php\/wp-json\/wp\/v2\/types\/post"}],"author":[{"embeddable":true,"href":"https:\/\/iletim.istanbul.edu.tr\/index.php\/wp-json\/wp\/v2\/users\/14"}],"replies":[{"embeddable":true,"href":"https:\/\/iletim.istanbul.edu.tr\/index.php\/wp-json\/wp\/v2\/comments?post=5479"}],"version-history":[{"count":0,"href":"https:\/\/iletim.istanbul.edu.tr\/index.php\/wp-json\/wp\/v2\/posts\/5479\/revisions"}],"wp:featuredmedia":[{"embeddable":true,"href":"https:\/\/iletim.istanbul.edu.tr\/index.php\/wp-json\/wp\/v2\/media\/5480"}],"wp:attachment":[{"href":"https:\/\/iletim.istanbul.edu.tr\/index.php\/wp-json\/wp\/v2\/media?parent=5479"}],"wp:term":[{"taxonomy":"category","embeddable":true,"href":"https:\/\/iletim.istanbul.edu.tr\/index.php\/wp-json\/wp\/v2\/categories?post=5479"},{"taxonomy":"post_tag","embeddable":true,"href":"https:\/\/iletim.istanbul.edu.tr\/index.php\/wp-json\/wp\/v2\/tags?post=5479"}],"curies":[{"name":"wp","href":"https:\/\/api.w.org\/{rel}","templated":true}]}}