{"id":5674,"date":"2018-07-06T16:46:16","date_gmt":"2018-07-06T13:46:16","guid":{"rendered":"https:\/\/iletim.istanbul.edu.tr\/?p=5674"},"modified":"2019-08-01T13:34:30","modified_gmt":"2019-08-01T10:34:30","slug":"engel-tanimayan-bir-hayat-milli-gururumuz-naci-yenier","status":"publish","type":"post","link":"https:\/\/iletim.istanbul.edu.tr\/index.php\/2018\/07\/06\/engel-tanimayan-bir-hayat-milli-gururumuz-naci-yenier\/","title":{"rendered":"Engel Tan\u0131mayan Bir Hayat: Milli Gururumuz Naci Yenier"},"content":{"rendered":"<p><strong>Dilagah METECAN<\/strong><\/p>\n<p>Paralimpik Ok\u00e7uluk D\u00fcnya \u015eampiyonas\u0131\u2019nda tak\u0131m arkada\u015flar\u0131yla iki d\u00fcnya rekoru k\u0131ran, \u0130leti\u015fim Fak\u00fcltesi Gazetecilik B\u00f6l\u00fcm\u00fc mezunu, milli gururumuz Naci Yenier, kariyerini ve ok\u00e7uluk sporunu anlatt\u0131.<\/p>\n<p>Naci Yenier, 24 Kas\u0131m 1963 y\u0131l\u0131nda Adana\u2019n\u0131n Ceyhan il\u00e7esinde bir k\u00f6yde do\u011fdu. \u0130lkokulu bitirdikten sonra ortaokulu okumak i\u00e7in abisi ile Adana\u2019n\u0131n Ceyhan il\u00e7esine geldi. Ceyhan\u2019da tan\u0131d\u0131klar\u0131n\u0131n yan\u0131nda kalarak hem \u00e7al\u0131\u015f\u0131p hem okudu. Yaz\u0131n tarlada \u00e7al\u0131\u015fan Yenier, talihsiz bir kaza sonucu kolunu i\u015f makinesine s\u0131k\u0131\u015ft\u0131rd\u0131. Kol kemikleri parampar\u00e7a olan Yenier gitti\u011fi her hastanede ayn\u0131 cevab\u0131 ald\u0131, kolu kesilecekti. Buna raz\u0131 olmayan annesi, onu k\u00f6ylerindeki bir \u00e7\u0131k\u0131k\u00e7\u0131ya g\u00f6t\u00fcrd\u00fc \u015fans eseri kemikleri kaynam\u0131\u015f, yerine oturmu\u015ftu. Ge\u00e7irdi\u011fi talihsiz olay y\u00fcz\u00fcnden e\u011fitim hayat\u0131 biten Yenier, askere giderek askerlik vazifesini tamamlad\u0131. Askerden geldikten sonra Adana\u2019da \u00e7al\u0131\u015fmaya ba\u015flayan Yenier, bir akrabas\u0131n\u0131n d\u00fc\u011f\u00fcn\u00fcne giderken trafik kazas\u0131 ge\u00e7irdi. Ambulans gelmemi\u015fti, apar topar bir araban\u0131n bagaj\u0131na koyuldu. Doktorlar\u0131n ya\u015famaz dedi\u011fi Yenier, omurilik felci ge\u00e7irdi.<\/p>\n<p><strong>\u201dYa\u015famaz Dediler Ama Ya\u015fad\u0131m\u201d<\/strong><\/p>\n<p>1993 y\u0131l\u0131ndaki bu trafik kazas\u0131 sonucu omurilik felci ge\u00e7iren Naci Yenier, 15 y\u0131l boyunca k\u00f6yde annesi ile ya\u015fad\u0131. K\u00fc\u00e7\u00fckl\u00fc\u011f\u00fcnden beri resme merakl\u0131 olan Yenier, internette bir sayfa a\u00e7t\u0131 ve bu sayfadan yapt\u0131\u011f\u0131 resimleri payla\u015ft\u0131. \u0130nternet \u00fczerinden resimlerini be\u011fenen e\u015fi Serap Yenier ile tan\u0131\u015ft\u0131.\u00a0 Dostluklar\u0131 ba\u015flam\u0131\u015f oldu. \u201cGe\u00e7irdi\u011fim kaza hayat\u0131m\u0131n ikinci d\u00f6n\u00fcm\u00fc oldu\u201d diyen Yenier, e\u015fiyle tan\u0131\u015fmas\u0131n\u0131 da hayat\u0131n\u0131n \u00fc\u00e7\u00fcnc\u00fc d\u00f6n\u00fcm\u00fc olarak adland\u0131r\u0131yor.<\/p>\n<p><a href=\"https:\/\/iletim.istanbul.edu.tr\/wp-content\/uploads\/okulum.jpg\"><img decoding=\"async\" class=\"alignnone wp-image-5678 size-large\" src=\"https:\/\/iletim.istanbul.edu.tr\/wp-content\/uploads\/okulum-1024x768.jpg\" alt=\"\" width=\"702\" height=\"527\" srcset=\"https:\/\/iletim.istanbul.edu.tr\/wp-content\/uploads\/okulum-1024x768.jpg 1024w, https:\/\/iletim.istanbul.edu.tr\/wp-content\/uploads\/okulum-300x225.jpg 300w, https:\/\/iletim.istanbul.edu.tr\/wp-content\/uploads\/okulum-768x576.jpg 768w, https:\/\/iletim.istanbul.edu.tr\/wp-content\/uploads\/okulum.jpg 1600w\" sizes=\"(max-width: 702px) 100vw, 702px\" \/><\/a><\/p>\n<p><strong>\u201dHayat\u0131m Mutlu Bir Rotaya \u00c7evrildi\u201d<\/strong><\/p>\n<p>Yenier, e\u015fi ve en b\u00fcy\u00fck destek\u00e7isi Serap Yenier ile tan\u0131\u015ft\u0131ktan sonra \u0130stanbul\u2019a geldi. Yar\u0131m kalan e\u011fitimine devam eden Yenier, \u0130leti\u015fim Fak\u00fcltesi Gazetecilik B\u00f6l\u00fcm\u00fc\u2019ne birincilikle girdi. \u015eu an Kartal Anadolu Adalet Saray\u0131\u2019nda \u00e7al\u0131\u015fan Naci Yenier ayn\u0131 zamanda adliyede antrenmanlar\u0131na devam ediyor.<\/p>\n<p>Bir tatil k\u00f6y\u00fcnde yap\u0131lan animasyon s\u0131ras\u0131nda ilk okunu atan Yenier, tekerlekli sandalye kullanmas\u0131 nedeniyle bir s\u00fcre kendine uygun bir ok\u00e7uluk kul\u00fcb\u00fc arad\u0131. Marmara Ok\u00e7uluk Kul\u00fcb\u00fc\u2019nde Serdar \u015eat\u0131r ile antrenmanlara ba\u015flayan Yenier, ilk yar\u0131\u015fmas\u0131nda ald\u0131\u011f\u0131 birincilikle milli tak\u0131ma girdi.<\/p>\n<p>Yenier, d\u00f6rt T\u00fcrkiye birincili\u011fi, bir T\u00fcrkiye ikincili\u011fi, bir D\u00fcnya s\u0131ralama yar\u0131\u015fmas\u0131 ikincili\u011fi, bir Olimpiyat kota birincili\u011fi, g\u00f6z\u00fcne yabanc\u0131 cisim girmesine ra\u011fmen Rio 2016 Olimpiyat\u0131\u2019nda be\u015fincili\u011fi ve son olarak \u00c7in\u2019in ba\u015fkenti Pekin\u2019de W1 erkek tak\u0131m\u0131 olarak ve iki rekor k\u0131rarak D\u00fcnya \u015eampiyonu unvan\u0131yla bir\u00e7ok ba\u015far\u0131 elde etti. \u015eu an Ok\u00e7ular Vakf\u0131\u2019nda \u00e7al\u0131\u015fmalar\u0131n\u0131 s\u00fcrd\u00fcr\u00fcyor.<\/p>\n<p>Kad\u0131n\u0131yla, erke\u011fiyle, ya\u015fl\u0131s\u0131yla, genciyle, bedensel engellisiyle, sa\u011fl\u0131kl\u0131s\u0131yla yap\u0131lan tek sporun ok\u00e7uluk sporu oldu\u011funu vurgulayan Yenier, \u201cOk\u00e7ulu\u011fa ba\u015flamam ile birlikte sa\u011fl\u0131\u011f\u0131mda b\u00fcy\u00fck d\u00fczelmeler oldu. Kol kaslar\u0131m daha da g\u00fc\u00e7lendi. Kendime g\u00fcvenim artt\u0131, sosyalle\u015ftim\u201d \u015feklinde konu\u015ftu. Yenier, engellilerin rahat\u00e7a ya\u015famalar\u0131na olanak sa\u011flayacak \u00e7al\u0131\u015fmalar yap\u0131lmas\u0131 gerekti\u011fini s\u00f6yledi.<\/p>\n<p><a href=\"https:\/\/iletim.istanbul.edu.tr\/wp-content\/uploads\/DSC00631-1.jpg\"><img decoding=\"async\" class=\"alignnone wp-image-5680 size-full\" src=\"https:\/\/iletim.istanbul.edu.tr\/wp-content\/uploads\/DSC00631-1.jpg\" alt=\"\" width=\"2400\" height=\"1600\" srcset=\"https:\/\/iletim.istanbul.edu.tr\/wp-content\/uploads\/DSC00631-1.jpg 2400w, https:\/\/iletim.istanbul.edu.tr\/wp-content\/uploads\/DSC00631-1-300x200.jpg 300w, https:\/\/iletim.istanbul.edu.tr\/wp-content\/uploads\/DSC00631-1-768x512.jpg 768w, https:\/\/iletim.istanbul.edu.tr\/wp-content\/uploads\/DSC00631-1-1024x683.jpg 1024w\" sizes=\"(max-width: 2400px) 100vw, 2400px\" \/><\/a><\/p>\n","protected":false},"excerpt":{"rendered":"<p>Paralimpik Ok\u00e7uluk D\u00fcnya \u015eampiyonas\u0131\u2019nda tak\u0131m arkada\u015flar\u0131yla iki d\u00fcnya rekoru k\u0131ran, \u0130leti\u015fim Fak\u00fcltesi Gazetecilik B\u00f6l\u00fcm\u00fc mezunu, milli gururumuz Naci Yenier, kariyerini ve ok\u00e7uluk sporunu anlatt\u0131.<br \/>\nNaci Yenier, 24 Kas\u0131m 1963 y\u0131l\u0131nda Adana\u2019n\u0131n Ceyhan il\u00e7esinde bir k\u00f6yde do\u011fdu. \u0130lkokulu bitirdikten sonra ortaokulu okumak i\u00e7in abisi ile Adana\u2019n\u0131n Ceyhan il\u00e7esine geldi. Ceyhan\u2019da tan\u0131d\u0131klar\u0131n\u0131n yan\u0131nda kalarak hem \u00e7al\u0131\u015f\u0131p hem okudu. Yaz\u0131n tarlada \u00e7al\u0131\u015fan Yenier, talihsiz bir kaza sonucu kolunu i\u015f makinesine s\u0131k\u0131\u015ft\u0131rd\u0131. Kol kemikleri parampar\u00e7a olan Yenier gitti\u011fi her hastanede ayn\u0131 cevab\u0131 ald\u0131, kolu kesilecekti. Buna raz\u0131 olmayan annesi, onu k\u00f6ylerindeki bir \u00e7\u0131k\u0131k\u00e7\u0131ya g\u00f6t\u00fcrd\u00fc \u015fans eseri kemikleri kaynam\u0131\u015f, yerine oturmu\u015ftu. Ge\u00e7irdi\u011fi talihsiz olay y\u00fcz\u00fcnden e\u011fitim hayat\u0131 biten Yenier, askere giderek askerlik vazifesini tamamlad\u0131. Askerden geldikten sonra Adana\u2019da \u00e7al\u0131\u015fmaya ba\u015flayan Yenier, bir akrabas\u0131n\u0131n d\u00fc\u011f\u00fcn\u00fcne giderken trafik kazas\u0131 ge\u00e7irdi. Ambulans gelmemi\u015fti, apar topar bir araban\u0131n bagaj\u0131na koyuldu. Doktorlar\u0131n ya\u015famaz dedi\u011fi Yenier, omurilik felci ge\u00e7irdi.<\/p>\n","protected":false},"author":14,"featured_media":5675,"comment_status":"open","ping_status":"open","sticky":false,"template":"","format":"standard","meta":{"jnews-multi-image_gallery":[],"jnews_single_post":[],"jnews_primary_category":[],"jnews_social_meta":[],"jnews_override_counter":[],"footnotes":""},"categories":[33],"tags":[483,484],"class_list":["post-5674","post","type-post","status-publish","format-standard","has-post-thumbnail","hentry","category-spor","tag-naci-yenier","tag-okculuk"],"_links":{"self":[{"href":"https:\/\/iletim.istanbul.edu.tr\/index.php\/wp-json\/wp\/v2\/posts\/5674","targetHints":{"allow":["GET"]}}],"collection":[{"href":"https:\/\/iletim.istanbul.edu.tr\/index.php\/wp-json\/wp\/v2\/posts"}],"about":[{"href":"https:\/\/iletim.istanbul.edu.tr\/index.php\/wp-json\/wp\/v2\/types\/post"}],"author":[{"embeddable":true,"href":"https:\/\/iletim.istanbul.edu.tr\/index.php\/wp-json\/wp\/v2\/users\/14"}],"replies":[{"embeddable":true,"href":"https:\/\/iletim.istanbul.edu.tr\/index.php\/wp-json\/wp\/v2\/comments?post=5674"}],"version-history":[{"count":0,"href":"https:\/\/iletim.istanbul.edu.tr\/index.php\/wp-json\/wp\/v2\/posts\/5674\/revisions"}],"wp:featuredmedia":[{"embeddable":true,"href":"https:\/\/iletim.istanbul.edu.tr\/index.php\/wp-json\/wp\/v2\/media\/5675"}],"wp:attachment":[{"href":"https:\/\/iletim.istanbul.edu.tr\/index.php\/wp-json\/wp\/v2\/media?parent=5674"}],"wp:term":[{"taxonomy":"category","embeddable":true,"href":"https:\/\/iletim.istanbul.edu.tr\/index.php\/wp-json\/wp\/v2\/categories?post=5674"},{"taxonomy":"post_tag","embeddable":true,"href":"https:\/\/iletim.istanbul.edu.tr\/index.php\/wp-json\/wp\/v2\/tags?post=5674"}],"curies":[{"name":"wp","href":"https:\/\/api.w.org\/{rel}","templated":true}]}}