{"id":5826,"date":"2018-07-21T16:18:19","date_gmt":"2018-07-21T13:18:19","guid":{"rendered":"https:\/\/iletim.istanbul.edu.tr\/?p=5826"},"modified":"2018-07-27T16:18:41","modified_gmt":"2018-07-27T13:18:41","slug":"tarih-kulubu-kulup-saatine-konuk-oldu","status":"publish","type":"post","link":"https:\/\/iletim.istanbul.edu.tr\/index.php\/2018\/07\/21\/tarih-kulubu-kulup-saatine-konuk-oldu\/","title":{"rendered":"Tarih Kul\u00fcb\u00fc Kul\u00fcp Saati\u2019ne Konuk Oldu"},"content":{"rendered":"<p><strong>Hande Nur OCAK<\/strong><\/p>\n<p>\u0130\u00dcWEBTV\u2019nin kul\u00fcp program\u0131 Kul\u00fcp Saati\u2019ne \u0130\u00dc Edebiyat Fak\u00fcltesi Tarih Kul\u00fcb\u00fc konuk oldu. Kul\u00fcp Y\u00f6netim Kurulu \u00dcyesi \u0130brahim I\u015f\u0131k, kul\u00fcb\u00fcn kurulu\u015funu, hedeflerini ve ileriye y\u00f6nelik planlar\u0131n\u0131 anlatt\u0131.<\/p>\n<p>Kul\u00fcb\u00fcn 2010 y\u0131l\u0131nda Prof. Dr. Ali Fuat \u00d6ren\u00e7 dan\u0131\u015fmanl\u0131\u011f\u0131nda kuruldu\u011funu s\u00f6yleyen I\u015f\u0131k, yakla\u015f\u0131k 50 ki\u015filik aktif bir ekiple etkinliklerini y\u00fcr\u00fctt\u00fcklerinden bahsetti. I\u015f\u0131k, \u201cT\u00fcrk tarihini merak eden, Cumhuriyet, Osmanl\u0131, Sel\u00e7uklu tarihleriyle ilgili tarihi seven arkada\u015flar\u0131m\u0131z bize \u00fcye olarak ailemize kat\u0131labilirler ve bizleri sosyal medya hesaplar\u0131m\u0131zdan bizleri takip edebilirler\u201d dedi.<\/p>\n<p>B\u00fc\u015fra Nur Dani\u015fment\u2019in sundu\u011fu ve Ar\u015f. G\u00f6r. Kemal Deniz\u2019in Program Koordinat\u00f6r\u00fc oldu\u011fu program\u0131n bu b\u00f6l\u00fcm\u00fcnde \u015fu isimler g\u00f6rev ald\u0131: Hasan Kunsar- Yusuf Y\u0131lmaz- Fatih Berkay Kayar (Kamera), Mehmet Ali Keve-Ay\u00e7a \u0130rem T\u00fcrke\u015f (Teknik Ekip), Salih K\u00f6se (Kurgu)<\/p>\n<p><strong>Kul\u00fcp Saati\u2019nin 19. b\u00f6l\u00fcm\u00fcn\u00fc linke t\u0131klayarak izleyebilirsiniz: <\/strong><a href=\"https:\/\/www.youtube.com\/watch?v=alyV3g1beYc\">https:\/\/www.youtube.com\/watch?v=alyV3g1beYc<\/a><\/p>\n","protected":false},"excerpt":{"rendered":"<p>\u0130\u00dcWEBTV\u2019nin kul\u00fcp program\u0131 Kul\u00fcp Saati\u2019ne \u0130\u00dc Edebiyat Fak\u00fcltesi Tarih Kul\u00fcb\u00fc konuk oldu. Kul\u00fcp Y\u00f6netim Kurulu \u00dcyesi \u0130brahim I\u015f\u0131k, kul\u00fcb\u00fcn kurulu\u015funu, hedeflerini ve ileriye y\u00f6nelik planlar\u0131n\u0131 anlatt\u0131.<\/p>\n","protected":false},"author":14,"featured_media":5829,"comment_status":"open","ping_status":"open","sticky":false,"template":"","format":"standard","meta":{"jnews-multi-image_gallery":[],"jnews_single_post":[],"jnews_primary_category":[],"jnews_social_meta":[],"jnews_override_counter":[],"footnotes":""},"categories":[30],"tags":[85,512],"class_list":["post-5826","post","type-post","status-publish","format-standard","has-post-thumbnail","hentry","category-kultur-sanat","tag-iuwebtv","tag-tarihkulubu"],"_links":{"self":[{"href":"https:\/\/iletim.istanbul.edu.tr\/index.php\/wp-json\/wp\/v2\/posts\/5826","targetHints":{"allow":["GET"]}}],"collection":[{"href":"https:\/\/iletim.istanbul.edu.tr\/index.php\/wp-json\/wp\/v2\/posts"}],"about":[{"href":"https:\/\/iletim.istanbul.edu.tr\/index.php\/wp-json\/wp\/v2\/types\/post"}],"author":[{"embeddable":true,"href":"https:\/\/iletim.istanbul.edu.tr\/index.php\/wp-json\/wp\/v2\/users\/14"}],"replies":[{"embeddable":true,"href":"https:\/\/iletim.istanbul.edu.tr\/index.php\/wp-json\/wp\/v2\/comments?post=5826"}],"version-history":[{"count":0,"href":"https:\/\/iletim.istanbul.edu.tr\/index.php\/wp-json\/wp\/v2\/posts\/5826\/revisions"}],"wp:featuredmedia":[{"embeddable":true,"href":"https:\/\/iletim.istanbul.edu.tr\/index.php\/wp-json\/wp\/v2\/media\/5829"}],"wp:attachment":[{"href":"https:\/\/iletim.istanbul.edu.tr\/index.php\/wp-json\/wp\/v2\/media?parent=5826"}],"wp:term":[{"taxonomy":"category","embeddable":true,"href":"https:\/\/iletim.istanbul.edu.tr\/index.php\/wp-json\/wp\/v2\/categories?post=5826"},{"taxonomy":"post_tag","embeddable":true,"href":"https:\/\/iletim.istanbul.edu.tr\/index.php\/wp-json\/wp\/v2\/tags?post=5826"}],"curies":[{"name":"wp","href":"https:\/\/api.w.org\/{rel}","templated":true}]}}