{"id":5834,"date":"2018-07-20T11:27:35","date_gmt":"2018-07-20T08:27:35","guid":{"rendered":"https:\/\/iletim.istanbul.edu.tr\/?p=5834"},"modified":"2018-07-25T11:29:50","modified_gmt":"2018-07-25T08:29:50","slug":"muzik-kulubu-kulup-saatine-konuk-oldu","status":"publish","type":"post","link":"https:\/\/iletim.istanbul.edu.tr\/index.php\/2018\/07\/20\/muzik-kulubu-kulup-saatine-konuk-oldu\/","title":{"rendered":"M\u00fczik Kul\u00fcb\u00fc Kul\u00fcp Saati\u2019ne Konuk Oldu"},"content":{"rendered":"<p><strong>Hande Nur OCAK<\/strong><\/p>\n<p>\u0130\u00dcWEBTV\u2019nin kul\u00fcp program\u0131 Kul\u00fcp Saati\u2019ne \u0130stanbul \u00dcniversitesi Hukuk Fak\u00fcltesi M\u00fczik Kul\u00fcb\u00fc konuk oldu. Kul\u00fcp Ba\u015fkan\u0131 Berrak \u00d6z\u00e7elik, kul\u00fcb\u00fcn kurulu\u015funu, hedeflerini ve ileriye y\u00f6nelik planlar\u0131n\u0131 anlatt\u0131. Kul\u00fcb\u00fcn farkl\u0131 fak\u00fcltelerden de \u00f6\u011frencilerin yer ald\u0131\u011f\u0131 185 \u00fcyesi var.<\/p>\n<p>\u00d6z\u00e7elik, 2014 y\u0131l\u0131nda resmi olarak kurulan kul\u00fcb\u00fcn ilk etkinli\u011finin Rekt\u00f6rl\u00fck\u2019\u00fcn \u00f6n\u00fcnde yap\u0131ld\u0131\u011f\u0131ndan bahsetti. \u201cBu sene akustik etkinliklere ba\u015flad\u0131k. Bir konserimizi okula yak\u0131n bir kafede ger\u00e7ekle\u015ftirdik. Yeni d\u00f6nemde yine b\u00f6yle bir etkinlik ger\u00e7ekle\u015ftirmek istiyoruz\u201d diyen \u00d6z\u00e7elik, kul\u00fcb\u00fcn herkesin kendini bulabilece\u011fi bir platform oldu\u011fundan bahsetti. Kul\u00fcb\u00fcn \u00e7o\u011fu sosyal medya hesaplar\u0131nda aktif oldu\u011funu s\u00f6yleyen \u00d6z\u00e7elik, Youtube kanallar\u0131nda konserlerine ait videolar\u0131 payla\u015ft\u0131klar\u0131n\u0131 s\u00f6zlerine ekledi.<\/p>\n<p>B\u00fc\u015fra Nur Dani\u015fment\u2019in sundu\u011fu ve Ar\u015f. G\u00f6r. Kemal Deniz\u2019in Program Koordinat\u00f6r\u00fc oldu\u011fu program\u0131n bu b\u00f6l\u00fcm\u00fcnde \u015fu isimler g\u00f6rev ald\u0131: Ay\u00e7a \u0130rem T\u00fcrke\u015f-Aleyna Dereli-Sude Y\u0131lmaz-Bet\u00fcl Ayd\u0131n (Kamera), Salih K\u00f6se (Jenerik), Onur Keser (Kurgu), Tar\u0131k Arsan Mengenli (Y\u00f6netmen).<\/p>\n<p>Kul\u00fcp Saati\u2019nin 18. b\u00f6l\u00fcm\u00fcn\u00fc linke t\u0131klayarak izleyebilirsiniz: <a href=\"https:\/\/www.youtube.com\/watch?v=MK-xaJ6vO20\">https:\/\/www.youtube.com\/watch?v=MK-xaJ6vO20<\/a><\/p>\n","protected":false},"excerpt":{"rendered":"<p>\u0130\u00dcWEBTV\u2019nin kul\u00fcp program\u0131 Kul\u00fcp Saati\u2019ne \u0130stanbul \u00dcniversitesi Hukuk Fak\u00fcltesi M\u00fczik Kul\u00fcb\u00fc konuk oldu. <\/p>\n","protected":false},"author":14,"featured_media":5827,"comment_status":"open","ping_status":"open","sticky":false,"template":"","format":"standard","meta":{"jnews-multi-image_gallery":[],"jnews_single_post":[],"jnews_primary_category":[],"jnews_social_meta":[],"jnews_override_counter":[],"footnotes":""},"categories":[30],"tags":[85,513],"class_list":["post-5834","post","type-post","status-publish","format-standard","has-post-thumbnail","hentry","category-kultur-sanat","tag-iuwebtv","tag-muzikkulubu"],"_links":{"self":[{"href":"https:\/\/iletim.istanbul.edu.tr\/index.php\/wp-json\/wp\/v2\/posts\/5834","targetHints":{"allow":["GET"]}}],"collection":[{"href":"https:\/\/iletim.istanbul.edu.tr\/index.php\/wp-json\/wp\/v2\/posts"}],"about":[{"href":"https:\/\/iletim.istanbul.edu.tr\/index.php\/wp-json\/wp\/v2\/types\/post"}],"author":[{"embeddable":true,"href":"https:\/\/iletim.istanbul.edu.tr\/index.php\/wp-json\/wp\/v2\/users\/14"}],"replies":[{"embeddable":true,"href":"https:\/\/iletim.istanbul.edu.tr\/index.php\/wp-json\/wp\/v2\/comments?post=5834"}],"version-history":[{"count":0,"href":"https:\/\/iletim.istanbul.edu.tr\/index.php\/wp-json\/wp\/v2\/posts\/5834\/revisions"}],"wp:featuredmedia":[{"embeddable":true,"href":"https:\/\/iletim.istanbul.edu.tr\/index.php\/wp-json\/wp\/v2\/media\/5827"}],"wp:attachment":[{"href":"https:\/\/iletim.istanbul.edu.tr\/index.php\/wp-json\/wp\/v2\/media?parent=5834"}],"wp:term":[{"taxonomy":"category","embeddable":true,"href":"https:\/\/iletim.istanbul.edu.tr\/index.php\/wp-json\/wp\/v2\/categories?post=5834"},{"taxonomy":"post_tag","embeddable":true,"href":"https:\/\/iletim.istanbul.edu.tr\/index.php\/wp-json\/wp\/v2\/tags?post=5834"}],"curies":[{"name":"wp","href":"https:\/\/api.w.org\/{rel}","templated":true}]}}