{"id":6083,"date":"2018-08-16T18:30:26","date_gmt":"2018-08-16T15:30:26","guid":{"rendered":"https:\/\/iletim.istanbul.edu.tr\/?p=6083"},"modified":"2018-08-16T19:16:43","modified_gmt":"2018-08-16T16:16:43","slug":"prof-dr-ergun-yolcu-tercih-ve-tanitim-gunlerini-degerlendirdi","status":"publish","type":"post","link":"https:\/\/iletim.istanbul.edu.tr\/index.php\/2018\/08\/16\/prof-dr-ergun-yolcu-tercih-ve-tanitim-gunlerini-degerlendirdi\/","title":{"rendered":"Prof. Dr. Erg\u00fcn Yolcu, Tercih ve Tan\u0131t\u0131m G\u00fcnleri&#8217;ni De\u011ferlendirdi"},"content":{"rendered":"<p>\u0130stanbul \u00dcniversitesi Bas\u0131n ve Halkla \u0130li\u015fkiler M\u00fcd\u00fcr\u00fc Prof. Dr. Erg\u00fcn Yolcu, \u0130\u00dc Bas\u0131n ve Halkla \u0130li\u015fkiler M\u00fcd\u00fcrl\u00fc\u011f\u00fc\u2019n\u00fcn koordinat\u00f6rl\u00fc\u011f\u00fcnde d\u00fczenlenen \u0130stanbul \u00dcniversitesi (\u0130\u00dc) ve \u0130stanbul \u00dcniversitesi-Cerrahpa\u015fa (\u0130\u00dc-C) Tercih ve Tan\u0131t\u0131m G\u00fcnleri 2018 hakk\u0131nda bilgi verdi.<\/p>\n<p>\u201c1- 12 A\u011fustos 2018 tarihleri aras\u0131nda d\u00fczenlenen \u0130\u00dc ve \u0130\u00dc-C Tercih ve Tan\u0131t\u0131m G\u00fcnleri boyunca 10 bin \u00f6\u011frenci \u0130stanbul \u00dcniversitesi\u2019ni ziyaret etti. Her g\u00fcn 120 farkl\u0131 hocan\u0131n yan\u0131 s\u0131ra 30 \u00f6\u011frenci bu \u00f6nemli organizasyonda g\u00f6rev ald\u0131.\u201d diyen \u0130\u00dc Bas\u0131n ve Halkla \u0130li\u015fkiler M\u00fcd\u00fcr\u00fc Prof. Dr. Erg\u00fcn Yolcu, bu kadar b\u00fcy\u00fck bir say\u0131ya ula\u015ft\u0131klar\u0131 i\u00e7in mutlu olduklar\u0131n\u0131 s\u00f6yledi. Bu y\u0131l, \u0130stanbul \u00dcniversitesi olarak tercih ve tan\u0131t\u0131m g\u00fcnlerinde ge\u00e7mi\u015f y\u0131llara g\u00f6re farkl\u0131 \u00e7al\u0131\u015fmalar yapt\u0131klar\u0131n\u0131 ifade eden Prof. Dr. Erg\u00fcn Yolcu, \u201cYap\u0131lan ara\u015ft\u0131rmalardan anl\u0131yoruz ki, \u00f6\u011frenciler aileleri birlikte \u00fcniversitelere bizzat gidip, o \u00fcniversitedeki hocalarla y\u00fcz y\u00fcze g\u00f6r\u00fc\u015fmek istiyorlar. Biz de b\u00fct\u00fcn bunlar\u0131 g\u00f6z \u00f6n\u00fcnde bulundurarak yeni projeler geli\u015ftirdik ve zengin bir program ortaya koyduk\u201d dedi.<\/p>\n<p><b><img decoding=\"async\" class=\"img-responsive contentImage-50\" src=\"http:\/\/cdn.istanbul.edu.tr\/FileHandler.ashx?f=Vmmua7DuVUWVkm-VA-aKhg\" \/><\/b><\/p>\n<p>\u0130\u00dc ve \u0130\u00dc-C\u2019deki t\u00fcm fak\u00fcltelerden gelen hocalar\u0131m\u0131z aday \u00f6\u011frencilere bilgi verdi. Alev Nallar Emiro\u011flu\u2019nun haz\u0131rlay\u0131p sundu\u011fu ve TRT\u2019de yay\u0131nlanan \u201cAk\u0131ll\u0131 Tercih \u015eenli\u011fi\u201d adl\u0131 Televizyon program\u0131n\u0131, Tercih ve Tan\u0131t\u0131m G\u00fcnleri boyunca \u00fcniversitemizde misafir ettik. \u201cAk\u0131ll\u0131 Tercih \u015eenli\u011fi\u201d program\u0131 kapsam\u0131nda, \u0130\u00dc Kariyer Geli\u015ftirme Merkezi (KAGEM), PAKUAGRAM Psikoloji ve Geli\u015fim Akademisi ve \u0130MPRESS Akademi taraf\u0131ndan etkinli\u011fe kat\u0131lan \u00f6\u011frencilere, \u201cMeslek Belirleme Testi\u201d, \u201cKi\u015filik Testi\u201d yap\u0131ld\u0131. \u00d6\u011frenciler ayn\u0131 zamanda \u201cTercih Rehberli\u011fi\u201d dan\u0131\u015fmanl\u0131\u011f\u0131ndan da yararland\u0131. Ayr\u0131ca yoga, ebru sanat\u0131, kendini tan\u0131, seramik \u00e7al\u0131\u015ftay\u0131, dj okulu, kuma\u015f boyama, cam boyama, kokulu ta\u015f boyama gibi workshop\u2019lar organize ettik. Bu sayede tercih yapacak olan \u00f6\u011frencilerin \u00fcniversitemizdeki sosyal ve sanatsal etkinlikleri bizzat g\u00f6rmeleri ve deneyimlemeleri i\u00e7in olanak sunduk. \u0130stanbul B\u00fcy\u00fck\u015fehir Belediyesi de bize destek verdi ve \u00fccretsiz ula\u015f\u0131m sa\u011flad\u0131\u201d dedi.<\/p>\n<p>Radyo \u0130leti\u015fim yay\u0131n arac\u0131n\u0131n Rekt\u00f6rl\u00fck Bah\u00e7esi\u2019nde yay\u0131n yapt\u0131\u011f\u0131 Tercih ve Tan\u0131t\u0131m G\u00fcnleri\u2019nde \u0130leti\u015fim Fak\u00fcltesi Uygulama Birimleri, \u0130letim Gazetesi, \u0130\u00dcWEBTV ve Radyo \u0130leti\u015fim ekiplerinin g\u00f6rev ald\u0131\u011f\u0131n\u0131 s\u00f6yleyen Prof. Dr. Erg\u00fcn Yolcu, Tercih G\u00fcnleri boyunca \u0130\u00dcWEBTV\u2019nin canl\u0131 yay\u0131nlar yapt\u0131\u011f\u0131n\u0131 s\u00f6zlerine ekledi.<\/p>\n<p><b>\u201c\u00d6\u011fretim \u00dcyelerimiz Kendi \u00c7ocuklar\u0131n\u0131 Bir \u00dcniversiteye Yerle\u015ftirir Gibi G\u00f6n\u00fcll\u00fc Rehberlik ve Dan\u0131\u015fmanl\u0131k Yapt\u0131\u201d<\/b><\/p>\n<p><b><img decoding=\"async\" class=\"img-responsive contentImage-50\" src=\"http:\/\/cdn.istanbul.edu.tr\/FileHandler.ashx?f=yeQIc3en102yaSRf1fSWiw\" \/><\/b><\/p>\n<p>Ama\u00e7lar\u0131n\u0131n sadece \u0130stanbul \u00dcniversitesi\u2019ni tan\u0131tmak olmad\u0131\u011f\u0131n\u0131 anlatan Prof. Dr. Erg\u00fcn Yolcu, \u201cY\u00fcksek\u00f6\u011fretimdeki b\u00fct\u00fcn \u00fcniversiteler bizim \u00fclkemizin \u00fcniversitesi. Bu d\u00fc\u015f\u00fcnceyle yaln\u0131zca \u0130stanbul \u00dcniversitesi\u2019ni tercih etmek isteyen \u00f6\u011frencilere de\u011fil, \u0130\u00dc Tercih ve Tan\u0131t\u0131m G\u00fcnleri\u2019ne gelen her \u00f6\u011frenciye rehberlik hizmeti verildi\u201d ifadelerini kulland\u0131.<\/p>\n<p>Prof. Dr. Erg\u00fcn Yolcu \u015funlar\u0131 s\u00f6yledi: \u201cT\u00fcrkiye\u2019nin en k\u00f6kl\u00fc \u00fcniversitesi olan \u0130stanbul \u00dcniversitesi\u2019nin kontenjanlar\u0131 zaten doluyor. Bu nedenle bizim hedefimiz kontenjan doldurmak de\u011fil \u00fclkemizin gelece\u011fini temsil eden gen\u00e7leri do\u011fru bilgilendirmek, \u00fclkemizin en \u00f6nemli kayna\u011f\u0131 olan insan kayna\u011f\u0131m\u0131z\u0131n do\u011fru b\u00f6l\u00fcmlere y\u00f6nlendirilmesine katk\u0131da bulunmak. Bu s\u00fcre\u00e7te, \u00f6\u011fretim \u00fcyelerimiz kendi \u00e7ocuklar\u0131n\u0131 \u00fcniversiteye yerle\u015ftirir gibi \u00f6\u011frencilere dan\u0131\u015fmanl\u0131k ve rehberlik yapt\u0131. Kariyer Geli\u015ftirme Merkezi\u2019nde \u00f6\u011frencilerimize ki\u015filik y\u00f6nelim testleri yap\u0131ld\u0131. 2000\u2019e yak\u0131n \u00f6\u011frencinin testi yap\u0131ld\u0131. Bas\u0131n Halkla \u0130li\u015fkiler b\u00fcnyesinde yar\u0131 zamanl\u0131 \u00e7al\u0131\u015fan \u00f6\u011frenciler de kendi deneyimlerini aday \u00f6\u011frencilere aktard\u0131.\u201d<\/p>\n<p><b>\u201c\u00dcniversitelerin Sosyal Medya adresleri ve Kurumsal Web Sayfalar\u0131 \u00c7ok \u00d6nemli Bir Bilgi Kayna\u011f\u0131\u201d<\/b><\/p>\n<p>\u0130stanbul \u00dcniversitesi olarak Tercih ve Tan\u0131t\u0131m G\u00fcnleri\u2019nin organizasyonu \u00f6ncesinde ara\u015ft\u0131rmalar yapt\u0131klar\u0131n\u0131 ve bu ara\u015ft\u0131rmalar\u0131n sonu\u00e7lar\u0131na g\u00f6re hareket ettiklerini vurgulayan Prof. Dr. Erg\u00fcn Yolcu, sosyal medyan\u0131n her ge\u00e7en y\u0131l daha yayg\u0131n kullan\u0131ld\u0131\u011f\u0131 ger\u00e7e\u011fini g\u00f6z \u00f6n\u00fcnde bulundurarak bu mecralar\u0131 etkin bir \u015fekilde kulland\u0131klar\u0131n\u0131 anlatt\u0131. Yolcu, bu sayede \u015fehir d\u0131\u015f\u0131nda olup \u00fcniversiteye bizzat gelemeyenlere sosyal medyadan da ula\u015fmay\u0131 hedeflediklerini ifade etti.<\/p>\n<p>Prof. Dr. Erg\u00fcn Yolcu, \u00fcniversitelerin web sayfalar\u0131n\u0131 takip etmenin de tercih s\u00fcrecindeki aday \u00f6\u011frenciler i\u00e7in \u00f6nemli oldu\u011funu ifade ederek \u015funlar\u0131 s\u00f6yledi: \u201c\u00dcniversitelerin web sayfalar\u0131na giren \u00f6\u011frenciler, yurt d\u0131\u015f\u0131 programlar\u0131 hakk\u0131nda bilgi edinebiliyor. Bir y\u0131l i\u00e7erisindeki hangi bilimsel etkinliklerin ger\u00e7ekle\u015fti\u011fine dair bilgi sahibi olan \u00f6\u011frenciler, fak\u00fcltelerin akademik kadrolar\u0131na ili\u015fkin bilgilere de ula\u015fabiliyor. \u00d6\u011fretim \u00fcyelerinin ba\u015far\u0131 s\u0131ralamalar\u0131, \u00fcniversitelerin patent ba\u015fvurusu, T\u00dcB\u0130TAK projeleri hakk\u0131nda bilgi alabilen \u00f6\u011frenciler, tercih s\u00fcre\u00e7lerinde daha emin ad\u0131mlarla ilerleyebiliyor. \u0130stanbul \u00dcniversitesi \u00e7ok uzun zamand\u0131r web sitelerinin \u00f6neminin fark\u0131nda ve gen\u00e7lerin en g\u00fcncel bilgilere kolay eri\u015febilmesi i\u00e7in gerekli t\u00fcm \u00e7al\u0131\u015fmalar\u0131 yap\u0131yoruz.\u201d<\/p>\n<p><b>\u201cDekanlar \u0130stanbul \u00dcniversitesi ve \u0130stanbul \u00dcniversitesi- Cerrahpa\u015fa\u2019y\u0131 Anlatt\u0131\u201d<\/b><\/p>\n<p><b><img decoding=\"async\" class=\"img-responsive contentImage-50\" src=\"http:\/\/cdn.istanbul.edu.tr\/FileHandler.ashx?f=1rhscbfTek6UG8U4dvlNyw\" \/><\/b><\/p>\n<p>Prof. Dr. Erg\u00fcn Yolcu, \u201c\u0130stanbul \u00dcniversitesi Rekt\u00f6r\u00fc Prof. Dr. Mahmut Ak ve \u0130stanbul \u00dcniversitesi-Cerrahpa\u015fa Rekt\u00f6r\u00fc Prof. Dr. Nuri Ayd\u0131n, hem Tercih G\u00fcnleri organizasyonuna bizzat kat\u0131ld\u0131lar hem de ger\u00e7ekle\u015ftirdikleri r\u00f6portajlarla sosyal medya \u00fczerinden gen\u00e7lere do\u011fru tercih yapabilmeleri i\u00e7in bilgi verdi\u201d dedi.<\/p>\n<p><img decoding=\"async\" class=\"img-responsive contentImage-50\" src=\"http:\/\/cdn.istanbul.edu.tr\/FileHandler.ashx?f=kbxG4MHpMUGE25PHRI0PTg\" \/><\/p>\n<p>Prof. Dr. Erg\u00fcn Yolcu, \u201cGe\u00e7en y\u0131l ba\u015flad\u0131\u011f\u0131m\u0131z ve bu sene de zenginle\u015ftirdi\u011fimiz projelerimiz var. Bunlardan biri de \u201c\u0130stanbul \u00dcniversitesi Fak\u00fcltelerini Dekanlar Anlat\u0131yor\u201d. Bu proje kapsam\u0131nda, hem \u0130stanbul \u00dcniversitesi hem de \u0130stanbul \u00dcniversitesi-Cerrahpa\u015fa\u2019daki b\u00fct\u00fcn dekan ve dekan yard\u0131mc\u0131lar\u0131 ile r\u00f6portajlar ger\u00e7ekle\u015ftirdik. R\u00f6portajlar\u0131m\u0131zda dekanlar\u0131m\u0131za \u015funu sorduk: \u201cSiz bir \u00f6\u011frenci olarak bu fak\u00fclteyi neden tercih edersiniz?\u201d Videolarda, dekan ve dekan yard\u0131mc\u0131lar\u0131m\u0131z, kendi fak\u00fcltelerini anlatt\u0131lar. \u0130lgili videolar\u0131 da Instagram, Twitter, Facebook ve Youtube gibi \u00e7e\u015fitli sosyal medya platformlar\u0131nda yay\u0131nlad\u0131k ve videolar\u0131n \u00e7ok fazla etkile\u015fim ald\u0131\u011f\u0131n\u0131 da g\u00f6rd\u00fck\u201d \u015feklinde konu\u015ftu.<\/p>\n<p><b>\u201c\u00d6\u011frenciler Bilimsel Ara\u015ft\u0131rma Projelerine Ba\u015fvuru Sa\u011flayabiliyor\u201d<\/b><\/p>\n<p>\u0130stanbul \u00dcniversitesi\u2019nin di\u011fer \u00fcniversitelerden farkl\u0131 y\u00f6nlerine de de\u011finen Prof. Dr. Erg\u00fcn Yolcu, \u201c\u0130stanbul \u00dcniversitesi\u2019ndeki \u00f6\u011frenciler, 2 y\u0131ld\u0131r bilimsel ara\u015ft\u0131rma projelerine destek birimine gelerek projelerine maddi destek alabiliyorlar. \u00d6rne\u011fin, yenilenebilir enerji ara\u00e7lar\u0131 ile otomobiller \u00f6\u011frenciler taraf\u0131ndan geli\u015ftirilen projeler aras\u0131nda yer al\u0131yor. Hem T\u00dcB\u0130TAK hem de Avrupa Birli\u011fi Projeleri\u2019nde \u00f6\u011frenciler \u00e7al\u0131\u015fabiliyor. Bu da \u00f6\u011frencilerin vizyonunu de\u011fi\u015ftiriyor ve onlar\u0131 sadece \u201c\u00f6\u011frenen\u201d de\u011fil ayn\u0131 zamanda \u201cbilim \u00fcreten\u201d bir noktaya ta\u015f\u0131yor\u201d dedi.<\/p>\n<p><b>\u201cKamp\u00fcste \u2018Engelsiz\u2019 Bir Ya\u015fam Hedefleniyor\u201d<\/b><\/p>\n<p>\u0130\u00dc ve \u0130\u00dc-C Tercih ve Tan\u0131t\u0131m G\u00fcnleri 2018 kapsam\u0131nda, \u0130\u00dc Engelliler Uygulama ve Ara\u015ft\u0131rma Merkezi\u2019nin de (ENUYGAR) \u00f6\u011frenciler ile bir araya geldi\u011fini s\u00f6yleyen Prof. Dr. Erg\u00fcn Yolcu, \u201cEngelli \u00f6\u011frencilerimiz, engellilikleri ile ilgili sorular\u0131n\u0131 hocalar\u0131m\u0131za sorabildiler. \u00d6rne\u011fin, \u0130leti\u015fim Fak\u00fcltesi\u2019ni tercih etmek isteyen bir \u00f6\u011frenci, -bu fak\u00fcltede rahat\u00e7a okuyabilir miyim?- \u015feklinde d\u00fc\u015f\u00fcnebiliyor. \u0130stanbul \u00dcniversitesi olarak neredeyse binalar\u0131m\u0131z\u0131n tamam\u0131 engelli \u00f6\u011frencilerimiz d\u00fc\u015f\u00fcn\u00fclerek planland\u0131. \u00d6\u011frencilerimiz \u0130stanbul \u00dcniversitesi\u2019nde herhangi bir b\u00f6l\u00fcm\u00fc kazand\u0131klar\u0131 takdirde, biz bu \u00f6\u011frencilerimize birer mektup yolluyoruz. Bunun yan\u0131nda, \u00f6\u011frencilerimizle ilgili merkezimizde bir haftal\u0131k bir oryantasyon e\u011fitimi yap\u0131yoruz. Onlara \u00fcniversite hayatlar\u0131 boyunca destek veriyoruz\u201d dedi.<\/p>\n<p><b>\u0130\u00dc Bas\u0131n ve Halkla \u0130li\u015fkiler M\u00fcd\u00fcrl\u00fc\u011f\u00fc<\/b><\/p>\n","protected":false},"excerpt":{"rendered":"<p>\u0130stanbul \u00dcniversitesi Bas\u0131n ve Halkla \u0130li\u015fkiler M\u00fcd\u00fcr\u00fc Prof. Dr. Erg\u00fcn Yolcu, \u0130\u00dc Bas\u0131n ve Halkla \u0130li\u015fkiler M\u00fcd\u00fcrl\u00fc\u011f\u00fc\u2019n\u00fcn koordinat\u00f6rl\u00fc\u011f\u00fcnde d\u00fczenlenen \u0130stanbul \u00dcniversitesi (\u0130\u00dc) ve \u0130stanbul \u00dcniversitesi-Cerrahpa\u015fa (\u0130\u00dc-C) Tercih ve Tan\u0131t\u0131m G\u00fcnleri 2018 hakk\u0131nda bilgi verdi. \u201c1- 12 A\u011fustos 2018 tarihleri aras\u0131nda d\u00fczenlenen \u0130\u00dc ve \u0130\u00dc-C Tercih ve Tan\u0131t\u0131m G\u00fcnleri boyunca 10 bin \u00f6\u011frenci \u0130stanbul \u00dcniversitesi\u2019ni ziyaret [&hellip;]<\/p>\n","protected":false},"author":14,"featured_media":6084,"comment_status":"open","ping_status":"open","sticky":false,"template":"","format":"standard","meta":{"jnews-multi-image_gallery":[],"jnews_single_post":[],"jnews_primary_category":[],"jnews_social_meta":[],"jnews_override_counter":[],"footnotes":""},"categories":[1],"tags":[43,41],"class_list":["post-6083","post","type-post","status-publish","format-standard","has-post-thumbnail","hentry","category-genel","tag-istanbul-universitesi","tag-prof-dr-ergun-yolcu"],"_links":{"self":[{"href":"https:\/\/iletim.istanbul.edu.tr\/index.php\/wp-json\/wp\/v2\/posts\/6083","targetHints":{"allow":["GET"]}}],"collection":[{"href":"https:\/\/iletim.istanbul.edu.tr\/index.php\/wp-json\/wp\/v2\/posts"}],"about":[{"href":"https:\/\/iletim.istanbul.edu.tr\/index.php\/wp-json\/wp\/v2\/types\/post"}],"author":[{"embeddable":true,"href":"https:\/\/iletim.istanbul.edu.tr\/index.php\/wp-json\/wp\/v2\/users\/14"}],"replies":[{"embeddable":true,"href":"https:\/\/iletim.istanbul.edu.tr\/index.php\/wp-json\/wp\/v2\/comments?post=6083"}],"version-history":[{"count":0,"href":"https:\/\/iletim.istanbul.edu.tr\/index.php\/wp-json\/wp\/v2\/posts\/6083\/revisions"}],"wp:featuredmedia":[{"embeddable":true,"href":"https:\/\/iletim.istanbul.edu.tr\/index.php\/wp-json\/wp\/v2\/media\/6084"}],"wp:attachment":[{"href":"https:\/\/iletim.istanbul.edu.tr\/index.php\/wp-json\/wp\/v2\/media?parent=6083"}],"wp:term":[{"taxonomy":"category","embeddable":true,"href":"https:\/\/iletim.istanbul.edu.tr\/index.php\/wp-json\/wp\/v2\/categories?post=6083"},{"taxonomy":"post_tag","embeddable":true,"href":"https:\/\/iletim.istanbul.edu.tr\/index.php\/wp-json\/wp\/v2\/tags?post=6083"}],"curies":[{"name":"wp","href":"https:\/\/api.w.org\/{rel}","templated":true}]}}