{"id":6089,"date":"2018-08-17T12:27:25","date_gmt":"2018-08-17T09:27:25","guid":{"rendered":"https:\/\/iletim.istanbul.edu.tr\/?p=6089"},"modified":"2018-08-17T12:27:25","modified_gmt":"2018-08-17T09:27:25","slug":"17-agustos-depreminin-19-yili","status":"publish","type":"post","link":"https:\/\/iletim.istanbul.edu.tr\/index.php\/2018\/08\/17\/17-agustos-depreminin-19-yili\/","title":{"rendered":"17 A\u011fustos Depremi&#8217;nin 19. Y\u0131l\u0131"},"content":{"rendered":"<p>Merkez \u00fcss\u00fc Kocaeli\u2019nin G\u00f6lc\u00fck il\u00e7esi olan 17 A\u011fustos 1999\u2019da saat 03.02\u2019de meydana gelen ve yakla\u015f\u0131k 45 saniye s\u00fcren 7.4 b\u00fcy\u00fckl\u00fc\u011f\u00fcndeki depremin \u00fczerinden 19 y\u0131l ge\u00e7ti.<\/p>\n<p>Kocaeli, G\u00f6lc\u00fck, D\u00fczce, Sakarya, \u0130stanbul ve Yalova\u2019da b\u00fcy\u00fck can ve mal kayb\u0131 ile y\u0131k\u0131ma neden olan depremde resmi verilere g\u00f6re 17 bin 480 ki\u015fi hayat\u0131n\u0131 kaybederken on binlerce ki\u015fi yaraland\u0131. Marmara Depremi\u2019nden en \u00e7ok etkilenen Kocaeli\u2019nde 9 bin 477 ki\u015fi ya\u015fam\u0131n\u0131 yitirdi, 9 bin 881 ki\u015fi yaraland\u0131. Depremde, 35 bin 180 konut, 5 bin 770 i\u015f yeri y\u0131k\u0131ld\u0131 ya da a\u011f\u0131r hasar g\u00f6rd\u00fc. 40 bin 757 konut, 6 bin 57 i\u015f yeri orta, 45 bin 86 konut ve 6 bin 128 i\u015f yeri de hafif hasarl\u0131 olarak kay\u0131tlara ge\u00e7ti.<\/p>\n<p>Hayat\u0131n\u0131 kaybeden vatanda\u015flar\u0131m\u0131z\u0131 rahmetle an\u0131yoruz.<\/p>\n","protected":false},"excerpt":{"rendered":"<p>Merkez \u00fcss\u00fc Kocaeli\u2019nin G\u00f6lc\u00fck il\u00e7esi olan 17 A\u011fustos 1999\u2019da saat 03.02\u2019de meydana gelen ve yakla\u015f\u0131k 45 saniye s\u00fcren 7.4 b\u00fcy\u00fckl\u00fc\u011f\u00fcndeki depremin \u00fczerinden 19 y\u0131l ge\u00e7ti.<\/p>\n","protected":false},"author":14,"featured_media":6090,"comment_status":"open","ping_status":"open","sticky":false,"template":"","format":"standard","meta":{"jnews-multi-image_gallery":[],"jnews_single_post":[],"jnews_primary_category":[],"jnews_social_meta":[],"jnews_override_counter":[],"footnotes":""},"categories":[35],"tags":[541],"class_list":["post-6089","post","type-post","status-publish","format-standard","has-post-thumbnail","hentry","category-yasam","tag-17-agustos-depremi"],"_links":{"self":[{"href":"https:\/\/iletim.istanbul.edu.tr\/index.php\/wp-json\/wp\/v2\/posts\/6089","targetHints":{"allow":["GET"]}}],"collection":[{"href":"https:\/\/iletim.istanbul.edu.tr\/index.php\/wp-json\/wp\/v2\/posts"}],"about":[{"href":"https:\/\/iletim.istanbul.edu.tr\/index.php\/wp-json\/wp\/v2\/types\/post"}],"author":[{"embeddable":true,"href":"https:\/\/iletim.istanbul.edu.tr\/index.php\/wp-json\/wp\/v2\/users\/14"}],"replies":[{"embeddable":true,"href":"https:\/\/iletim.istanbul.edu.tr\/index.php\/wp-json\/wp\/v2\/comments?post=6089"}],"version-history":[{"count":0,"href":"https:\/\/iletim.istanbul.edu.tr\/index.php\/wp-json\/wp\/v2\/posts\/6089\/revisions"}],"wp:featuredmedia":[{"embeddable":true,"href":"https:\/\/iletim.istanbul.edu.tr\/index.php\/wp-json\/wp\/v2\/media\/6090"}],"wp:attachment":[{"href":"https:\/\/iletim.istanbul.edu.tr\/index.php\/wp-json\/wp\/v2\/media?parent=6089"}],"wp:term":[{"taxonomy":"category","embeddable":true,"href":"https:\/\/iletim.istanbul.edu.tr\/index.php\/wp-json\/wp\/v2\/categories?post=6089"},{"taxonomy":"post_tag","embeddable":true,"href":"https:\/\/iletim.istanbul.edu.tr\/index.php\/wp-json\/wp\/v2\/tags?post=6089"}],"curies":[{"name":"wp","href":"https:\/\/api.w.org\/{rel}","templated":true}]}}