{"id":6278,"date":"2018-09-26T10:23:08","date_gmt":"2018-09-26T07:23:08","guid":{"rendered":"https:\/\/iletim.istanbul.edu.tr\/?p=6278"},"modified":"2018-09-26T10:23:08","modified_gmt":"2018-09-26T07:23:08","slug":"dil-degisir-dunya-degisir","status":"publish","type":"post","link":"https:\/\/iletim.istanbul.edu.tr\/index.php\/2018\/09\/26\/dil-degisir-dunya-degisir\/","title":{"rendered":"\u201cDil De\u011fi\u015fir D\u00fcnya De\u011fi\u015fir\u201d"},"content":{"rendered":"<p><strong>Halil SA\u00c7<\/strong><\/p>\n<p>\u0130stanbul \u00dcniversitesi Cerrahpa\u015fa Hasan Ali Y\u00fccel E\u011fitim Fak\u00fcltesi (HAYEF) b\u00fcnyesinde \u00e7al\u0131\u015fmalar\u0131n\u0131 s\u00fcrd\u00fcren ve ge\u00e7mi\u015fte bir\u00e7ok ba\u015far\u0131l\u0131 etkinli\u011fe imza atan Dil Kul\u00fcb\u00fc, ba\u015fta \u00fccretsiz yabanc\u0131 dil kurslar\u0131 olmak \u00fczere \u00e7e\u015fitli akademik ve sosyal etkinlikler d\u00fczenliyor. Kul\u00fcp Ba\u015fkan\u0131 Batuhan Alt\u0131n\u0131\u015f\u0131k, Dil Kul\u00fcb\u00fc\u2019n\u00fc anlatt\u0131.<\/p>\n<p>\u201cDil de\u011fi\u015fir, d\u00fcnya de\u011fi\u015fir\u201d deyi\u015fiyle \u00e7al\u0131\u015fmalar\u0131n\u0131 s\u00fcrd\u00fcren ve dan\u0131\u015fmanl\u0131\u011f\u0131n\u0131 HAYEF Yabanc\u0131 Diller B\u00f6l\u00fcm\u00fc \u0130ngiliz Dili E\u011fitimi Ana Bilim Dal\u0131 \u00d6\u011fretim \u00dcyesi Dr. \u00d6\u011fr. \u00dcyesi Dilek \u0130nal\u2019\u0131n yapt\u0131\u011f\u0131 Dil Kul\u00fcb\u00fc\u2019n\u00fcn faaliyetlerinin ba\u015f\u0131nda \u00fccretsiz dil kurslar\u0131 yer al\u0131yor. \u0130ngilizce, Almanca, Frans\u0131zca, \u0130spanyolca ve Arap\u00e7a gibi \u00e7e\u015fitli dillerin yan\u0131 s\u0131ra Erasmus ile \u00fclkemize gelen yabanc\u0131 \u00f6\u011frencilere T\u00fcrk\u00e7e dersleri de, \u0130stanbul \u00dcniversitesi\u2019nin yabanc\u0131 dil b\u00f6l\u00fcmlerinde okuyan \u00f6\u011frenciler taraf\u0131ndan veriliyor.<\/p>\n<p><img decoding=\"async\" class=\"alignnone wp-image-6279 size-full\" src=\"https:\/\/iletim.istanbul.edu.tr\/wp-content\/uploads\/22052603_528921667444735_1847422734_n.png\" alt=\"\" width=\"720\" height=\"710\" srcset=\"https:\/\/iletim.istanbul.edu.tr\/wp-content\/uploads\/22052603_528921667444735_1847422734_n.png 720w, https:\/\/iletim.istanbul.edu.tr\/wp-content\/uploads\/22052603_528921667444735_1847422734_n-300x296.png 300w\" sizes=\"(max-width: 720px) 100vw, 720px\" \/><\/p>\n<p><strong>\u00dccretsiz Yabanc\u0131 Dil Dersleri<\/strong><\/p>\n<p>Ba\u015fvuru s\u00fcrecini anlatan Dil Kul\u00fcb\u00fc Ba\u015fkan\u0131 Batuhan Alt\u0131n\u0131\u015f\u0131k, \u201cHer e\u011fitim ve \u00f6\u011fretim y\u0131l\u0131 ba\u015flang\u0131c\u0131nda ger\u00e7ekle\u015ftirilen toplant\u0131larda tan\u0131mlar yap\u0131l\u0131r. Ard\u0131ndan farkl\u0131 dillerde kurslara kat\u0131lmak isteyen \u00f6\u011frenciler i\u00e7in ba\u015fvuru s\u00fcreci ba\u015flat\u0131l\u0131r. \u0130nternet \u00fczerinden gerekli belgeler teslim edildikten sonra ba\u015fvuru s\u00fcreci sona erer\u201d s\u00f6zleriyle s\u00fcreci \u00f6zetledi.<\/p>\n<p>Ba\u015fvurular sona erdikten sonra kursiyer se\u00e7imi konusuna de\u011finen Alt\u0131n\u0131\u015f\u0131k, \u201cKurslar\u0131m\u0131za yo\u011fun talep var ve derslik kapasitemizi a\u015fan say\u0131da ba\u015fvuru al\u0131yoruz. Biz de kursiyerleri kura yoluyla belirliyoruz. B\u00f6ylelikle kursiyer adaylar\u0131 aras\u0131nda adaletli bir se\u00e7im yapm\u0131\u015f oluyoruz. Derslikleri, HAYEF Dekanl\u0131\u011f\u0131 temin etmekte. Ayr\u0131ca Dekanl\u0131k yard\u0131ma ihtiyac\u0131m\u0131z olan her konuda bize destek sunmakta\u201d dedi.<\/p>\n<p>Dersler ba\u015flamadan \u00f6nce kursiyerlere seviye tespit s\u0131nav\u0131 yap\u0131ld\u0131\u011f\u0131n\u0131 ve seviyelere g\u00f6re s\u0131n\u0131flar a\u00e7\u0131ld\u0131\u011f\u0131n\u0131 s\u00f6yleyen Alt\u0131n\u0131\u015f\u0131k, \u201cDil dersleri i\u00e7in seviye tespit s\u0131navlar\u0131 haz\u0131rlan\u0131r ve seviyelere g\u00f6re birden fazla s\u0131n\u0131f olu\u015fturulur. Dil dersleri b\u00fct\u00fcn sene boyunca aksat\u0131lmadan ger\u00e7ekle\u015ftirilir. Derslere devam zorunlulu\u011fu vard\u0131r. Her kurs i\u00e7in haftada iki g\u00fcn dersler verilir. Ancak s\u0131nav d\u00f6nemlerinde,gerek bizlerin gerek kurslara kat\u0131lan arkada\u015flar\u0131n zorluk ya\u015famamas\u0131 i\u00e7in \u00e7o\u011funlukla ders yap\u0131lmaz. Ayr\u0131ca, kursu devams\u0131zl\u0131k yapmadan tamamlayan kat\u0131l\u0131mc\u0131lara ve \u00f6\u011fretmenlere kurs sonunda sertifika verilir\u201d \u015feklinde konu\u015ftu.<\/p>\n<p><strong>Dil ve Sinema G\u00fcnleri<\/strong><\/p>\n<p>Dil Kul\u00fcb\u00fc, yabanc\u0131 dil derslerinin yan\u0131 s\u0131ra \u00e7e\u015fitli sosyal faaliyetler de ger\u00e7ekle\u015ftiriyor. Kul\u00fcp b\u00fcnyesinde yap\u0131lan faaliyetler aras\u0131nda Dil ve Sinema G\u00fcnleri, \u00e7e\u015fitli konularda \u00f6\u011frenciler taraf\u0131ndan kaleme al\u0131nan yaz\u0131lar\u0131n yer ald\u0131\u011f\u0131 K\u00f6\u015fe Dergisi, haftal\u0131k yay\u0131nlar ile dinleyicilerle bulu\u015fan radyo kanal\u0131 HAYEF Radyo TV, \u00f6\u011frenciler aras\u0131 payla\u015f\u0131m\u0131 artt\u0131rmak ve birlikte ke\u015ffedip zaman ge\u00e7irmek i\u00e7in d\u00fczenlenen kul\u00fcp gezileri ve \u00e7e\u015fitli sosyal sorumluluk faaliyetleri yer al\u0131yor.<\/p>\n<div id='gallery_1' class='gallery galleryid-6278 gallery-columns-3 gallery-size-large'><figure class='gallery-item'>\n                <div class='gallery-icon landscape'>\n                    <a href='https:\/\/iletim.istanbul.edu.tr\/wp-content\/uploads\/DSC_0378.jpg'><img loading=\"lazy\" decoding=\"async\" width=\"1024\" height=\"680\" src=\"\" class=\"attachment-large size-large lazyload\" alt=\"\" data-src=\"https:\/\/iletim.istanbul.edu.tr\/wp-content\/uploads\/DSC_0378-1024x680.jpg\" data-sizes=\"auto\" data-srcset=\"https:\/\/iletim.istanbul.edu.tr\/wp-content\/uploads\/DSC_0378-1024x680.jpg 1024w, https:\/\/iletim.istanbul.edu.tr\/wp-content\/uploads\/DSC_0378-300x199.jpg 300w, https:\/\/iletim.istanbul.edu.tr\/wp-content\/uploads\/DSC_0378-768x510.jpg 768w\" data-expand=\"700\" \/><\/a>\n                <\/div><\/figure><figure class='gallery-item'>\n                <div class='gallery-icon landscape'>\n                    <a href='https:\/\/iletim.istanbul.edu.tr\/wp-content\/uploads\/22014908_528921674111401_465693432_n.png'><img loading=\"lazy\" decoding=\"async\" width=\"720\" height=\"712\" src=\"\" class=\"attachment-large size-large lazyload\" alt=\"\" data-src=\"https:\/\/iletim.istanbul.edu.tr\/wp-content\/uploads\/22014908_528921674111401_465693432_n.png\" data-sizes=\"auto\" data-srcset=\"https:\/\/iletim.istanbul.edu.tr\/wp-content\/uploads\/22014908_528921674111401_465693432_n.png 720w, https:\/\/iletim.istanbul.edu.tr\/wp-content\/uploads\/22014908_528921674111401_465693432_n-300x297.png 300w\" data-expand=\"700\" \/><\/a>\n                <\/div><\/figure><figure class='gallery-item'>\n                <div class='gallery-icon landscape'>\n                    <a href='https:\/\/iletim.istanbul.edu.tr\/wp-content\/uploads\/DSC_0251.jpg'><img loading=\"lazy\" decoding=\"async\" width=\"1024\" height=\"678\" src=\"\" class=\"attachment-large size-large lazyload\" alt=\"\" data-src=\"https:\/\/iletim.istanbul.edu.tr\/wp-content\/uploads\/DSC_0251-1024x678.jpg\" data-sizes=\"auto\" data-srcset=\"https:\/\/iletim.istanbul.edu.tr\/wp-content\/uploads\/DSC_0251-1024x678.jpg 1024w, https:\/\/iletim.istanbul.edu.tr\/wp-content\/uploads\/DSC_0251-300x199.jpg 300w, https:\/\/iletim.istanbul.edu.tr\/wp-content\/uploads\/DSC_0251-768x509.jpg 768w\" data-expand=\"700\" \/><\/a>\n                <\/div><\/figure><br style=\"clear: both\" \/>\n            <\/div>\n\n","protected":false},"excerpt":{"rendered":"<p>\u0130stanbul \u00dcniversitesi Cerrahpa\u015fa Hasan Ali Y\u00fccel E\u011fitim Fak\u00fcltesi (HAYEF) b\u00fcnyesinde \u00e7al\u0131\u015fmalar\u0131n\u0131 s\u00fcrd\u00fcren ve ge\u00e7mi\u015fte bir\u00e7ok ba\u015far\u0131l\u0131 etkinli\u011fe imza atan Dil Kul\u00fcb\u00fc, ba\u015fta \u00fccretsiz yabanc\u0131 dil kurslar\u0131 olmak \u00fczere \u00e7e\u015fitli akademik ve sosyal etkinlikler d\u00fczenliyor. Kul\u00fcp Ba\u015fkan\u0131 Batuhan Alt\u0131n\u0131\u015f\u0131k, Dil Kul\u00fcb\u00fc\u2019n\u00fc anlatt\u0131.<\/p>\n","protected":false},"author":14,"featured_media":6284,"comment_status":"open","ping_status":"open","sticky":false,"template":"","format":"standard","meta":{"jnews-multi-image_gallery":[],"jnews_single_post":[],"jnews_primary_category":[],"jnews_social_meta":[],"jnews_override_counter":[],"footnotes":""},"categories":[34],"tags":[],"class_list":["post-6278","post","type-post","status-publish","format-standard","has-post-thumbnail","hentry","category-universite"],"_links":{"self":[{"href":"https:\/\/iletim.istanbul.edu.tr\/index.php\/wp-json\/wp\/v2\/posts\/6278","targetHints":{"allow":["GET"]}}],"collection":[{"href":"https:\/\/iletim.istanbul.edu.tr\/index.php\/wp-json\/wp\/v2\/posts"}],"about":[{"href":"https:\/\/iletim.istanbul.edu.tr\/index.php\/wp-json\/wp\/v2\/types\/post"}],"author":[{"embeddable":true,"href":"https:\/\/iletim.istanbul.edu.tr\/index.php\/wp-json\/wp\/v2\/users\/14"}],"replies":[{"embeddable":true,"href":"https:\/\/iletim.istanbul.edu.tr\/index.php\/wp-json\/wp\/v2\/comments?post=6278"}],"version-history":[{"count":0,"href":"https:\/\/iletim.istanbul.edu.tr\/index.php\/wp-json\/wp\/v2\/posts\/6278\/revisions"}],"wp:featuredmedia":[{"embeddable":true,"href":"https:\/\/iletim.istanbul.edu.tr\/index.php\/wp-json\/wp\/v2\/media\/6284"}],"wp:attachment":[{"href":"https:\/\/iletim.istanbul.edu.tr\/index.php\/wp-json\/wp\/v2\/media?parent=6278"}],"wp:term":[{"taxonomy":"category","embeddable":true,"href":"https:\/\/iletim.istanbul.edu.tr\/index.php\/wp-json\/wp\/v2\/categories?post=6278"},{"taxonomy":"post_tag","embeddable":true,"href":"https:\/\/iletim.istanbul.edu.tr\/index.php\/wp-json\/wp\/v2\/tags?post=6278"}],"curies":[{"name":"wp","href":"https:\/\/api.w.org\/{rel}","templated":true}]}}