{"id":6342,"date":"2018-10-05T16:13:25","date_gmt":"2018-10-05T13:13:25","guid":{"rendered":"https:\/\/iletim.istanbul.edu.tr\/?p=6342"},"modified":"2019-08-01T13:32:41","modified_gmt":"2019-08-01T10:32:41","slug":"bir-basari-hikayesi-yigit-caner-aydin","status":"publish","type":"post","link":"https:\/\/iletim.istanbul.edu.tr\/index.php\/2018\/10\/05\/bir-basari-hikayesi-yigit-caner-aydin\/","title":{"rendered":"Bir Ba\u015far\u0131 Hik\u00e2yesi: Yi\u011fit Caner Ayd\u0131n"},"content":{"rendered":"<p><strong>Murat KASAP<\/strong><\/p>\n<p>Ge\u00e7irdi\u011fi talihsiz kazan\u0131n ard\u0131ndan fel\u00e7 olan ve 2016\u2019da ok\u00e7uluk maceras\u0131na ba\u015flayan Yi\u011fit Caner Ayd\u0131n, ok\u00e7ulukla ilgili g\u00f6r\u00fc\u015flerini anlatt\u0131.<\/p>\n<p>Yi\u011fit Caner Ayd\u0131n, \u0130stanbul \u00dcniversite Astronomi ve Uzay Bilimleri b\u00f6l\u00fcm\u00fcnde 2013 y\u0131l\u0131nda \u00f6\u011frenciyken o y\u0131l ba\u015f\u0131na stant d\u00fc\u015fmesi sonucunda C6 seviyesinde boyun omuru k\u0131r\u0131ld\u0131 ve omurilik felci ge\u00e7irdi. G\u00f6\u011f\u00fcs alt\u0131ndan itibaren b\u00fct\u00fcn v\u00fccudu fel\u00e7ten etkilenen Ayd\u0131n, ya\u015fad\u0131\u011f\u0131 talihsiz kazaya ra\u011fmen hayata tutundu ve \u00f6nemli ba\u015far\u0131lar elde etti. Doktorlar ameliyat \u00f6ncesinde hayatta kalma \u015fans\u0131n\u0131n %20 oldu\u011funu s\u00f6ylediler. Fakat o vermi\u015f oldu\u011fu ya\u015fam m\u00fccadelesini kazand\u0131.<\/p>\n<p>O g\u00fcnlerden kalma an\u0131lar\u0131n\u0131 payla\u015fan Paralimpik Ok\u00e7u Yi\u011fit Caner Ayd\u0131n, \u201cBenim i\u00e7in olduk\u00e7a zor g\u00fcnlerdi. Fizik tedavi s\u00fcrecim 2.5 y\u0131l kadar s\u00fcrd\u00fc. G\u00fcnde 5-6 saatlik yo\u011fun fizik tedavi \u00e7al\u0131\u015fmas\u0131 yap\u0131yorduk. Hatta ilk zamanlar hastaneye d\u00f6rd\u00fcnc\u00fc ki\u015finin yard\u0131m\u0131yla gidebiliyordum\u201d dedi.<\/p>\n<p><strong>\u201cYay\u0131 Elime Ald\u0131\u011f\u0131m G\u00fcn Kendime Bir Hedef Koydum\u201d<\/strong><\/p>\n<p>2016 y\u0131l\u0131nda tesad\u00fcfen babas\u0131n\u0131n ok\u00e7uluk yapan Naci Yenier ile tan\u0131\u015fmas\u0131n\u0131n ard\u0131ndan ba\u015flayan ok\u00e7uluk maceras\u0131n\u0131n ilk g\u00fcnlerde hi\u00e7 kolay olmad\u0131\u011f\u0131n\u0131 s\u00f6yleyen Ayd\u0131n, yay\u0131 eline ilk al\u0131\u015f\u0131nda olduk\u00e7a zorland\u0131\u011f\u0131n\u0131 s\u00f6yledi. Ayd\u0131n, \u201cYay\u0131 elime almamla d\u00fc\u015f\u00fcrmem bir oldu. Bu durum beni biraz etkiledi ve kendime bir hedef koydum. O yay\u0131 ta\u015f\u0131yacak g\u00fcce kavu\u015facak ve o hedeflere ben de at\u0131\u015f yapacakt\u0131m\u201d ifadelerini kulland\u0131.<\/p>\n<p><img decoding=\"async\" class=\"alignnone size-large wp-image-6344\" src=\"https:\/\/iletim.istanbul.edu.tr\/wp-content\/uploads\/PARA17_X17_8950-1024x683.jpg\" alt=\"\" width=\"702\" height=\"468\" srcset=\"https:\/\/iletim.istanbul.edu.tr\/wp-content\/uploads\/PARA17_X17_8950-1024x683.jpg 1024w, https:\/\/iletim.istanbul.edu.tr\/wp-content\/uploads\/PARA17_X17_8950-300x200.jpg 300w, https:\/\/iletim.istanbul.edu.tr\/wp-content\/uploads\/PARA17_X17_8950-768x512.jpg 768w, https:\/\/iletim.istanbul.edu.tr\/wp-content\/uploads\/PARA17_X17_8950.jpg 1990w\" sizes=\"(max-width: 702px) 100vw, 702px\" \/><\/p>\n<p><strong>\u201cEvimin Otopark\u0131nda Bir Antrenman Alan\u0131 Olu\u015fturdum\u201d<\/strong><\/p>\n<p>Ok\u00e7ulu\u011fa ilk ba\u015flad\u0131\u011f\u0131nda bir\u00e7ok zorlukla kar\u015f\u0131la\u015ft\u0131\u011f\u0131n\u0131, \u00f6zellikle de medikal anlamda zorland\u0131\u011f\u0131n\u0131 belirten Ayd\u0131n, \u201cBu s\u00fcre\u00e7te problem ya\u015fad\u0131\u011f\u0131m iki konu vard\u0131. Biri evimin uzakl\u0131\u011f\u0131 di\u011feri ise medikal ihtiya\u00e7lar\u0131m\u0131 kar\u015f\u0131lamakt\u0131. Bunlar o d\u00f6nemde ya\u015fad\u0131\u011f\u0131m en ciddi s\u0131k\u0131nt\u0131lard\u0131. Fakat daha sonra evimin otopark\u0131n\u0131 bir antrenman alan\u0131na d\u00f6n\u00fc\u015ft\u00fcrerek bir nebze de olsa ya\u015fad\u0131\u011f\u0131m problemi \u00e7\u00f6zmeyi ba\u015fard\u0131m. Ard\u0131ndan ulusal yar\u0131\u015fmalarda iki y\u0131l \u00fcst \u00fcste T\u00fcrkiye \u00fc\u00e7\u00fcnc\u00fcs\u00fc oldum. Pekin&#8217;de d\u00fczenlenen 2017 Paralimpik Ok\u00e7uluk D\u00fcnya \u015eampiyonas\u0131&#8217;nda ilk kez \u00fclkemi temsil ettim. Tak\u0131m olarak s\u0131ralama ve eleme at\u0131\u015flar\u0131nda 2 d\u00fcnya rekoru k\u0131rarak \u015fampiyonlu\u011fa ula\u015ft\u0131k\u201d dedi.<\/p>\n<p><strong>\u201cBu Spor Dal\u0131nda D\u00fcnyan\u0131n En \u0130yisi Olmak \u0130stiyorum\u201d<\/strong><\/p>\n<p>T\u00fcrkiye\u2019nin ok\u00e7uluk alan\u0131nda son 10 y\u0131lda b\u00fcy\u00fck bir geli\u015fme kaydetti\u011fini, ilerleyen y\u0131llarda daha \u00e7ok madalya ve ba\u015far\u0131 kazan\u0131laca\u011f\u0131n\u0131 s\u00f6yleyen Ayd\u0131n, \u201cOlimpiyatlarda Gizem Giri\u015fmen\u2019in kazand\u0131\u011f\u0131 alt\u0131n madalya, yine engelli olmayan sporcular\u0131n ba\u015far\u0131lar\u0131 bu spor dal\u0131n\u0131n ilerleyen y\u0131llarda daha iyi yerlere gelece\u011finin bir g\u00f6stergesi. Bu spor dal\u0131nda d\u00fcnyan\u0131n en iyisi olmak istiyorum. Hem d\u00fcnya s\u0131ralamas\u0131nda birinci olabilmek hem de Olimpiyat oyunlar\u0131na kat\u0131l\u0131p buradan \u00fclkeme madalya kazand\u0131rabilmek en b\u00fcy\u00fck hayalim. Ayr\u0131ca D\u00fcnya ok\u00e7ulu\u011fu ad\u0131na Ok\u00e7uluk Federasyonu World Archery g\u00fczel \u00e7al\u0131\u015fmalar yap\u0131yor. Prof. Dr. U\u011fur Erdener\u2019in ba\u015fkan olmas\u0131 ve ba\u015far\u0131l\u0131 i\u015fler yapmas\u0131 da ayr\u0131 bir gurur veriyor\u201d diyerek s\u00f6zlerini tamamlad\u0131.<\/p>\n","protected":false},"excerpt":{"rendered":"<p>Ge\u00e7irdi\u011fi talihsiz kazan\u0131n ard\u0131ndan fel\u00e7 olan ve 2016\u2019da ok\u00e7uluk maceras\u0131na ba\u015flayan Yi\u011fit Caner Ayd\u0131n, ok\u00e7ulukla ilgili g\u00f6r\u00fc\u015flerini anlatt\u0131.<br \/>\nYi\u011fit Caner Ayd\u0131n, \u0130stanbul \u00dcniversite Astronomi ve Uzay Bilimleri b\u00f6l\u00fcm\u00fcnde 2013 y\u0131l\u0131nda \u00f6\u011frenciyken o y\u0131l ba\u015f\u0131na stant d\u00fc\u015fmesi sonucunda C6 seviyesinde boyun omuru k\u0131r\u0131ld\u0131 ve omurilik felci ge\u00e7irdi. G\u00f6\u011f\u00fcs alt\u0131ndan itibaren b\u00fct\u00fcn v\u00fccudu fel\u00e7ten etkilenen Ayd\u0131n, ya\u015fad\u0131\u011f\u0131 talihsiz kazaya ra\u011fmen hayata tutundu ve \u00f6nemli ba\u015far\u0131lar elde etti. Doktorlar ameliyat \u00f6ncesinde hayatta kalma \u015fans\u0131n\u0131n %20 oldu\u011funu s\u00f6ylediler. Fakat o vermi\u015f oldu\u011fu ya\u015fam m\u00fccadelesini kazand\u0131.<\/p>\n","protected":false},"author":14,"featured_media":6343,"comment_status":"open","ping_status":"open","sticky":false,"template":"","format":"standard","meta":{"jnews-multi-image_gallery":[],"jnews_single_post":[],"jnews_primary_category":[],"jnews_social_meta":[],"jnews_override_counter":[],"footnotes":""},"categories":[33],"tags":[],"class_list":["post-6342","post","type-post","status-publish","format-standard","has-post-thumbnail","hentry","category-spor"],"_links":{"self":[{"href":"https:\/\/iletim.istanbul.edu.tr\/index.php\/wp-json\/wp\/v2\/posts\/6342","targetHints":{"allow":["GET"]}}],"collection":[{"href":"https:\/\/iletim.istanbul.edu.tr\/index.php\/wp-json\/wp\/v2\/posts"}],"about":[{"href":"https:\/\/iletim.istanbul.edu.tr\/index.php\/wp-json\/wp\/v2\/types\/post"}],"author":[{"embeddable":true,"href":"https:\/\/iletim.istanbul.edu.tr\/index.php\/wp-json\/wp\/v2\/users\/14"}],"replies":[{"embeddable":true,"href":"https:\/\/iletim.istanbul.edu.tr\/index.php\/wp-json\/wp\/v2\/comments?post=6342"}],"version-history":[{"count":0,"href":"https:\/\/iletim.istanbul.edu.tr\/index.php\/wp-json\/wp\/v2\/posts\/6342\/revisions"}],"wp:featuredmedia":[{"embeddable":true,"href":"https:\/\/iletim.istanbul.edu.tr\/index.php\/wp-json\/wp\/v2\/media\/6343"}],"wp:attachment":[{"href":"https:\/\/iletim.istanbul.edu.tr\/index.php\/wp-json\/wp\/v2\/media?parent=6342"}],"wp:term":[{"taxonomy":"category","embeddable":true,"href":"https:\/\/iletim.istanbul.edu.tr\/index.php\/wp-json\/wp\/v2\/categories?post=6342"},{"taxonomy":"post_tag","embeddable":true,"href":"https:\/\/iletim.istanbul.edu.tr\/index.php\/wp-json\/wp\/v2\/tags?post=6342"}],"curies":[{"name":"wp","href":"https:\/\/api.w.org\/{rel}","templated":true}]}}