{"id":6351,"date":"2018-09-27T15:51:48","date_gmt":"2018-09-27T12:51:48","guid":{"rendered":"https:\/\/iletim.istanbul.edu.tr\/?p=6351"},"modified":"2018-09-27T15:51:48","modified_gmt":"2018-09-27T12:51:48","slug":"uzaklarda-arama-iletisim-fakultesinde","status":"publish","type":"post","link":"https:\/\/iletim.istanbul.edu.tr\/index.php\/2018\/09\/27\/uzaklarda-arama-iletisim-fakultesinde\/","title":{"rendered":"&#8220;Uzaklarda Arama&#8221; \u0130leti\u015fim Fak\u00fcltesi&#8217;nde"},"content":{"rendered":"<p><strong>\u00d6zge KONDAK\u00c7I, Murat KASAP,<\/strong><strong>\u00a0Hande Nur OCAK<\/strong><\/p>\n<p>\u0130stanbul \u00dcniversitesi \u0130leti\u015fim Fak\u00fcltesi T\u00fcrk Sinemas\u0131 G\u00fcnleri&#8217;nin ilk g\u00f6sterimi 27 Eyl\u00fcl&#8217;de yap\u0131ld\u0131.<\/p>\n<p>T\u00fcrkan \u015eoray filmlerinin g\u00f6sterilece\u011fi ve 4 hafta s\u00fcrecek olan T\u00fcrk Sinemas\u0131 G\u00fcnleri&#8217;nin ilk haftas\u0131nda T\u00fcrkan \u015eoray&#8217;\u0131n y\u00f6netmenli\u011fini yapt\u0131\u011f\u0131 ve Onur \u00dcnl\u00fc&#8217;n\u00fcn senaryosunu yazd\u0131\u011f\u0131 &#8220;Uzaklarda Arama&#8221; filmi g\u00f6sterildi. Film g\u00f6steriminin ard\u0131ndan \u0130leti\u015fim Fak\u00fcltesi Radyo Televizyon ve Sinema B\u00f6l\u00fcm\u00fc \u00d6\u011fretim \u00dcyesi Do\u00e7. Dr. Gizem Parlayandemir s\u00f6yle\u015fi ger\u00e7ekle\u015ftirdi.<\/p>\n<p><img decoding=\"async\" class=\"alignnone size-large wp-image-6356\" src=\"https:\/\/iletim.istanbul.edu.tr\/wp-content\/uploads\/DSC0366-1-1024x683.jpg\" alt=\"\" width=\"702\" height=\"468\" srcset=\"https:\/\/iletim.istanbul.edu.tr\/wp-content\/uploads\/DSC0366-1-1024x683.jpg 1024w, https:\/\/iletim.istanbul.edu.tr\/wp-content\/uploads\/DSC0366-1-300x200.jpg 300w, https:\/\/iletim.istanbul.edu.tr\/wp-content\/uploads\/DSC0366-1-768x512.jpg 768w\" sizes=\"(max-width: 702px) 100vw, 702px\" \/><\/p>\n<p>S\u00f6yle\u015fide Do\u00e7. Dr. Parlayandemir, T\u00fcrkan \u015eoray hakk\u0131nda genel bilgilendirme yapt\u0131. Y\u00f6netmeninin T\u00fcrkan \u015eoray oldu\u011fu bir filmi izlediklerini vurgulayan Do\u00e7. Dr. Parlayandemir, T\u00fcrkan \u015eoray&#8217;\u0131n 1960 y\u0131l\u0131nda 15 ya\u015f\u0131nda sinemaya ba\u015flad\u0131\u011f\u0131n\u0131 s\u00f6yledi. T\u00fcrk Sinema tarihiyle ilgili bilgiler veren Do\u00e7. Dr. Parlayandemir, &#8220;T\u00fcrkan \u015eoray, 1972&#8217;de ilk filmini \u00e7ekiyor. 60-70&#8217;li y\u0131llar T\u00fcrk Sinemas\u0131&#8217;n\u0131n alt\u0131n y\u0131llar\u0131. 60&#8217;lar asl\u0131nda Ye\u015fil\u00e7am i\u00e7in \u00f6nemli, 70&#8217;ler ise ulusal ger\u00e7ek\u00e7ili\u011fin T\u00fcrk Sinemas\u0131&#8217;na art\u0131k hakim oldu\u011fu bir d\u00f6nem&#8221; dedi.<\/p>\n<p>Do\u00e7. Dr. Parlayandemir, bu filmin dilinin Ye\u015fil\u00e7am&#8217;a yak\u0131n oldu\u011funu s\u00f6yleyerek s\u00f6zlerine \u015f\u00f6yle devam etti: \u201cUlusal filmlere bakt\u0131\u011f\u0131m\u0131zda sinemada \u00e7ok fazla kad\u0131n y\u00f6netmen g\u00f6remiyoruz, umar\u0131m bunu yak\u0131n s\u00fcre\u00e7te k\u0131raca\u011f\u0131z. Kad\u0131n y\u00f6netmenlerin filmlerimize dahil olmas\u0131 filmlere olan bak\u0131\u015f a\u00e7\u0131m\u0131z\u0131 da de\u011fi\u015ftirecek.\u201d<\/p>\n<p>Soru cevap \u015feklinde devam eden s\u00f6yle\u015finin sonunda Do\u00e7. Dr. \u00d6zg\u00fc Yolcu, Do\u00e7. Dr. Gizem Parlayandemir&#8217;e te\u015fekk\u00fcr belgesi takdim etti.<\/p>\n<p><img decoding=\"async\" class=\"alignnone size-large wp-image-6357\" src=\"https:\/\/iletim.istanbul.edu.tr\/wp-content\/uploads\/935b92f5-53d6-4361-8c33-b97a96285054-768x1024.jpg\" alt=\"\" width=\"702\" height=\"936\" srcset=\"https:\/\/iletim.istanbul.edu.tr\/wp-content\/uploads\/935b92f5-53d6-4361-8c33-b97a96285054-768x1024.jpg 768w, https:\/\/iletim.istanbul.edu.tr\/wp-content\/uploads\/935b92f5-53d6-4361-8c33-b97a96285054-225x300.jpg 225w, https:\/\/iletim.istanbul.edu.tr\/wp-content\/uploads\/935b92f5-53d6-4361-8c33-b97a96285054.jpg 1200w\" sizes=\"(max-width: 702px) 100vw, 702px\" \/><\/p>\n","protected":false},"excerpt":{"rendered":"<p>\u0130stanbul \u00dcniversitesi \u0130leti\u015fim Fak\u00fcltesi T\u00fcrk Sinemas\u0131 G\u00fcnleri&#8217;nin ilk g\u00f6sterimi 27 Eyl\u00fcl&#8217;de yap\u0131ld\u0131.\u00a0<\/p>\n","protected":false},"author":14,"featured_media":6355,"comment_status":"open","ping_status":"open","sticky":false,"template":"","format":"standard","meta":{"jnews-multi-image_gallery":[],"jnews_single_post":[],"jnews_primary_category":[],"jnews_social_meta":[],"jnews_override_counter":[],"footnotes":""},"categories":[1],"tags":[],"class_list":["post-6351","post","type-post","status-publish","format-standard","has-post-thumbnail","hentry","category-genel"],"_links":{"self":[{"href":"https:\/\/iletim.istanbul.edu.tr\/index.php\/wp-json\/wp\/v2\/posts\/6351","targetHints":{"allow":["GET"]}}],"collection":[{"href":"https:\/\/iletim.istanbul.edu.tr\/index.php\/wp-json\/wp\/v2\/posts"}],"about":[{"href":"https:\/\/iletim.istanbul.edu.tr\/index.php\/wp-json\/wp\/v2\/types\/post"}],"author":[{"embeddable":true,"href":"https:\/\/iletim.istanbul.edu.tr\/index.php\/wp-json\/wp\/v2\/users\/14"}],"replies":[{"embeddable":true,"href":"https:\/\/iletim.istanbul.edu.tr\/index.php\/wp-json\/wp\/v2\/comments?post=6351"}],"version-history":[{"count":0,"href":"https:\/\/iletim.istanbul.edu.tr\/index.php\/wp-json\/wp\/v2\/posts\/6351\/revisions"}],"wp:featuredmedia":[{"embeddable":true,"href":"https:\/\/iletim.istanbul.edu.tr\/index.php\/wp-json\/wp\/v2\/media\/6355"}],"wp:attachment":[{"href":"https:\/\/iletim.istanbul.edu.tr\/index.php\/wp-json\/wp\/v2\/media?parent=6351"}],"wp:term":[{"taxonomy":"category","embeddable":true,"href":"https:\/\/iletim.istanbul.edu.tr\/index.php\/wp-json\/wp\/v2\/categories?post=6351"},{"taxonomy":"post_tag","embeddable":true,"href":"https:\/\/iletim.istanbul.edu.tr\/index.php\/wp-json\/wp\/v2\/tags?post=6351"}],"curies":[{"name":"wp","href":"https:\/\/api.w.org\/{rel}","templated":true}]}}