{"id":6361,"date":"2018-09-27T16:46:53","date_gmt":"2018-09-27T13:46:53","guid":{"rendered":"https:\/\/iletim.istanbul.edu.tr\/?p=6361"},"modified":"2018-09-28T11:08:11","modified_gmt":"2018-09-28T08:08:11","slug":"hukuk-fakultesi-oryantasyon-programi-gerceklestirildi","status":"publish","type":"post","link":"https:\/\/iletim.istanbul.edu.tr\/index.php\/2018\/09\/27\/hukuk-fakultesi-oryantasyon-programi-gerceklestirildi\/","title":{"rendered":"Hukuk Fak\u00fcltesi Oryantasyon Program\u0131 Ger\u00e7ekle\u015ftirildi"},"content":{"rendered":"<p><strong>Emine \u00d6zge KONDAK\u00c7I <\/strong><\/p>\n<p>\u0130stanbul \u00dcniversitesi Hukuk Fak\u00fcltesi (\u0130\u00dcHF) 2018-2019 Akademik Y\u0131l\u0131 1. S\u0131n\u0131f Tek-\u00c7ift \u0130kinci \u00d6\u011fretim \u00d6\u011frencileri Oryantasyon Program\u0131, 27 Eyl\u00fcl&#8217;de Amfi-1&#8217;de ger\u00e7ekle\u015ftirildi.<\/p>\n<p>Oryantasyon program\u0131nda Hukuk Fak\u00fcltesi\u2019nin tarih\u00e7esi, sosyal-k\u00fclt\u00fcrel etkinlikleri, \u00e7ift veya yandal imkanlar\u0131, burs, tesisler ve ara\u015ft\u0131rma olanaklar\u0131 ile de\u011fi\u015fim programlar\u0131, mezunlar\u0131n i\u015f yelpazesi, mesleki \u015fartlar hakk\u0131nda yeni \u00f6\u011frencilere bilgi verildi.<\/p>\n<p>\u0130stanbul \u00dcniversitesi Hukuk Fak\u00fcltesi Dekan\u0131 Prof. Dr. Abuzer Kendigelen, \u201cS\u00f6zlerime sizleri tebrik ederek ba\u015flamak istiyorum. Yakla\u015f\u0131k 2 bu\u00e7uk milyon \u00f6\u011frenci aras\u0131ndan 542 \u00f6\u011frencimiz \u00f6rg\u00fcn e\u011fitime kaydolmu\u015ftur. Sizler T\u00fcrkiye genelinde\u00a0 elde etti\u011finiz bu ba\u015far\u0131yla takdiri ve tebri\u011fi hak ediyorsunuz\u201d dedi.<\/p>\n<p>Prof. Dr. Kendigelen, Hukuk Fak\u00fcltesi&#8217;ni ilimlerin zirvesi olarak tan\u0131mlarken, Hukuk Fak\u00fcltesi&#8217;nin 140 y\u0131la dayanan bir gelene\u011fi oldu\u011funu s\u00f6yledi. T\u00fcrkiye\u2019de e\u011fitim veren 69 hukuk fak\u00fcltesi oldu\u011funu hat\u0131rlatan Prof. Dr. Kendigelen, \u00f6\u011frencilerin \u0130stanbul \u00dcniversitesi Hukuk Fak\u00fcltesi&#8217;ni se\u00e7erek bilin\u00e7li tercih yapm\u0131\u015f olduklar\u0131n\u0131 vurgulad\u0131.<\/p>\n<p>\u0130\u00dcHF Dekan Yard\u0131mc\u0131s\u0131 Prof. Dr. Serkan Erg\u00fcne ise \u00f6\u011frencilere fak\u00fclte ve \u00f6\u011frencilik haklar\u0131yla ilgili \u00f6n bilgileri aktard\u0131. \u00d6\u011frencilere, &#8220;\u00d6zel Hukuk ve Kamu Hukuku&#8221; alanlar\u0131nda dersler alacaklar\u0131n\u0131 s\u00f6yleyen Prof. Dr. Erg\u00fcne, AKS\u0130S sisteminden bahsederek, \u00f6\u011frencilerin AKS\u0130S \u00fczerinden e-imzal\u0131 \u00f6\u011frenci belgesi gibi belgeler talep edebileceklerine de\u011findi.<\/p>\n<p>\u0130\u00dcHF Medeni Hukuk Anabilim Dal\u0131 Ba\u015fkan\u0131 Prof. Dr. Saibe Oktay \u00d6zdemir&#8217;in \u00f6\u011frencileri tebrik edip, Hukuk Fak\u00fcltesi hakk\u0131nda genel bilgilendirme yapmas\u0131 ve kamp\u00fcs tan\u0131t\u0131m\u0131 ile program sona erdi.<\/p>\n<div id='gallery_1' class='gallery galleryid-6361 gallery-columns-5 gallery-size-large'><figure class='gallery-item'>\n                <div class='gallery-icon landscape'>\n                    <a href='https:\/\/iletim.istanbul.edu.tr\/wp-content\/uploads\/DSC0103-4.jpg'><img loading=\"lazy\" decoding=\"async\" width=\"1024\" height=\"680\" src=\"\" class=\"attachment-large size-large lazyload\" alt=\"\" data-src=\"https:\/\/iletim.istanbul.edu.tr\/wp-content\/uploads\/DSC0103-4-1024x680.jpg\" data-sizes=\"auto\" data-srcset=\"https:\/\/iletim.istanbul.edu.tr\/wp-content\/uploads\/DSC0103-4-1024x680.jpg 1024w, https:\/\/iletim.istanbul.edu.tr\/wp-content\/uploads\/DSC0103-4-300x199.jpg 300w, https:\/\/iletim.istanbul.edu.tr\/wp-content\/uploads\/DSC0103-4-768x510.jpg 768w\" data-expand=\"700\" \/><\/a>\n                <\/div><\/figure><figure class='gallery-item'>\n                <div class='gallery-icon landscape'>\n                    <a href='https:\/\/iletim.istanbul.edu.tr\/wp-content\/uploads\/DSC0107-4.jpg'><img loading=\"lazy\" decoding=\"async\" width=\"1024\" height=\"680\" src=\"\" class=\"attachment-large size-large lazyload\" alt=\"\" data-src=\"https:\/\/iletim.istanbul.edu.tr\/wp-content\/uploads\/DSC0107-4-1024x680.jpg\" data-sizes=\"auto\" data-srcset=\"https:\/\/iletim.istanbul.edu.tr\/wp-content\/uploads\/DSC0107-4-1024x680.jpg 1024w, https:\/\/iletim.istanbul.edu.tr\/wp-content\/uploads\/DSC0107-4-300x199.jpg 300w, https:\/\/iletim.istanbul.edu.tr\/wp-content\/uploads\/DSC0107-4-768x510.jpg 768w\" data-expand=\"700\" \/><\/a>\n                <\/div><\/figure><figure class='gallery-item'>\n                <div class='gallery-icon landscape'>\n                    <a href='https:\/\/iletim.istanbul.edu.tr\/wp-content\/uploads\/DSC0120-5.jpg'><img loading=\"lazy\" decoding=\"async\" width=\"1024\" height=\"680\" src=\"\" class=\"attachment-large size-large lazyload\" alt=\"\" data-src=\"https:\/\/iletim.istanbul.edu.tr\/wp-content\/uploads\/DSC0120-5-1024x680.jpg\" data-sizes=\"auto\" data-srcset=\"https:\/\/iletim.istanbul.edu.tr\/wp-content\/uploads\/DSC0120-5-1024x680.jpg 1024w, https:\/\/iletim.istanbul.edu.tr\/wp-content\/uploads\/DSC0120-5-300x199.jpg 300w, https:\/\/iletim.istanbul.edu.tr\/wp-content\/uploads\/DSC0120-5-768x510.jpg 768w\" data-expand=\"700\" \/><\/a>\n                <\/div><\/figure><figure class='gallery-item'>\n                <div class='gallery-icon landscape'>\n                    <a href='https:\/\/iletim.istanbul.edu.tr\/wp-content\/uploads\/DSC0111-4.jpg'><img loading=\"lazy\" decoding=\"async\" width=\"1024\" height=\"680\" src=\"\" class=\"attachment-large size-large lazyload\" alt=\"\" data-src=\"https:\/\/iletim.istanbul.edu.tr\/wp-content\/uploads\/DSC0111-4-1024x680.jpg\" data-sizes=\"auto\" data-srcset=\"https:\/\/iletim.istanbul.edu.tr\/wp-content\/uploads\/DSC0111-4-1024x680.jpg 1024w, https:\/\/iletim.istanbul.edu.tr\/wp-content\/uploads\/DSC0111-4-300x199.jpg 300w, https:\/\/iletim.istanbul.edu.tr\/wp-content\/uploads\/DSC0111-4-768x510.jpg 768w\" data-expand=\"700\" \/><\/a>\n                <\/div><\/figure><figure class='gallery-item'>\n                <div class='gallery-icon landscape'>\n                    <a href='https:\/\/iletim.istanbul.edu.tr\/wp-content\/uploads\/DSC0116-2.jpg'><img loading=\"lazy\" decoding=\"async\" width=\"1024\" height=\"680\" src=\"\" class=\"attachment-large size-large lazyload\" alt=\"\" data-src=\"https:\/\/iletim.istanbul.edu.tr\/wp-content\/uploads\/DSC0116-2-1024x680.jpg\" data-sizes=\"auto\" data-srcset=\"https:\/\/iletim.istanbul.edu.tr\/wp-content\/uploads\/DSC0116-2-1024x680.jpg 1024w, https:\/\/iletim.istanbul.edu.tr\/wp-content\/uploads\/DSC0116-2-300x199.jpg 300w, https:\/\/iletim.istanbul.edu.tr\/wp-content\/uploads\/DSC0116-2-768x510.jpg 768w\" data-expand=\"700\" \/><\/a>\n                <\/div><\/figure><br style=\"clear: both\" \/>\n            <\/div>\n\n","protected":false},"excerpt":{"rendered":"<p>\u0130stanbul \u00dcniversitesi Hukuk Fak\u00fcltesi (\u0130\u00dcHF) 2018-2019 Akademik Y\u0131l\u0131 1. S\u0131n\u0131f Tek-\u00c7ift \u0130kinci \u00d6\u011fretim \u00d6\u011frencileri Oryantasyon Program\u0131, 27 Eyl\u00fcl&#8217;de Amfi-1&#8217;de ger\u00e7ekle\u015ftirildi.\u00a0<\/p>\n","protected":false},"author":14,"featured_media":6368,"comment_status":"open","ping_status":"open","sticky":false,"template":"","format":"standard","meta":{"jnews-multi-image_gallery":[],"jnews_single_post":[],"jnews_primary_category":[],"jnews_social_meta":[],"jnews_override_counter":[],"footnotes":""},"categories":[34],"tags":[],"class_list":["post-6361","post","type-post","status-publish","format-standard","has-post-thumbnail","hentry","category-universite"],"_links":{"self":[{"href":"https:\/\/iletim.istanbul.edu.tr\/index.php\/wp-json\/wp\/v2\/posts\/6361","targetHints":{"allow":["GET"]}}],"collection":[{"href":"https:\/\/iletim.istanbul.edu.tr\/index.php\/wp-json\/wp\/v2\/posts"}],"about":[{"href":"https:\/\/iletim.istanbul.edu.tr\/index.php\/wp-json\/wp\/v2\/types\/post"}],"author":[{"embeddable":true,"href":"https:\/\/iletim.istanbul.edu.tr\/index.php\/wp-json\/wp\/v2\/users\/14"}],"replies":[{"embeddable":true,"href":"https:\/\/iletim.istanbul.edu.tr\/index.php\/wp-json\/wp\/v2\/comments?post=6361"}],"version-history":[{"count":0,"href":"https:\/\/iletim.istanbul.edu.tr\/index.php\/wp-json\/wp\/v2\/posts\/6361\/revisions"}],"wp:featuredmedia":[{"embeddable":true,"href":"https:\/\/iletim.istanbul.edu.tr\/index.php\/wp-json\/wp\/v2\/media\/6368"}],"wp:attachment":[{"href":"https:\/\/iletim.istanbul.edu.tr\/index.php\/wp-json\/wp\/v2\/media?parent=6361"}],"wp:term":[{"taxonomy":"category","embeddable":true,"href":"https:\/\/iletim.istanbul.edu.tr\/index.php\/wp-json\/wp\/v2\/categories?post=6361"},{"taxonomy":"post_tag","embeddable":true,"href":"https:\/\/iletim.istanbul.edu.tr\/index.php\/wp-json\/wp\/v2\/tags?post=6361"}],"curies":[{"name":"wp","href":"https:\/\/api.w.org\/{rel}","templated":true}]}}