{"id":6407,"date":"2018-10-05T16:13:03","date_gmt":"2018-10-05T13:13:03","guid":{"rendered":"https:\/\/iletim.istanbul.edu.tr\/?p=6407"},"modified":"2018-10-05T16:13:52","modified_gmt":"2018-10-05T13:13:52","slug":"vesikali-yarim-iletisim-fakultesinde","status":"publish","type":"post","link":"https:\/\/iletim.istanbul.edu.tr\/index.php\/2018\/10\/05\/vesikali-yarim-iletisim-fakultesinde\/","title":{"rendered":"\u201cVesikal\u0131 Yarim\u201d \u0130leti\u015fim Fak\u00fcltesi\u2019nde"},"content":{"rendered":"<p><strong>Hande Nur OCAK<\/strong><br \/>\n<strong>Foto\u011fraf: Emine \u00d6zge KONDAK\u00c7I<\/strong><\/p>\n<p>\u0130stanbul \u00dcniversitesi \u0130leti\u015fim Fak\u00fcltesi T\u00fcrk Sinemas\u0131 G\u00fcnleri\u2019nin ikinci g\u00f6sterimi 4 Ekim\u2019de yap\u0131ld\u0131.<\/p>\n<p>T\u00fcrkan \u015eoray filmlerinin g\u00f6sterilece\u011fi ve 4 hafta s\u00fcrecek olan T\u00fcrk Sinemas\u0131 G\u00fcnleri\u2019nin ikinci haftas\u0131nda L\u00fctfi \u00d6mer Akad\u2019\u0131n y\u00f6netmenli\u011fini yapt\u0131\u011f\u0131 &#8220;Vesikal\u0131 Yarim&#8221; filmi g\u00f6sterildi. Film g\u00f6steriminin ard\u0131ndan \u0130leti\u015fim Fak\u00fcltesi Radyo Televizyon ve Sinema B\u00f6l\u00fcm\u00fc \u00d6\u011fretim \u00dcyesi Prof. Dr. Hasan Akbulut s\u00f6yle\u015fi ger\u00e7ekle\u015ftirdi.<\/p>\n<p>Film hakk\u0131nda kat\u0131l\u0131mc\u0131lardan g\u00f6r\u00fc\u015f alarak konu\u015fmas\u0131na ba\u015flayan Prof. Dr. Akbulut, \u201cBu filmi bug\u00fcn\u00fcn kodlar\u0131yla izliyoruz, bug\u00fcnk\u00fc fark\u0131ndal\u0131\u011f\u0131m\u0131z bu eksiklikleri ve kusurlar\u0131 g\u00f6rmemizi sa\u011fl\u0131yor\u201d dedi ve Fatih \u00d6zg\u00fcven\u2019in 90\u2019l\u0131 y\u0131llardan itibaren tekrar Ye\u015fil\u00e7am sinemas\u0131n\u0131n pop\u00fcler oldu\u011fu saptamas\u0131na dikkat \u00e7ekerek o d\u00f6nemde Ye\u015fil\u00e7am sinemas\u0131n\u0131n televizyonlarda bol miktarda g\u00f6sterilmeye ba\u015flad\u0131\u011f\u0131n\u0131 ifade etti.<\/p>\n<p>Prof. Dr. Akbulut, \u201c90\u2019larda Ye\u015fil\u00e7am sinemas\u0131nda tiye alma olgusu, hatta biliyorsunuz ki bir\u00e7ok dizi ve filmde parodisi de yap\u0131ld\u0131. Burada \u015fu kavram \u00f6nerilmi\u015fti filmleri incelemek i\u00e7in: tevazu kontrat\u0131\u201d diyerek, bug\u00fcnk\u00fc perspektifle bak\u0131ld\u0131\u011f\u0131nda bizlerin o filmleri yarg\u0131layabildi\u011fimizi fakat \u00f6ncelikle tevazu kontrat\u0131 imzalamam\u0131z gerekti\u011fini s\u00f6yledi. Prof. Dr. Akbulut, filmleri izlerken al\u00e7ak g\u00f6n\u00fcll\u00fcl\u00fckle asl\u0131nda filmin bizlere ne s\u00f6yledi\u011fini, o d\u00f6nemlerde bize ne anlatt\u0131\u011f\u0131n\u0131 anlamam\u0131z gerekti\u011fine dikkat \u00e7ekerek tevazu kontrat\u0131 kavram\u0131n\u0131n kendisi a\u00e7\u0131s\u0131ndan \u00f6nemli oldu\u011funu vurgulad\u0131.<\/p>\n<p>Film hakk\u0131nda genel g\u00f6r\u00fc\u015flerle ba\u015flayan s\u00f6yle\u015fi, Prof. Dr. Hasan Akbulut\u2019un ve kat\u0131l\u0131mc\u0131lar\u0131n ele\u015ftiri, \u00e7\u00f6z\u00fcmlemeleriyle birlikte devam etti. S\u00f6yle\u015fi Prof. Dr. Erg\u00fcn Yolcu\u2019nun Prof. Dr. Hasan Akbulut\u2019a te\u015fekk\u00fcr belgesi takdim etmesiyle sona erdi.<\/p>\n<div id='gallery_1' class='gallery galleryid-6407 gallery-columns-2 gallery-size-medium'><figure class='gallery-item'>\n                <div class='gallery-icon landscape'>\n                    <a href='https:\/\/iletim.istanbul.edu.tr\/wp-content\/uploads\/DSC0758.jpg'><img loading=\"lazy\" decoding=\"async\" width=\"300\" height=\"200\" src=\"\" class=\"attachment-medium size-medium lazyload\" alt=\"\" data-src=\"https:\/\/iletim.istanbul.edu.tr\/wp-content\/uploads\/DSC0758-300x200.jpg\" data-sizes=\"auto\" data-srcset=\"https:\/\/iletim.istanbul.edu.tr\/wp-content\/uploads\/DSC0758-300x200.jpg 300w, https:\/\/iletim.istanbul.edu.tr\/wp-content\/uploads\/DSC0758-768x512.jpg 768w, https:\/\/iletim.istanbul.edu.tr\/wp-content\/uploads\/DSC0758-1024x683.jpg 1024w\" data-expand=\"700\" \/><\/a>\n                <\/div><\/figure><figure class='gallery-item'>\n                <div class='gallery-icon landscape'>\n                    <a href='https:\/\/iletim.istanbul.edu.tr\/wp-content\/uploads\/DSC0762.jpg'><img loading=\"lazy\" decoding=\"async\" width=\"300\" height=\"200\" src=\"\" class=\"attachment-medium size-medium lazyload\" alt=\"\" data-src=\"https:\/\/iletim.istanbul.edu.tr\/wp-content\/uploads\/DSC0762-300x200.jpg\" data-sizes=\"auto\" data-srcset=\"https:\/\/iletim.istanbul.edu.tr\/wp-content\/uploads\/DSC0762-300x200.jpg 300w, https:\/\/iletim.istanbul.edu.tr\/wp-content\/uploads\/DSC0762-768x512.jpg 768w, https:\/\/iletim.istanbul.edu.tr\/wp-content\/uploads\/DSC0762-1024x683.jpg 1024w\" data-expand=\"700\" \/><\/a>\n                <\/div><\/figure><br style=\"clear: both\" \/>\n            <\/div>\n\n","protected":false},"excerpt":{"rendered":"<p>T\u00fcrkan \u015eoray filmlerinin g\u00f6sterilece\u011fi ve 4 hafta s\u00fcrecek olan T\u00fcrk Sinemas\u0131 G\u00fcnleri\u2019nin ikinci haftas\u0131nda L\u00fctfi \u00d6mer Akad\u2019\u0131n y\u00f6netmenli\u011fini yapt\u0131\u011f\u0131 &#8220;Vesikal\u0131 Yarim&#8221; filmi g\u00f6sterildi. Film g\u00f6steriminin ard\u0131ndan \u0130leti\u015fim Fak\u00fcltesi Radyo Televizyon ve Sinema B\u00f6l\u00fcm\u00fc \u00d6\u011fretim \u00dcyesi Prof. Dr. Hasan Akbulut s\u00f6yle\u015fi ger\u00e7ekle\u015ftirdi.<\/p>\n","protected":false},"author":14,"featured_media":6412,"comment_status":"open","ping_status":"open","sticky":false,"template":"","format":"standard","meta":{"jnews-multi-image_gallery":[],"jnews_single_post":[],"jnews_primary_category":[],"jnews_social_meta":[],"jnews_override_counter":[],"footnotes":""},"categories":[30],"tags":[],"class_list":["post-6407","post","type-post","status-publish","format-standard","has-post-thumbnail","hentry","category-kultur-sanat"],"_links":{"self":[{"href":"https:\/\/iletim.istanbul.edu.tr\/index.php\/wp-json\/wp\/v2\/posts\/6407","targetHints":{"allow":["GET"]}}],"collection":[{"href":"https:\/\/iletim.istanbul.edu.tr\/index.php\/wp-json\/wp\/v2\/posts"}],"about":[{"href":"https:\/\/iletim.istanbul.edu.tr\/index.php\/wp-json\/wp\/v2\/types\/post"}],"author":[{"embeddable":true,"href":"https:\/\/iletim.istanbul.edu.tr\/index.php\/wp-json\/wp\/v2\/users\/14"}],"replies":[{"embeddable":true,"href":"https:\/\/iletim.istanbul.edu.tr\/index.php\/wp-json\/wp\/v2\/comments?post=6407"}],"version-history":[{"count":0,"href":"https:\/\/iletim.istanbul.edu.tr\/index.php\/wp-json\/wp\/v2\/posts\/6407\/revisions"}],"wp:featuredmedia":[{"embeddable":true,"href":"https:\/\/iletim.istanbul.edu.tr\/index.php\/wp-json\/wp\/v2\/media\/6412"}],"wp:attachment":[{"href":"https:\/\/iletim.istanbul.edu.tr\/index.php\/wp-json\/wp\/v2\/media?parent=6407"}],"wp:term":[{"taxonomy":"category","embeddable":true,"href":"https:\/\/iletim.istanbul.edu.tr\/index.php\/wp-json\/wp\/v2\/categories?post=6407"},{"taxonomy":"post_tag","embeddable":true,"href":"https:\/\/iletim.istanbul.edu.tr\/index.php\/wp-json\/wp\/v2\/tags?post=6407"}],"curies":[{"name":"wp","href":"https:\/\/api.w.org\/{rel}","templated":true}]}}