{"id":6452,"date":"2018-10-08T12:23:59","date_gmt":"2018-10-08T09:23:59","guid":{"rendered":"https:\/\/iletim.istanbul.edu.tr\/?p=6452"},"modified":"2018-10-08T12:23:59","modified_gmt":"2018-10-08T09:23:59","slug":"sinema-kulturun-en-onemli-tasiyicisi","status":"publish","type":"post","link":"https:\/\/iletim.istanbul.edu.tr\/index.php\/2018\/10\/08\/sinema-kulturun-en-onemli-tasiyicisi\/","title":{"rendered":"\u201cSinema, K\u00fclt\u00fcr\u00fcn En \u00d6nemli Ta\u015f\u0131y\u0131c\u0131s\u0131\u201d"},"content":{"rendered":"<p><strong>Tu\u011f\u00e7e AY\u00c7\u0130N<\/strong><br \/>\n<strong>Foto\u011fraf: S\u00fcleyman KARSANBAY<\/strong><\/p>\n<p>\u201cT\u00fcrk D\u00fcnyas\u0131 Belgesel Film Festivali\u201d kapsam\u0131nda d\u00fczenlenen \u201cK\u00fclt\u00fcr Ta\u015f\u0131y\u0131c\u0131s\u0131 Olarak Belgesel ve Sinema\u201d paneli, 5 Ekim\u2019de \u0130leti\u015fim Fak\u00fcltesi Konferans Salonu\u2019nda ger\u00e7ekle\u015ftirildi.<\/p>\n<p>\u201cK\u00fclt\u00fcr Ta\u015f\u0131y\u0131c\u0131s\u0131 Olarak Belgesel ve Sinema\u201d panelinde Radyo Televizyon ve Sinema B\u00f6l\u00fcm\u00fc \u00f6\u011fretim \u00fcyeleri Do\u00e7. Dr. Gizem Parlayandemir, Dr. \u00d6\u011fr. \u00dcyesi \u00d6zlem Arda ve Dr. \u00d6\u011fr. \u00dcyesi Mesut Aytekin konu\u015fma yapt\u0131. Konu\u015fmas\u0131na k\u00fclt\u00fcr\u00fcn tan\u0131mlanmas\u0131 zor bir kavram oldu\u011funu belirterek ba\u015flayan Do\u00e7. Dr. Parlayandemir, \u201cK\u00fclt\u00fcr, \u00e7e\u015fitli de\u011fer yarg\u0131lar\u0131 ve normlar\u0131n ku\u015faklar boyunca aktar\u0131lmas\u0131d\u0131r\u201d \u015feklinde konu\u015ftu. Sineman\u0131n ortaya \u00e7\u0131k\u0131\u015f s\u00fcreci hakk\u0131nda bilgiler veren Do\u00e7. Dr. Parlayandemir, alternatif k\u00fclt\u00fcrleri yayma noktas\u0131nda belgesellerin de i\u015flevselli\u011finin oldu\u011funu vurgulad\u0131.<\/p>\n<p><strong>\u201cBelgesel Film Yapmak Ustal\u0131k Gerektirir\u201d<\/strong><\/p>\n<p>Do\u00e7. Dr. Parlayandemir\u2019in konu\u015fmas\u0131n\u0131 tamamlamas\u0131n\u0131n ard\u0131ndan Dr. \u00d6\u011fr. \u00dcyesi \u00d6zlem Arda s\u00f6z ald\u0131. Belgesel filmin genel yap\u0131s\u0131n\u0131 anlatan Dr. \u00d6\u011fr. \u00dcyesi Arda, \u015fu \u015fekilde konu\u015ftu: \u201cBelgesel film zordur ve bu i\u015fi yapmak ustal\u0131k gerektirir. Bunun toplumsal bir misyonu vard\u0131r. Bir k\u00fclt\u00fcr\u00fc var olan haliyle aktarmak, belgesel film y\u00f6netmeninin sorumluluk hissetti\u011fi alanlardan birisidir.\u201d A\u00e7\u0131klamalar\u0131na etnografik belgesel film konusu ile devam eden Dr. \u00d6\u011fr. \u00dcyesi Arda, etnografik belgesel film i\u00e7in antropoloji, sosyoloji ve etnolojinin \u00e7al\u0131\u015fma alanlar\u0131n\u0131n ve prensiplerinin \u00e7ok iyi bilinmesi gerekti\u011finin alt\u0131n\u0131 \u00e7izdi. Dr. \u00d6\u011fr. \u00dcyesi Arda, \u201cK\u00fclt\u00fcr\u00fcn aktar\u0131lmas\u0131 elbette m\u00fcmk\u00fcnd\u00fcr ama bu aktar\u0131m i\u015finde ba\u011flant\u0131l\u0131 bilim dallar\u0131yla beslenilmesi gerekir yoksa eksik bir belgesel film ortaya koyulmu\u015f olur\u201d diye konu\u015furken, i\u015fin sanatsal kayg\u0131lar\u0131n\u0131n bilimin \u00f6n\u00fcne ge\u00e7memesi gerekti\u011fini ifade etti. Bu noktada \u00e7ok iyi ara\u015ft\u0131rma yap\u0131lmas\u0131 gerekti\u011fini vurgulayan Dr. \u00d6\u011fr. \u00dcyesi Arda, k\u00fclt\u00fcr\u00fcn aktar\u0131lmas\u0131n\u0131n \u00e7ok de\u011ferli bir i\u015f oldu\u011funu s\u00f6zlerine ekledi.<\/p>\n<p>Dr. \u00d6\u011fr. \u00dcyesi Arda\u2019n\u0131n ard\u0131ndan konu\u015fan Dr. \u00d6\u011fr. \u00dcyesi Mesut Aytekin, konu\u015fmas\u0131na Michel Foucault\u2019nun bir s\u00f6z\u00fcnden \u00f6rnek vererek ba\u015flad\u0131. \u201cFoucault\u2019ya g\u00f6re bilgiye sahip olanlar g\u00fcce sahip olur, g\u00fcce sahip olanlar da iktidara sahip olur. Biz bunu k\u00fclt\u00fcr a\u00e7\u0131s\u0131ndan da ele alabiliriz\u201d \u015feklinde konu\u015fan Dr. \u00d6\u011fr. \u00dcyesi Aytekin, k\u00fclt\u00fcr end\u00fcstrisi \u00e7al\u0131\u015fmalar\u0131nda, sineman\u0131n k\u00fclt\u00fcr\u00fcn en \u00f6nemli ta\u015f\u0131y\u0131c\u0131s\u0131 konumunda oldu\u011funu belirtti. G\u00fcn\u00fcm\u00fczde teknolojik ara\u00e7lar\u0131n, sosyal medyan\u0131n, yeni medyan\u0131n \u00e7ok h\u0131zl\u0131 \u015fekilde geli\u015fti\u011fini kaydeden Dr. \u00d6\u011fr. \u00dcyesi Aytekin \u015fu ifadeleri kulland\u0131: \u201c\u0130\u00e7inde bulundu\u011fumuz d\u00f6nemde farkl\u0131 teknik \u00f6zelliklere sahip kameralar, drone\u2019lar s\u00f6z konusu. Farkl\u0131 boyutlarda hik\u00e2ye aktarma \u00f6zelli\u011fine kavu\u015ftuk. Aktar\u0131lacak \u00e7ok hikayemiz var. \u00c7ok h\u0131zl\u0131 ya\u015famaya ba\u015flad\u0131\u011f\u0131m\u0131z i\u00e7in bunlar arka planda kald\u0131. Bizim gibi s\u00f6zl\u00fc k\u00fclt\u00fcre h\u00e2kim olan bir k\u00fclt\u00fcrde, bir\u00e7ok k\u00fclt\u00fcr de\u011ferimizin insanlar \u00f6ld\u00fc\u011f\u00fcnde yok olmayla kar\u015f\u0131la\u015fma noktas\u0131nda olmas\u0131 \u00fcz\u00fcc\u00fc bir durum. K\u00fclt\u00fcr insanlarla ya\u015f\u0131yor. Belgeselin de bu y\u00fczden \u00e7ok \u00f6nemli bir yeri var.\u201d \u0130leti\u015fim Fak\u00fcltesi Dekan\u0131 Prof. Dr. Erg\u00fcn Yolcu\u2019nun dan\u0131\u015fmanl\u0131\u011f\u0131nda ger\u00e7ekle\u015ftirdikleri ve \u00e7al\u0131\u015fmalar\u0131 devam etmekte olan Ulu\u011fbeyler S\u00fcheyl \u00dcnver Belgeseli\u2019ne de de\u011finen Dr. \u00d6\u011fr. \u00dcyesi Aytekin, \u0130leti\u015fim Fak\u00fcltesi\u2019nin sinema ve belgesel alan\u0131ndaki di\u011fer \u00e7al\u0131\u015fmalar\u0131ndan da \u00f6rnekler verdi.<\/p>\n<p>\u201cK\u00fclt\u00fcr Ta\u015f\u0131y\u0131c\u0131s\u0131 Olarak Belgesel ve Sinema\u201d paneli toplu foto\u011fraf \u00e7ekimin ard\u0131ndan sona erdi.<\/p>\n<div id='gallery_1' class='gallery galleryid-6452 gallery-columns-5 gallery-size-thumbnail'><figure class='gallery-item'>\n                <div class='gallery-icon landscape'>\n                    <a href='https:\/\/iletim.istanbul.edu.tr\/wp-content\/uploads\/DSC0801.jpg'><img loading=\"lazy\" decoding=\"async\" width=\"150\" height=\"150\" src=\"\" class=\"attachment-thumbnail size-thumbnail lazyload\" alt=\"\" data-src=\"https:\/\/iletim.istanbul.edu.tr\/wp-content\/uploads\/DSC0801-150x150.jpg\" data-sizes=\"auto\" data-srcset=\"\" data-expand=\"700\" \/><\/a>\n                <\/div><\/figure><figure class='gallery-item'>\n                <div class='gallery-icon portrait'>\n                    <a href='https:\/\/iletim.istanbul.edu.tr\/wp-content\/uploads\/DSC0804.jpg'><img loading=\"lazy\" decoding=\"async\" width=\"150\" height=\"150\" src=\"\" class=\"attachment-thumbnail size-thumbnail lazyload\" alt=\"\" data-src=\"https:\/\/iletim.istanbul.edu.tr\/wp-content\/uploads\/DSC0804-150x150.jpg\" data-sizes=\"auto\" data-srcset=\"\" data-expand=\"700\" \/><\/a>\n                <\/div><\/figure><figure class='gallery-item'>\n                <div class='gallery-icon landscape'>\n                    <a href='https:\/\/iletim.istanbul.edu.tr\/wp-content\/uploads\/DSC0795.jpg'><img loading=\"lazy\" decoding=\"async\" width=\"150\" height=\"150\" src=\"\" class=\"attachment-thumbnail size-thumbnail lazyload\" alt=\"\" data-src=\"https:\/\/iletim.istanbul.edu.tr\/wp-content\/uploads\/DSC0795-150x150.jpg\" data-sizes=\"auto\" data-srcset=\"\" data-expand=\"700\" \/><\/a>\n                <\/div><\/figure><figure class='gallery-item'>\n                <div class='gallery-icon portrait'>\n                    <a href='https:\/\/iletim.istanbul.edu.tr\/wp-content\/uploads\/DSC0811.jpg'><img loading=\"lazy\" decoding=\"async\" width=\"150\" height=\"150\" src=\"\" class=\"attachment-thumbnail size-thumbnail lazyload\" alt=\"\" data-src=\"https:\/\/iletim.istanbul.edu.tr\/wp-content\/uploads\/DSC0811-150x150.jpg\" data-sizes=\"auto\" data-srcset=\"\" data-expand=\"700\" \/><\/a>\n                <\/div><\/figure><figure class='gallery-item'>\n                <div class='gallery-icon landscape'>\n                    <a href='https:\/\/iletim.istanbul.edu.tr\/wp-content\/uploads\/DSC0819-1.jpg'><img loading=\"lazy\" decoding=\"async\" width=\"150\" height=\"150\" src=\"\" class=\"attachment-thumbnail size-thumbnail lazyload\" alt=\"\" data-src=\"https:\/\/iletim.istanbul.edu.tr\/wp-content\/uploads\/DSC0819-1-150x150.jpg\" data-sizes=\"auto\" data-srcset=\"\" data-expand=\"700\" \/><\/a>\n                <\/div><\/figure><br style=\"clear: both\" \/>\n            <\/div>\n\n","protected":false},"excerpt":{"rendered":"<p>\u201cT\u00fcrk D\u00fcnyas\u0131 Belgesel Film Festivali\u201d kapsam\u0131nda d\u00fczenlenen \u201cK\u00fclt\u00fcr Ta\u015f\u0131y\u0131c\u0131s\u0131 Olarak Belgesel ve Sinema\u201d paneli, 5 Ekim\u2019de \u0130leti\u015fim Fak\u00fcltesi Konferans Salonu\u2019nda ger\u00e7ekle\u015ftirildi.<\/p>\n","protected":false},"author":14,"featured_media":6453,"comment_status":"open","ping_status":"open","sticky":false,"template":"","format":"standard","meta":{"jnews-multi-image_gallery":[],"jnews_single_post":[],"jnews_primary_category":[],"jnews_social_meta":[],"jnews_override_counter":[],"footnotes":""},"categories":[30],"tags":[],"class_list":["post-6452","post","type-post","status-publish","format-standard","has-post-thumbnail","hentry","category-kultur-sanat"],"_links":{"self":[{"href":"https:\/\/iletim.istanbul.edu.tr\/index.php\/wp-json\/wp\/v2\/posts\/6452","targetHints":{"allow":["GET"]}}],"collection":[{"href":"https:\/\/iletim.istanbul.edu.tr\/index.php\/wp-json\/wp\/v2\/posts"}],"about":[{"href":"https:\/\/iletim.istanbul.edu.tr\/index.php\/wp-json\/wp\/v2\/types\/post"}],"author":[{"embeddable":true,"href":"https:\/\/iletim.istanbul.edu.tr\/index.php\/wp-json\/wp\/v2\/users\/14"}],"replies":[{"embeddable":true,"href":"https:\/\/iletim.istanbul.edu.tr\/index.php\/wp-json\/wp\/v2\/comments?post=6452"}],"version-history":[{"count":0,"href":"https:\/\/iletim.istanbul.edu.tr\/index.php\/wp-json\/wp\/v2\/posts\/6452\/revisions"}],"wp:featuredmedia":[{"embeddable":true,"href":"https:\/\/iletim.istanbul.edu.tr\/index.php\/wp-json\/wp\/v2\/media\/6453"}],"wp:attachment":[{"href":"https:\/\/iletim.istanbul.edu.tr\/index.php\/wp-json\/wp\/v2\/media?parent=6452"}],"wp:term":[{"taxonomy":"category","embeddable":true,"href":"https:\/\/iletim.istanbul.edu.tr\/index.php\/wp-json\/wp\/v2\/categories?post=6452"},{"taxonomy":"post_tag","embeddable":true,"href":"https:\/\/iletim.istanbul.edu.tr\/index.php\/wp-json\/wp\/v2\/tags?post=6452"}],"curies":[{"name":"wp","href":"https:\/\/api.w.org\/{rel}","templated":true}]}}