{"id":6463,"date":"2018-10-08T16:57:03","date_gmt":"2018-10-08T13:57:03","guid":{"rendered":"https:\/\/iletim.istanbul.edu.tr\/?p=6463"},"modified":"2018-10-08T16:57:03","modified_gmt":"2018-10-08T13:57:03","slug":"iletisime-adanmis-40-yil-ali-saydam","status":"publish","type":"post","link":"https:\/\/iletim.istanbul.edu.tr\/index.php\/2018\/10\/08\/iletisime-adanmis-40-yil-ali-saydam\/","title":{"rendered":"\u0130leti\u015fime Adanm\u0131\u015f 40 Y\u0131l: Ali Saydam"},"content":{"rendered":"<p><strong>Emine \u00d6zge KONDAK\u00c7I, Eda F\u0130DAN<\/strong><br \/>\n<strong>Foto\u011fraf: H\u00fcseyin ESK\u0130N <\/strong><\/p>\n<p>\u0130stanbul \u00dcniversitesi \u0130leti\u015fim Fak\u00fcltesi taraf\u0131ndan \u0130leti\u015fim Duayeni Ali Saydam\u2019a mesleki ya\u015fam\u0131n\u0131n 40. y\u0131l\u0131 dolay\u0131s\u0131yla berat takdim edildi. \u0130stanbul \u00dcniversitesi \u0130leti\u015fim Fak\u00fcltesi Dekanl\u0131\u011f\u0131 taraf\u0131ndan d\u00fczenlenen t\u00f6rene Hazine ve Maliye Bakan\u0131 Berat Albayrak da kat\u0131ld\u0131.\u00a0\u201c\u0130leti\u015fime Adanm\u0131\u015f 40 Y\u0131l\u201d m\u00fcnasebetiyle Ali Saydam i\u00e7in d\u00fczenlenen \u2018Berat\u2019 takdim t\u00f6reni, 8 Ekim&#8217;de \u0130stanbul \u00dcniversitesi Rekt\u00f6rl\u00fck Binas\u0131 Mavi Salon\u2019da ger\u00e7ekle\u015ftirildi.<\/p>\n<p>\u0130stanbul \u00dcniversitesi Rekt\u00f6r\u00fc Prof. Dr. Mahmut Ak ve \u0130leti\u015fim Fak\u00fcltesi Dekan\u0131 Prof. Dr. Erg\u00fcn Yolcu\u2019nun a\u00e7\u0131l\u0131\u015f konu\u015fmas\u0131yla ba\u015flayan etkinlikte, Hazine ve Maliye Bakan\u0131 Berat Albayrak, Do\u011fu\u015f Yay\u0131n Grubu Y\u00f6netim Kurulu Ba\u015fkan\u0131 Aclan Acar, Christian Langer konu\u015fma yapt\u0131.<\/p>\n<p>A\u00e7\u0131l\u0131\u015f konu\u015fmas\u0131nda Ali Saydam\u2019\u0131n hayat\u0131 ve akademik \u00e7al\u0131\u015fmalar\u0131ndan s\u00f6z eden \u0130\u00dc \u0130leti\u015fim Fak\u00fcltesi Dekan\u0131 Prof. Dr. Erg\u00fcn Yolcu, \u201cAli Saydam ileti\u015fim alan\u0131ndaki bilgileri sadece yaz\u0131l\u0131 hale getirmekle yetinmedi. \u0130leti\u015fim sekt\u00f6r\u00fcnde \u00e7al\u0131\u015facak gen\u00e7lere bu bilgileri ula\u015ft\u0131rmak i\u00e7in, t\u00fcm i\u015f yo\u011funlu\u011funa ra\u011fmen \u00fcniversitelerde ders verdi. B\u00fcy\u00fck bir gururla s\u00f6yl\u00fcyorum ki; ilk olarak \u0130stanbul \u00dcniversitesi \u0130leti\u015fim Fak\u00fcltemizde lisans ve y\u00fcksek lisans s\u0131n\u0131flar\u0131na 10 y\u0131l s\u00fcresince dersler vermi\u015ftir. \u00c7ok say\u0131da \u00f6\u011frencimiz onun bilgilerini ve tecr\u00fcbelerini onun kendi a\u011fz\u0131ndan \u00f6\u011frenme \u015fans\u0131na sahip oldu. T\u00fcrkiye\u2019de halkla ili\u015fkiler mesle\u011fi denilince akla gelen ilk isimlerden birisini ve kendisini mesle\u011fine adam\u0131\u015f bir profesyoneli bizzat tan\u0131ma f\u0131rsat\u0131 buldular. \u0130\u015fte bug\u00fcn burada, \u00fclkemizin en k\u00f6kl\u00fc \u0130leti\u015fim Fak\u00fcltesi olarak, b\u00f6ylesi bir ileti\u015fim profesyoneline, akademi d\u00fcnyas\u0131na ve ileti\u015fim sekt\u00f6r\u00fcne \u00e7ok \u015fey katm\u0131\u015f bir de\u011ferli Usta\u2019ya, t\u00fcm bu \u00fcretti\u011fi de\u011feri takdir ve te\u015fekk\u00fcr etmek \u00fczere toplanm\u0131\u015f bulunuyoruz\u201d ifadelerine yer verdi.<\/p>\n<p>\u0130stanbul \u00dcniversitesi Rekt\u00f6r\u00fc Prof. Dr. Mahmut Ak konu\u015fmas\u0131nda \u00fcniversitelerin \u00fcretti\u011fi bilimsel \u00e7al\u0131\u015fmalar kadar, ayn\u0131 zamanda profesyonel hayattan ald\u0131\u011f\u0131 destekler, i\u015f d\u00fcnyas\u0131 ile kurdu\u011fu ba\u015far\u0131l\u0131 ili\u015fkiler ve k\u0131ymetli profesyonelleri b\u00fcnyesinde de\u011ferlendirebildi\u011fi kadar g\u00fc\u00e7l\u00fc ve etkili olabildi\u011finin alt\u0131n\u0131 \u00e7izerek \u015funlar\u0131 dile getirdi: \u201cBug\u00fcn d\u00fcnyan\u0131n b\u00fct\u00fcn k\u00f6kl\u00fc \u00fcniversiteleri, profesyonel d\u00fcnya ile kurdu\u011fu s\u00fcrd\u00fcr\u00fclebilir ili\u015fki ve bu d\u00fcnyadan al\u0131p s\u0131n\u0131flar\u0131nda \u00f6\u011frencileri ile bulu\u015fturdu\u011fu ki\u015filikler ya da i\u015f d\u00fcnyas\u0131 ile ortak yap\u0131lan ara\u015ft\u0131rmalar sayesinde \u00fcst s\u0131ralara t\u0131rmanmaktad\u0131r. Gerek \u0130leti\u015fim Fak\u00fcltemizde verdi\u011fi dersler ve yeti\u015ftirdi\u011fi \u00f6\u011frencilerle, gerekse ileti\u015fim sekt\u00f6r\u00fcn\u00fcn geli\u015fmesi y\u00f6n\u00fcnde yapt\u0131\u011f\u0131 \u00e7al\u0131\u015fmalarla \u0130leti\u015fime 40 y\u0131l\u0131n\u0131 adayan Ali Saydam\u2019a, bu katk\u0131lar\u0131n\u0131n kar\u015f\u0131l\u0131\u011f\u0131n\u0131 bir \u2018Berat\u2019 ile ta\u00e7land\u0131rmak \u00fczere buraday\u0131z.\u201d<\/p>\n<p>Ali Saydam\u2019\u0131n 40 y\u0131l aral\u0131ks\u0131z bir bi\u00e7imde ileti\u015fim alan\u0131 i\u00e7in de\u011ferli \u00e7al\u0131\u015fmalar yapt\u0131\u011f\u0131n\u0131 ifade eden Prof. Dr. Ak, \u201c\u0130nsan yeti\u015ftirdiniz, kitaplar yazd\u0131n\u0131z, konferanslar verdiniz, say\u0131s\u0131z makale \u00fcrettiniz. Biz \u00dcniversite olarak bilgi \u00fcreten ve insan yeti\u015ftiren herkesi, bir akademisyen kadar k\u0131ymetli kabul eder, b\u00f6ylesi bir \u00e7abay\u0131 ve eme\u011fi g\u00f6rmezden gelmeyiz. Bu nedenledir ki \u0130leti\u015fim Fak\u00fcltemiz bu eme\u011finizi bir \u2018Berat\u2019 ile k\u0131ymetlendirmeyi d\u00fc\u015f\u00fcnm\u00fc\u015ft\u00fcr\u201d \u015feklinde konu\u015ftu.<\/p>\n<p>A\u00e7\u0131l\u0131\u015f konu\u015fmalar\u0131n\u0131n ard\u0131ndan \u0130\u00dc Rekt\u00f6r\u00fc Prof. Dr. Mahmut Ak ve \u0130\u00dc \u0130leti\u015fim Fak\u00fcltesi Dekan\u0131 Prof. Dr. Erg\u00fcn Yolcu taraf\u0131ndan Ali Saydam\u2019a \u2018Berat\u2019 takdim edildi.<\/p>\n<p><strong>\u201cBu Yolda Sizlerle Beraber Y\u00fcr\u00fcd\u00fc\u011f\u00fcm \u0130\u00e7in \u00c7ok Mutluyum\u201d<\/strong><\/p>\n<p>Ard\u0131ndan k\u00fcrs\u00fcye gelen Ali Saydam duygular\u0131n\u0131 \u015fu \u015fekilde aktard\u0131: \u201c\u0130nsan b\u00fcy\u00fcd\u00fck\u00e7e \u00f6zge\u00e7mi\u015fi k\u0131sal\u0131r. Bizimki hala \u00e7ok uzun. O y\u00fczden gidilecek yol var zannediyorum. Bu yolda sizlerle beraber y\u00fcr\u00fcd\u00fc\u011f\u00fcm i\u00e7in \u00e7ok mutluyum. Hepinize tekrar \u015f\u00fckranlar\u0131m\u0131 sunuyorum.\u201d<\/p>\n<p><strong>\u201cAli Saydam T\u00fcrkiye Mozai\u011fini \u015eahs\u0131nda ve Hayat\u0131nda Bir Potada Eritmi\u015f \u00c7ok De\u011ferli Bir \u015eah\u0131s\u201d<\/strong><\/p>\n<p>Hazine ve Maliye Bakan\u0131 Berat Albayrak, t\u00f6rende yapt\u0131\u011f\u0131 konu\u015fmada, \u201cTarihi g\u00fcnlerden ge\u00e7iyoruz. T\u00fcrkiye mozai\u011fini \u015fahs\u0131nda ve hayat\u0131nda bir potada eritmi\u015f olan Ali Saydam bug\u00fcn \u00e7ok anlaml\u0131 bir hediye al\u0131yor. 40 y\u0131l, yani benim \u00f6mr\u00fcm kadar bu camiaya hizmet etmi\u015f bir ki\u015fi var burada. Tevazuyu elden b\u0131rakmadan, k\u0131sa ve \u00f6z konu\u015fmas\u0131 ile \u015fahs\u0131nda ileti\u015fimcilik nas\u0131l olur dersini verdi Ali Bey. \u0130leti\u015fimcilik neden \u00e7ok \u00f6nemli herhalde hepimiz fark\u0131nday\u0131z. Art\u0131k ge\u00e7ti\u011fimiz y\u00fczy\u0131l\u0131n kodlar\u0131 ge\u00e7erli de\u011fil. Yeni bir meydan okuma var ve ileti\u015fim hakikaten \u00e7ok \u00f6nemli. \u0130leti\u015fimcili\u011fin asli unsuru, akademik d\u00fcnyaya hizmet edip de insan yeti\u015ftirmek. Bilgi ne kadar payla\u015f\u0131l\u0131rsa, insan kayna\u011f\u0131 yeti\u015ftirilmesi noktas\u0131nda ne kadar enerji harcan\u0131rsa o kadar k\u00f6kleri sa\u011flam bir s\u00fcre\u00e7 ortaya konulur\u201d ifadelerini kulland\u0131.<\/p>\n<p>Bakan Albayrak konu\u015fmas\u0131na \u015fu \u015fekilde devam etti: \u201cBir\u00e7ok \u015firket ileti\u015fim stratejisini do\u011fru kurgulayamad\u0131\u011f\u0131 i\u00e7in, \u00fclkeler \u00e7ok ciddi itibar kayb\u0131 ya\u015f\u0131yorlar. Dolay\u0131s\u0131yla bu y\u00fczy\u0131lda ileti\u015fim alan\u0131nda \u00e7ok farkl\u0131 s\u0131namalarla kar\u015f\u0131 kar\u015f\u0131yay\u0131z. \u00d6zellikle bu yeni T\u00fcrkiye yolculu\u011funda hep haz\u0131r olmam\u0131z gerekiyor. Ben bu noktada yakla\u015f\u0131k 10 y\u0131ld\u0131r tan\u0131d\u0131\u011f\u0131m Ali Bey&#8217;in bulundu\u011fumuz her ortamda hep farkl\u0131 bir taraf\u0131n\u0131 yakalama \u015fans\u0131na eri\u015fti\u011fimi d\u00fc\u015f\u00fcn\u00fcyorum. Ak\u0131ll\u0131 olan akl\u0131n\u0131 kullan\u0131r, daha ak\u0131ll\u0131 olan herkesin akl\u0131n\u0131 kullan\u0131r. Ali Bey\u2019in \u015fahs\u0131nda ve ileti\u015fim d\u00fcnyas\u0131n\u0131n \u00f6zelinde bu yeni s\u00fcreci daha b\u00fcy\u00fck bir \u015fevk ve destekle y\u00f6netmesi gerekti\u011fini d\u00fc\u015f\u00fcn\u00fcyorum. Ali Bey\u2019e nice 40 y\u0131llar diliyorum. Kendisinin yeti\u015ftirdi\u011fi insan kayna\u011f\u0131 ile T\u00fcrkiye\u2019ye her anlamda olan katk\u0131lar\u0131 i\u00e7in te\u015fekk\u00fcr ediyorum.\u201d<\/p>\n<p>Konu\u015fmas\u0131n\u0131n ard\u0131ndan Hazine ve Maliye Bakan\u0131 Berat Albayrak\u2019a Prof. Dr. Mahmut Ak taraf\u0131ndan hediye takdim edildi.<\/p>\n<p>Yo\u011fun program\u0131 dolay\u0131s\u0131yla t\u00f6rene kat\u0131lamayan Cumhurba\u015fkanl\u0131\u011f\u0131 \u0130leti\u015fim Ba\u015fkan\u0131 Prof. Dr. Fahrettin Altun\u2019un mesaj\u0131, \u0130\u00dc \u0130leti\u015fim Fak\u00fcltesi Dekan\u0131 Prof. Dr. Erg\u00fcn Yolcu taraf\u0131ndan kat\u0131l\u0131mc\u0131larla payla\u015f\u0131ld\u0131.<\/p>\n<p><strong>\u201cAli Saydam Kamuda ve \u00d6zel Sekt\u00f6rde Bir\u00e7ok \u0130leti\u015fimciye \u00d6rnek Olmu\u015f, \u0130lham Vermi\u015ftir\u201d<\/strong><\/p>\n<p>Prof. Dr. Fahrettin Altun mesaj\u0131nda Ali Saydam\u2019a \u201c\u0130leti\u015fime Adanm\u0131\u015f 40 Y\u0131l\u201d m\u00fcnasebetiyle d\u00fczenlenen program\u0131n takdir edilmesi gerekti\u011fini belirterek, \u201cBu k\u0131ymetli t\u00f6ren nedeniyle \u00f6ncelikle Rekt\u00f6r\u00fcm\u00fcz Prof. Dr. Mahmut Ak ve \u0130leti\u015fim Fak\u00fcltemizin Dekan\u0131 Prof. Dr. Erg\u00fcn Yolcu\u2019ya te\u015fekk\u00fcrlerimi iletmek isterim. Bu t\u00f6rene konu\u015fmac\u0131 olarak davet edilmekten ayr\u0131ca onur duydum. B\u00fcy\u00fck bir mutlulukla kat\u0131lmay\u0131 planlad\u0131\u011f\u0131m t\u00f6rene Cumhurba\u015fkan\u0131m\u0131z Say\u0131n Recep Tayyip Erdo\u011fan ve heyetiyle birlikte yap\u0131lacak bir yurtd\u0131\u015f\u0131 seyahatine benim de kat\u0131lmam gerekti\u011finden, maalesef \u015fu an orada aran\u0131zda bulunam\u0131yorum. Bug\u00fcn \u00fclkemizin en k\u00f6kl\u00fc \u00fcniversitesi olma \u00f6zelli\u011fini ta\u015f\u0131yan ve kendimi her daim bir mensubu olarak g\u00f6rd\u00fc\u011f\u00fcm \u0130stanbul \u00dcniversitesi taraf\u0131ndan Ali Saydam\u2019a de\u011fer g\u00f6r\u00fclen Berat, \u00fclkemize ileti\u015fim alan\u0131nda b\u00fcy\u00fck katk\u0131lar sa\u011flam\u0131\u015f, \u00f6nemli \u00e7al\u0131\u015fmalar \u00fcretmi\u015f, daima akl\u0131selimden yana olan \u00e7ok de\u011ferli bir ileti\u015fimcinin, 40 y\u0131ll\u0131k yetkinli\u011finin en \u00fcst d\u00fczeyden takdir edilmesi anlam\u0131n\u0131 ta\u015f\u0131maktad\u0131r. Ali Saydam, gerek kamuda gerekse \u00f6zel sekt\u00f6rde bir\u00e7ok ileti\u015fimciye \u00f6rnek olmu\u015f, ilham vermi\u015ftir. \u0130nan\u0131yorum ki, bundan sonra da t\u00fcm ileti\u015fimciler i\u00e7in bir m\u00fcnevver ileti\u015fimci olarak \u00f6rnek ve \u00f6nc\u00fc olmaya devam edecektir\u201d ifadelerine yer verdi.<\/p>\n<p><strong>\u201cStratejik \u0130leti\u015fim T\u00fcm Sekt\u00f6rler \u0130\u00e7in Yeni Yakla\u015f\u0131mlar Getirdi\u201d<\/strong><\/p>\n<p>Do\u011fu\u015f Yay\u0131n Grubu Y\u00f6netim Kurulu Ba\u015fkan\u0131 Aclan Acar, Ali Saydam\u2019\u0131n ileti\u015fim alan\u0131nda ger\u00e7ekle\u015ftirdi\u011fi \u00e7al\u0131\u015fmalar\u0131n k\u0131lavuz oldu\u011funu alt\u0131n\u0131 \u00e7izerek, \u201c\u0130leti\u015fim sekt\u00f6r\u00fcn\u00fcn duayeni Ali Saydam ve de\u011ferli ekibi 40 y\u0131ll\u0131k s\u00fcre\u00e7te \u00e7ok \u00f6nemli i\u015flere imza att\u0131lar. Yak\u0131ndan bilindi\u011fi \u00fczere, d\u00fcnya co\u011frafyalar\u0131 siyasal, sosyal ve ekonomik d\u00f6n\u00fc\u015f\u00fcme \u015fahit olurken, ileti\u015fim sekt\u00f6r\u00fc daha da geli\u015fti ve birey kavram\u0131 \u00f6n plana \u00e7\u0131kt\u0131. Tabii s\u00f6z konusu bu s\u00fcre\u00e7te, stratejik ileti\u015fim t\u00fcm sekt\u00f6rler i\u00e7in yeni yakla\u015f\u0131mlar getirdi. Say\u0131n Saydam\u2019\u0131n 40 y\u0131ll\u0131k birikim, emek ve sekt\u00f6re adanm\u0131\u015fl\u0131\u011f\u0131 ile yapt\u0131\u011f\u0131 ba\u015far\u0131l\u0131 \u00e7al\u0131\u015fmalar \u015firketlere k\u0131lavuz olurken, sekt\u00f6re insan kayna\u011f\u0131 kazand\u0131rmas\u0131 y\u00f6n\u00fcyle de b\u00fcy\u00fck de\u011fer ta\u015f\u0131yor. \u00dclkemizde b\u00f6ylesine ba\u015far\u0131lar\u0131n \u00f6d\u00fcllendirilmesi \u00e7ok anlaml\u0131. T\u00fcrkiye\u2019nin en k\u00f6kl\u00fc \u00fcniversitelerinden \u0130stanbul \u00dcniversitesi\u2019nin yapt\u0131\u011f\u0131 ev sahipli\u011fini \u00e7ok de\u011ferli buluyorum. Say\u0131n Saydam\u2019a nice 40 y\u0131llar diliyorum\u201d dedi.<\/p>\n<p>Synchronis \u0130leti\u015fim Ajans Ba\u015fkan\u0131 Christian Langer ise, \u201c\u00dclkenizdeki ya\u015fam \u015fekline, T\u00fcrkiye\u2019nin g\u00fczel yemeklerine, m\u00fczi\u011fine ve k\u00fclt\u00fcr\u00fcne ve hepsinden de \u00f6te Ali Saydam\u2019a olan hayranl\u0131\u011f\u0131m hi\u00e7bir zaman de\u011fi\u015fmeyecek. Karde\u015f olduk. \u0130leti\u015fim, futbol, finans, giri\u015fimcilik her zaman derin sohbetlerimizin konusu oldu. Anla\u015fmazl\u0131klar\u0131m\u0131z da oldu, ama T\u00fcrkiye ve Almanya her zaman bizim gibi iyi birer ortak oldular\u201d s\u00f6zleri ile Ali Saydam\u2019a olan sayg\u0131 ve hayranl\u0131\u011f\u0131n\u0131 dile getirdi.<\/p>\n<p>Etkinlikte ger\u00e7ekle\u015ftirilen \u201cT\u00fcm Antipropagandaya Ra\u011fmen T\u00fcrkiye \u0130\u00e7in Kamu Diplomasisi\u201d panelinde Prof.Dr. Ali Murat Vural moderat\u00f6rl\u00fc\u011f\u00fcnde\u00a0Gazeteci Avni \u00d6zg\u00fcrel, \u00dcsk\u00fcdar \u00dcniversitesi \u00d6\u011fretim \u00dcyesi Prof. Dr. Deniz \u00dclke Ar\u0131bo\u011fan ve Maltepe \u00dcniversitesi \u00d6\u011fretim \u00dcyesi Prof. Dr. S\u00fcleyman Seyfi \u00d6\u011f\u00fcn kat\u0131l\u0131mc\u0131 olarak yer ald\u0131.<\/p>\n<div id='gallery_1' class='gallery galleryid-6463 gallery-columns-5 gallery-size-large'><figure class='gallery-item'>\n                <div class='gallery-icon landscape'>\n                    <a href='https:\/\/iletim.istanbul.edu.tr\/wp-content\/uploads\/DSC0835.jpg'><img loading=\"lazy\" decoding=\"async\" width=\"1024\" height=\"683\" src=\"\" class=\"attachment-large size-large lazyload\" alt=\"\" data-src=\"https:\/\/iletim.istanbul.edu.tr\/wp-content\/uploads\/DSC0835-1024x683.jpg\" data-sizes=\"auto\" data-srcset=\"https:\/\/iletim.istanbul.edu.tr\/wp-content\/uploads\/DSC0835-1024x683.jpg 1024w, https:\/\/iletim.istanbul.edu.tr\/wp-content\/uploads\/DSC0835-300x200.jpg 300w, https:\/\/iletim.istanbul.edu.tr\/wp-content\/uploads\/DSC0835-768x512.jpg 768w\" data-expand=\"700\" \/><\/a>\n                <\/div><\/figure><figure class='gallery-item'>\n                <div class='gallery-icon landscape'>\n                    <a href='https:\/\/iletim.istanbul.edu.tr\/wp-content\/uploads\/DSC0874.jpg'><img loading=\"lazy\" decoding=\"async\" width=\"1024\" height=\"683\" src=\"\" class=\"attachment-large size-large lazyload\" alt=\"\" data-src=\"https:\/\/iletim.istanbul.edu.tr\/wp-content\/uploads\/DSC0874-1024x683.jpg\" data-sizes=\"auto\" data-srcset=\"https:\/\/iletim.istanbul.edu.tr\/wp-content\/uploads\/DSC0874-1024x683.jpg 1024w, https:\/\/iletim.istanbul.edu.tr\/wp-content\/uploads\/DSC0874-300x200.jpg 300w, https:\/\/iletim.istanbul.edu.tr\/wp-content\/uploads\/DSC0874-768x512.jpg 768w\" data-expand=\"700\" \/><\/a>\n                <\/div><\/figure><figure class='gallery-item'>\n                <div class='gallery-icon landscape'>\n                    <a href='https:\/\/iletim.istanbul.edu.tr\/wp-content\/uploads\/DSC0878.jpg'><img loading=\"lazy\" decoding=\"async\" width=\"1024\" height=\"683\" src=\"\" class=\"attachment-large size-large lazyload\" alt=\"\" data-src=\"https:\/\/iletim.istanbul.edu.tr\/wp-content\/uploads\/DSC0878-1024x683.jpg\" data-sizes=\"auto\" data-srcset=\"https:\/\/iletim.istanbul.edu.tr\/wp-content\/uploads\/DSC0878-1024x683.jpg 1024w, https:\/\/iletim.istanbul.edu.tr\/wp-content\/uploads\/DSC0878-300x200.jpg 300w, https:\/\/iletim.istanbul.edu.tr\/wp-content\/uploads\/DSC0878-768x512.jpg 768w\" data-expand=\"700\" \/><\/a>\n                <\/div><\/figure><figure class='gallery-item'>\n                <div class='gallery-icon landscape'>\n                    <a href='https:\/\/iletim.istanbul.edu.tr\/wp-content\/uploads\/DSC0884.jpg'><img loading=\"lazy\" decoding=\"async\" width=\"1024\" height=\"683\" src=\"\" class=\"attachment-large size-large lazyload\" alt=\"\" data-src=\"https:\/\/iletim.istanbul.edu.tr\/wp-content\/uploads\/DSC0884-1024x683.jpg\" data-sizes=\"auto\" data-srcset=\"https:\/\/iletim.istanbul.edu.tr\/wp-content\/uploads\/DSC0884-1024x683.jpg 1024w, https:\/\/iletim.istanbul.edu.tr\/wp-content\/uploads\/DSC0884-300x200.jpg 300w, https:\/\/iletim.istanbul.edu.tr\/wp-content\/uploads\/DSC0884-768x512.jpg 768w\" data-expand=\"700\" \/><\/a>\n                <\/div><\/figure><figure class='gallery-item'>\n                <div class='gallery-icon landscape'>\n                    <a href='https:\/\/iletim.istanbul.edu.tr\/wp-content\/uploads\/DSC0893.jpg'><img loading=\"lazy\" decoding=\"async\" width=\"1024\" height=\"683\" src=\"\" class=\"attachment-large size-large lazyload\" alt=\"\" data-src=\"https:\/\/iletim.istanbul.edu.tr\/wp-content\/uploads\/DSC0893-1024x683.jpg\" data-sizes=\"auto\" data-srcset=\"https:\/\/iletim.istanbul.edu.tr\/wp-content\/uploads\/DSC0893-1024x683.jpg 1024w, https:\/\/iletim.istanbul.edu.tr\/wp-content\/uploads\/DSC0893-300x200.jpg 300w, https:\/\/iletim.istanbul.edu.tr\/wp-content\/uploads\/DSC0893-768x512.jpg 768w\" data-expand=\"700\" \/><\/a>\n                <\/div><\/figure><br style=\"clear: both\" \/><figure class='gallery-item'>\n                <div class='gallery-icon landscape'>\n                    <a href='https:\/\/iletim.istanbul.edu.tr\/wp-content\/uploads\/DSC0905-1.jpg'><img loading=\"lazy\" decoding=\"async\" width=\"1024\" height=\"683\" src=\"\" class=\"attachment-large size-large lazyload\" alt=\"\" data-src=\"https:\/\/iletim.istanbul.edu.tr\/wp-content\/uploads\/DSC0905-1-1024x683.jpg\" data-sizes=\"auto\" data-srcset=\"https:\/\/iletim.istanbul.edu.tr\/wp-content\/uploads\/DSC0905-1-1024x683.jpg 1024w, https:\/\/iletim.istanbul.edu.tr\/wp-content\/uploads\/DSC0905-1-300x200.jpg 300w, https:\/\/iletim.istanbul.edu.tr\/wp-content\/uploads\/DSC0905-1-768x512.jpg 768w\" data-expand=\"700\" \/><\/a>\n                <\/div><\/figure><figure class='gallery-item'>\n                <div class='gallery-icon landscape'>\n                    <a href='https:\/\/iletim.istanbul.edu.tr\/wp-content\/uploads\/DSC0908.jpg'><img loading=\"lazy\" decoding=\"async\" width=\"1024\" height=\"683\" src=\"\" class=\"attachment-large size-large lazyload\" alt=\"\" data-src=\"https:\/\/iletim.istanbul.edu.tr\/wp-content\/uploads\/DSC0908-1024x683.jpg\" data-sizes=\"auto\" data-srcset=\"https:\/\/iletim.istanbul.edu.tr\/wp-content\/uploads\/DSC0908-1024x683.jpg 1024w, https:\/\/iletim.istanbul.edu.tr\/wp-content\/uploads\/DSC0908-300x200.jpg 300w, https:\/\/iletim.istanbul.edu.tr\/wp-content\/uploads\/DSC0908-768x512.jpg 768w\" data-expand=\"700\" \/><\/a>\n                <\/div><\/figure><figure class='gallery-item'>\n                <div class='gallery-icon landscape'>\n                    <a href='https:\/\/iletim.istanbul.edu.tr\/wp-content\/uploads\/DSC0918.jpg'><img loading=\"lazy\" decoding=\"async\" width=\"1024\" height=\"683\" src=\"\" class=\"attachment-large size-large lazyload\" alt=\"\" data-src=\"https:\/\/iletim.istanbul.edu.tr\/wp-content\/uploads\/DSC0918-1024x683.jpg\" data-sizes=\"auto\" data-srcset=\"https:\/\/iletim.istanbul.edu.tr\/wp-content\/uploads\/DSC0918-1024x683.jpg 1024w, https:\/\/iletim.istanbul.edu.tr\/wp-content\/uploads\/DSC0918-300x200.jpg 300w, https:\/\/iletim.istanbul.edu.tr\/wp-content\/uploads\/DSC0918-768x512.jpg 768w\" data-expand=\"700\" \/><\/a>\n                <\/div><\/figure><figure class='gallery-item'>\n                <div class='gallery-icon landscape'>\n                    <a href='https:\/\/iletim.istanbul.edu.tr\/wp-content\/uploads\/DSC0926.jpg'><img loading=\"lazy\" decoding=\"async\" width=\"1024\" height=\"683\" src=\"\" class=\"attachment-large size-large lazyload\" alt=\"\" data-src=\"https:\/\/iletim.istanbul.edu.tr\/wp-content\/uploads\/DSC0926-1024x683.jpg\" data-sizes=\"auto\" data-srcset=\"https:\/\/iletim.istanbul.edu.tr\/wp-content\/uploads\/DSC0926-1024x683.jpg 1024w, https:\/\/iletim.istanbul.edu.tr\/wp-content\/uploads\/DSC0926-300x200.jpg 300w, https:\/\/iletim.istanbul.edu.tr\/wp-content\/uploads\/DSC0926-768x512.jpg 768w\" data-expand=\"700\" \/><\/a>\n                <\/div><\/figure><figure class='gallery-item'>\n                <div class='gallery-icon landscape'>\n                    <a href='https:\/\/iletim.istanbul.edu.tr\/wp-content\/uploads\/DSC0932.jpg'><img loading=\"lazy\" decoding=\"async\" width=\"1024\" height=\"683\" src=\"\" class=\"attachment-large size-large lazyload\" alt=\"\" data-src=\"https:\/\/iletim.istanbul.edu.tr\/wp-content\/uploads\/DSC0932-1024x683.jpg\" data-sizes=\"auto\" data-srcset=\"https:\/\/iletim.istanbul.edu.tr\/wp-content\/uploads\/DSC0932-1024x683.jpg 1024w, https:\/\/iletim.istanbul.edu.tr\/wp-content\/uploads\/DSC0932-300x200.jpg 300w, https:\/\/iletim.istanbul.edu.tr\/wp-content\/uploads\/DSC0932-768x512.jpg 768w\" data-expand=\"700\" \/><\/a>\n                <\/div><\/figure><br style=\"clear: both\" \/><figure class='gallery-item'>\n                <div class='gallery-icon landscape'>\n                    <a href='https:\/\/iletim.istanbul.edu.tr\/wp-content\/uploads\/DSC0937.jpg'><img loading=\"lazy\" decoding=\"async\" width=\"1024\" height=\"683\" src=\"\" class=\"attachment-large size-large lazyload\" alt=\"\" data-src=\"https:\/\/iletim.istanbul.edu.tr\/wp-content\/uploads\/DSC0937-1024x683.jpg\" data-sizes=\"auto\" data-srcset=\"https:\/\/iletim.istanbul.edu.tr\/wp-content\/uploads\/DSC0937-1024x683.jpg 1024w, https:\/\/iletim.istanbul.edu.tr\/wp-content\/uploads\/DSC0937-300x200.jpg 300w, https:\/\/iletim.istanbul.edu.tr\/wp-content\/uploads\/DSC0937-768x512.jpg 768w\" data-expand=\"700\" \/><\/a>\n                <\/div><\/figure><figure class='gallery-item'>\n                <div class='gallery-icon landscape'>\n                    <a href='https:\/\/iletim.istanbul.edu.tr\/wp-content\/uploads\/DSC0941.jpg'><img loading=\"lazy\" decoding=\"async\" width=\"1024\" height=\"683\" src=\"\" class=\"attachment-large size-large lazyload\" alt=\"\" data-src=\"https:\/\/iletim.istanbul.edu.tr\/wp-content\/uploads\/DSC0941-1024x683.jpg\" data-sizes=\"auto\" data-srcset=\"https:\/\/iletim.istanbul.edu.tr\/wp-content\/uploads\/DSC0941-1024x683.jpg 1024w, https:\/\/iletim.istanbul.edu.tr\/wp-content\/uploads\/DSC0941-300x200.jpg 300w, https:\/\/iletim.istanbul.edu.tr\/wp-content\/uploads\/DSC0941-768x512.jpg 768w\" data-expand=\"700\" \/><\/a>\n                <\/div><\/figure><figure class='gallery-item'>\n                <div class='gallery-icon landscape'>\n                    <a href='https:\/\/iletim.istanbul.edu.tr\/wp-content\/uploads\/DSC0956.jpg'><img loading=\"lazy\" decoding=\"async\" width=\"1024\" height=\"683\" src=\"\" class=\"attachment-large size-large lazyload\" alt=\"\" data-src=\"https:\/\/iletim.istanbul.edu.tr\/wp-content\/uploads\/DSC0956-1024x683.jpg\" data-sizes=\"auto\" data-srcset=\"https:\/\/iletim.istanbul.edu.tr\/wp-content\/uploads\/DSC0956-1024x683.jpg 1024w, https:\/\/iletim.istanbul.edu.tr\/wp-content\/uploads\/DSC0956-300x200.jpg 300w, https:\/\/iletim.istanbul.edu.tr\/wp-content\/uploads\/DSC0956-768x512.jpg 768w\" data-expand=\"700\" \/><\/a>\n                <\/div><\/figure><figure class='gallery-item'>\n                <div class='gallery-icon landscape'>\n                    <a href='https:\/\/iletim.istanbul.edu.tr\/wp-content\/uploads\/DSC0962.jpg'><img loading=\"lazy\" decoding=\"async\" width=\"1024\" height=\"683\" src=\"\" class=\"attachment-large size-large lazyload\" alt=\"\" data-src=\"https:\/\/iletim.istanbul.edu.tr\/wp-content\/uploads\/DSC0962-1024x683.jpg\" data-sizes=\"auto\" data-srcset=\"https:\/\/iletim.istanbul.edu.tr\/wp-content\/uploads\/DSC0962-1024x683.jpg 1024w, https:\/\/iletim.istanbul.edu.tr\/wp-content\/uploads\/DSC0962-300x200.jpg 300w, https:\/\/iletim.istanbul.edu.tr\/wp-content\/uploads\/DSC0962-768x512.jpg 768w\" data-expand=\"700\" \/><\/a>\n                <\/div><\/figure><figure class='gallery-item'>\n                <div class='gallery-icon landscape'>\n                    <a href='https:\/\/iletim.istanbul.edu.tr\/wp-content\/uploads\/DSC0973.jpg'><img loading=\"lazy\" decoding=\"async\" width=\"1024\" height=\"683\" src=\"\" class=\"attachment-large size-large lazyload\" alt=\"\" data-src=\"https:\/\/iletim.istanbul.edu.tr\/wp-content\/uploads\/DSC0973-1024x683.jpg\" data-sizes=\"auto\" data-srcset=\"https:\/\/iletim.istanbul.edu.tr\/wp-content\/uploads\/DSC0973-1024x683.jpg 1024w, https:\/\/iletim.istanbul.edu.tr\/wp-content\/uploads\/DSC0973-300x200.jpg 300w, https:\/\/iletim.istanbul.edu.tr\/wp-content\/uploads\/DSC0973-768x512.jpg 768w\" data-expand=\"700\" \/><\/a>\n                <\/div><\/figure><br style=\"clear: both\" \/><figure class='gallery-item'>\n                <div class='gallery-icon landscape'>\n                    <a href='https:\/\/iletim.istanbul.edu.tr\/wp-content\/uploads\/DSC0985.jpg'><img loading=\"lazy\" decoding=\"async\" width=\"1024\" height=\"683\" src=\"\" class=\"attachment-large size-large lazyload\" alt=\"\" data-src=\"https:\/\/iletim.istanbul.edu.tr\/wp-content\/uploads\/DSC0985-1024x683.jpg\" data-sizes=\"auto\" data-srcset=\"https:\/\/iletim.istanbul.edu.tr\/wp-content\/uploads\/DSC0985-1024x683.jpg 1024w, https:\/\/iletim.istanbul.edu.tr\/wp-content\/uploads\/DSC0985-300x200.jpg 300w, https:\/\/iletim.istanbul.edu.tr\/wp-content\/uploads\/DSC0985-768x512.jpg 768w\" data-expand=\"700\" \/><\/a>\n                <\/div><\/figure><figure class='gallery-item'>\n                <div class='gallery-icon landscape'>\n                    <a href='https:\/\/iletim.istanbul.edu.tr\/wp-content\/uploads\/DSC0992.jpg'><img loading=\"lazy\" decoding=\"async\" width=\"1024\" height=\"683\" src=\"\" class=\"attachment-large size-large lazyload\" alt=\"\" data-src=\"https:\/\/iletim.istanbul.edu.tr\/wp-content\/uploads\/DSC0992-1024x683.jpg\" data-sizes=\"auto\" data-srcset=\"https:\/\/iletim.istanbul.edu.tr\/wp-content\/uploads\/DSC0992-1024x683.jpg 1024w, https:\/\/iletim.istanbul.edu.tr\/wp-content\/uploads\/DSC0992-300x200.jpg 300w, https:\/\/iletim.istanbul.edu.tr\/wp-content\/uploads\/DSC0992-768x512.jpg 768w\" data-expand=\"700\" \/><\/a>\n                <\/div><\/figure>\n                <br style='clear: both' \/>\n            <\/div>\n\n","protected":false},"excerpt":{"rendered":"<p>\u0130stanbul \u00dcniversitesi \u0130leti\u015fim Fak\u00fcltesi taraf\u0131ndan \u0130leti\u015fim Duayeni Ali Saydam\u2019a mesleki ya\u015fam\u0131n\u0131n 40. y\u0131l\u0131 dolay\u0131s\u0131yla berat takdim edildi. \u0130stanbul \u00dcniversitesi \u0130leti\u015fim Fak\u00fcltesi Dekanl\u0131\u011f\u0131 taraf\u0131ndan d\u00fczenlenen t\u00f6rene Hazine ve Maliye Bakan\u0131 Berat Albayrak da kat\u0131ld\u0131.\u00a0\u201c\u0130leti\u015fime Adanm\u0131\u015f 40 Y\u0131l\u201d m\u00fcnasebetiyle Ali Saydam i\u00e7in d\u00fczenlenen \u2018Berat\u2019 takdim t\u00f6reni, 8 Ekim&#8217;de \u0130stanbul \u00dcniversitesi Rekt\u00f6rl\u00fck Binas\u0131 Mavi Salon\u2019da ger\u00e7ekle\u015ftirildi.<\/p>\n","protected":false},"author":14,"featured_media":6482,"comment_status":"open","ping_status":"open","sticky":false,"template":"","format":"standard","meta":{"jnews-multi-image_gallery":[],"jnews_single_post":[],"jnews_primary_category":[],"jnews_social_meta":[],"jnews_override_counter":[],"footnotes":""},"categories":[1],"tags":[],"class_list":["post-6463","post","type-post","status-publish","format-standard","has-post-thumbnail","hentry","category-genel"],"_links":{"self":[{"href":"https:\/\/iletim.istanbul.edu.tr\/index.php\/wp-json\/wp\/v2\/posts\/6463","targetHints":{"allow":["GET"]}}],"collection":[{"href":"https:\/\/iletim.istanbul.edu.tr\/index.php\/wp-json\/wp\/v2\/posts"}],"about":[{"href":"https:\/\/iletim.istanbul.edu.tr\/index.php\/wp-json\/wp\/v2\/types\/post"}],"author":[{"embeddable":true,"href":"https:\/\/iletim.istanbul.edu.tr\/index.php\/wp-json\/wp\/v2\/users\/14"}],"replies":[{"embeddable":true,"href":"https:\/\/iletim.istanbul.edu.tr\/index.php\/wp-json\/wp\/v2\/comments?post=6463"}],"version-history":[{"count":0,"href":"https:\/\/iletim.istanbul.edu.tr\/index.php\/wp-json\/wp\/v2\/posts\/6463\/revisions"}],"wp:featuredmedia":[{"embeddable":true,"href":"https:\/\/iletim.istanbul.edu.tr\/index.php\/wp-json\/wp\/v2\/media\/6482"}],"wp:attachment":[{"href":"https:\/\/iletim.istanbul.edu.tr\/index.php\/wp-json\/wp\/v2\/media?parent=6463"}],"wp:term":[{"taxonomy":"category","embeddable":true,"href":"https:\/\/iletim.istanbul.edu.tr\/index.php\/wp-json\/wp\/v2\/categories?post=6463"},{"taxonomy":"post_tag","embeddable":true,"href":"https:\/\/iletim.istanbul.edu.tr\/index.php\/wp-json\/wp\/v2\/tags?post=6463"}],"curies":[{"name":"wp","href":"https:\/\/api.w.org\/{rel}","templated":true}]}}